{"id":221092,"date":"2023-04-25T21:31:00","date_gmt":"2023-04-26T02:31:00","guid":{"rendered":"http:\/\/vertienteglobal.com\/?p=221092"},"modified":"2023-04-26T13:08:34","modified_gmt":"2023-04-26T18:08:34","slug":"aprueba-xvii-legislatura-y-reformas-al-codigo-civil-en-materia-familiar","status":"publish","type":"post","link":"http:\/\/vertienteglobal.com\/?p=221092","title":{"rendered":"Aprueba XVII Legislatura y reformas al C\u00f3digo Civil en materia familiar"},"content":{"rendered":"\n<div class=\"twitterbutton\" style=\"float: right; padding-left: 5px;\"><a href=\"http:\/\/twitter.com\/share\" class=\"twitter-share-button\" data-count=\"horizontal\" data-text=\"Aprueba XVII Legislatura y reformas al C\u00f3digo Civil en materia familiar\" data-via=\"https:\/\/twitter.com\/VertienteGloba1\" data-url=\"http:\/\/vertienteglobal.com\/?p=221092\" data-lang=\"es\" data-related=\"Informaci\u00f3n general:S\u00edguenos para que est\u00e9ss informado\"><\/a><\/div>\n<figure class=\"wp-block-image size-full\"><img loading=\"lazy\" decoding=\"async\" width=\"720\" height=\"480\" src=\"http:\/\/vertienteglobal.com\/wp-content\/uploads\/2023\/04\/FB_IMG_1682526239840.jpg\" alt=\"\" class=\"wp-image-221093\" srcset=\"http:\/\/vertienteglobal.com\/wp-content\/uploads\/2023\/04\/FB_IMG_1682526239840.jpg 720w, http:\/\/vertienteglobal.com\/wp-content\/uploads\/2023\/04\/FB_IMG_1682526239840-300x200.jpg 300w, http:\/\/vertienteglobal.com\/wp-content\/uploads\/2023\/04\/FB_IMG_1682526239840-150x100.jpg 150w\" sizes=\"auto, (max-width: 720px) 100vw, 720px\" \/><\/figure>\n\n\n\n<p>(Redacci\u00f3n)<\/p>\n\n\n\n<p>Esta actualizaci\u00f3n coloca a Quintana Roo a la vanguardia en materia de derecho progresivo.<\/p>\n\n\n\n<p>Se aprueban tambi\u00e9n reformas en materia de salud con perspectiva de g\u00e9nero, bienestar animal y en materia municipal.<\/p>\n\n\n\n<p>Chetumal, Quintana Roo 25 de abril 2023. &#8211; La XVII Legislatura del Estado de Quintana Roo aprob\u00f3 reformas al C\u00f3digo Civil en materia de derecho familiar, las cuales recogen el desarrollo progresivo de los derechos humanos en torno a las nuevas formas de familia, se actualizan conceptos al lenguaje neutro y contempla disposiciones que buscan dotar de una mayor protecci\u00f3n a las ni\u00f1as, ni\u00f1os y adolescentes.<\/p>\n\n\n\n<p>En la sesi\u00f3n ordinaria n\u00famero 21, presidida por la diputada Mildred \u00c1vila Vera, se aprob\u00f3 el dictamen con proyecto de decreto por el que se reforman y adicionan diversas disposiciones del C\u00f3digo Civil para el Estado de Quintana Roo, en materia de Derecho de Familia.<\/p>\n\n\n\n<p>El presidente de la Junta de Gobierno y Coordinaci\u00f3n Pol\u00edtica, el diputado Ren\u00e1n S\u00e1nchez Tajonar consider\u00f3 de gran relevancia las reformas aprobadas, pues con ellas se busca garantizar y proteger los derechos de la ni\u00f1ez.<\/p>\n\n\n\n<p>Con las reformas se busca velar por la m\u00e1s amplia protecci\u00f3n de las ni\u00f1as, ni\u00f1os y adolescentes en algunos elementos del C\u00f3digo Civil como el concepto de alimentos, el cual atiende a la realidad de las situaciones que se presentan en la vida diaria como son los gastos m\u00e9dicos antes, durante y despu\u00e9s de una enfermedad, o aquellos gastos para personas con discapacidad.<\/p>\n\n\n\n<p>En la misma sesi\u00f3n, se aprobaron reformas a la Ley de Salud del Estado de Quintana Roo; con las que se busca incorporar la perspectiva de g\u00e9nero y de derechos humanos en los programas de salud seg\u00fan el sexo y g\u00e9nero de la persona, y fomentar las actividades de capacitaci\u00f3n y sensibilizaci\u00f3n de las personas de salud en estas perspectivas.<\/p>\n\n\n\n<p>Por otra parte, se aprobaron reformas a la Ley de los Municipios para que se puedan implementar sesiones virtuales en caso de contingencias y emergencias sanitarias declaradas por las autoridades competentes, o aquellas que deriven de fen\u00f3menos climatol\u00f3gicos, meteorol\u00f3gicos o ambientales, declaradas por las autoridades de protecci\u00f3n civil competentes.<\/p>\n\n\n\n<p>Tambi\u00e9n para facultar a las comisiones de un ayuntamiento para solicitar por escrito a las personas servidoras p\u00fablicas de la administraci\u00f3n municipal, la informaci\u00f3n que requieran para el despacho de los asuntos de su conocimiento o bien para llamarlos a comparecer para que informe, cuando as\u00ed se requiera, sobre el estado que guardan los asuntos de su competencia.<\/p>\n\n\n\n<p>En materia de bienestar animal, se aprobaron reformas a la Ley de Protecci\u00f3n y Bienestar Animal del Estado de Quintana Roo; respecto a la integraci\u00f3n del Consejo Consultivo Ciudadano Municipal para la Atenci\u00f3n y Bienestar Animal.<\/p>\n\n\n\n<p>Respecto a las iniciativas presentadas, se dio lectura y se turn\u00f3 a comisiones para su an\u00e1lisis, a una propuesta de la bancada verde que plantea contemplar como requisitos al ocupar un cargo p\u00fablico, el no tener antecedentes penales por violencia de g\u00e9nero o delitos sexuales, adem\u00e1s de no ser deudor alimentario.<\/p>\n\n\n\n<figure class=\"wp-block-image size-full\"><img loading=\"lazy\" decoding=\"async\" width=\"720\" height=\"480\" src=\"http:\/\/vertienteglobal.com\/wp-content\/uploads\/2023\/04\/FB_IMG_1682526251287.jpg\" alt=\"\" class=\"wp-image-221094\" srcset=\"http:\/\/vertienteglobal.com\/wp-content\/uploads\/2023\/04\/FB_IMG_1682526251287.jpg 720w, http:\/\/vertienteglobal.com\/wp-content\/uploads\/2023\/04\/FB_IMG_1682526251287-300x200.jpg 300w, http:\/\/vertienteglobal.com\/wp-content\/uploads\/2023\/04\/FB_IMG_1682526251287-150x100.jpg 150w\" sizes=\"auto, (max-width: 720px) 100vw, 720px\" \/><\/figure>\n\n\n\n<figure class=\"wp-block-image size-full\"><img loading=\"lazy\" decoding=\"async\" width=\"720\" height=\"480\" src=\"http:\/\/vertienteglobal.com\/wp-content\/uploads\/2023\/04\/FB_IMG_1682526245173.jpg\" alt=\"\" class=\"wp-image-221095\" srcset=\"http:\/\/vertienteglobal.com\/wp-content\/uploads\/2023\/04\/FB_IMG_1682526245173.jpg 720w, http:\/\/vertienteglobal.com\/wp-content\/uploads\/2023\/04\/FB_IMG_1682526245173-300x200.jpg 300w, http:\/\/vertienteglobal.com\/wp-content\/uploads\/2023\/04\/FB_IMG_1682526245173-150x100.jpg 150w\" sizes=\"auto, (max-width: 720px) 100vw, 720px\" \/><\/figure>\n","protected":false},"excerpt":{"rendered":"<p>(Redacci\u00f3n) Esta actualizaci\u00f3n coloca a Quintana Roo a la vanguardia en materia de derecho progresivo. Se aprueban tambi\u00e9n reformas en materia de salud con perspectiva de g\u00e9nero, bienestar animal y en materia municipal. Chetumal, Quintana Roo 25 de abril 2023. &#8211; La XVII Legislatura del Estado de Quintana Roo aprob\u00f3 reformas al C\u00f3digo Civil en [&hellip;]<\/p>\n","protected":false},"author":1,"featured_media":221093,"comment_status":"open","ping_status":"open","sticky":false,"template":"","format":"standard","meta":{"footnotes":""},"categories":[3],"tags":[],"class_list":["post-221092","post","type-post","status-publish","format-standard","has-post-thumbnail","hentry","category-quintana-roo","entry","has-media"],"jetpack_featured_media_url":"http:\/\/vertienteglobal.com\/wp-content\/uploads\/2023\/04\/FB_IMG_1682526239840.jpg","_links":{"self":[{"href":"http:\/\/vertienteglobal.com\/index.php?rest_route=\/wp\/v2\/posts\/221092","targetHints":{"allow":["GET"]}}],"collection":[{"href":"http:\/\/vertienteglobal.com\/index.php?rest_route=\/wp\/v2\/posts"}],"about":[{"href":"http:\/\/vertienteglobal.com\/index.php?rest_route=\/wp\/v2\/types\/post"}],"author":[{"embeddable":true,"href":"http:\/\/vertienteglobal.com\/index.php?rest_route=\/wp\/v2\/users\/1"}],"replies":[{"embeddable":true,"href":"http:\/\/vertienteglobal.com\/index.php?rest_route=%2Fwp%2Fv2%2Fcomments&post=221092"}],"version-history":[{"count":0,"href":"http:\/\/vertienteglobal.com\/index.php?rest_route=\/wp\/v2\/posts\/221092\/revisions"}],"wp:featuredmedia":[{"embeddable":true,"href":"http:\/\/vertienteglobal.com\/index.php?rest_route=\/wp\/v2\/media\/221093"}],"wp:attachment":[{"href":"http:\/\/vertienteglobal.com\/index.php?rest_route=%2Fwp%2Fv2%2Fmedia&parent=221092"}],"wp:term":[{"taxonomy":"category","embeddable":true,"href":"http:\/\/vertienteglobal.com\/index.php?rest_route=%2Fwp%2Fv2%2Fcategories&post=221092"},{"taxonomy":"post_tag","embeddable":true,"href":"http:\/\/vertienteglobal.com\/index.php?rest_route=%2Fwp%2Fv2%2Ftags&post=221092"}],"curies":[{"name":"wp","href":"https:\/\/api.w.org\/{rel}","templated":true}]}}