{"id":221044,"date":"2023-04-25T14:32:00","date_gmt":"2023-04-25T19:32:00","guid":{"rendered":"http:\/\/vertienteglobal.com\/?p=221044"},"modified":"2023-04-25T14:38:25","modified_gmt":"2023-04-25T19:38:25","slug":"imss-abre-convocatoria-para-reclutamiento","status":"publish","type":"post","link":"http:\/\/vertienteglobal.com\/?p=221044","title":{"rendered":"IMSS abre convocatoria para reclutamiento"},"content":{"rendered":"\n<div class=\"twitterbutton\" style=\"float: right; padding-left: 5px;\"><a href=\"http:\/\/twitter.com\/share\" class=\"twitter-share-button\" data-count=\"horizontal\" data-text=\"IMSS abre convocatoria para reclutamiento\" data-via=\"https:\/\/twitter.com\/VertienteGloba1\" data-url=\"http:\/\/vertienteglobal.com\/?p=221044\" data-lang=\"es\" data-related=\"Informaci\u00f3n general:S\u00edguenos para que est\u00e9ss informado\"><\/a><\/div>\n<figure class=\"wp-block-image size-full\"><img loading=\"lazy\" decoding=\"async\" width=\"1024\" height=\"645\" src=\"http:\/\/vertienteglobal.com\/wp-content\/uploads\/2023\/04\/204456.jpg\" alt=\"\" class=\"wp-image-221045\" srcset=\"http:\/\/vertienteglobal.com\/wp-content\/uploads\/2023\/04\/204456.jpg 1024w, http:\/\/vertienteglobal.com\/wp-content\/uploads\/2023\/04\/204456-300x189.jpg 300w, http:\/\/vertienteglobal.com\/wp-content\/uploads\/2023\/04\/204456-150x94.jpg 150w, http:\/\/vertienteglobal.com\/wp-content\/uploads\/2023\/04\/204456-768x484.jpg 768w\" sizes=\"auto, (max-width: 1024px) 100vw, 1024px\" \/><\/figure>\n\n\n\n<p>(Redacci\u00f3n)<\/p>\n\n\n\n<p>El proceso inicia el 5 de mayo en Sonora, Guerrero y Michoac\u00e1n, posteriormente en Sinaloa, Oaxaca y San Luis Potos\u00ed ser\u00e1 el 12 de mayo, y en Baja California Sur y Chiapas arrancar\u00e1 el 19 de mayo<\/p>\n\n\n\n<p>Ciudad de M\u00e9xico 25 de abril 2023.-El Instituto Mexicano del Seguro Social (IMSS) anunci\u00f3 el lanzamiento de la convocatoria para reclutar de manera temporal a m\u00e9dicos especialistas jubilados del IMSS para que laboren en los estados donde m\u00e1s se necesitan.<\/p>\n\n\n\n<p>En M\u00e9xico existen 29 mil 710 m\u00e9dicos especialistas jubilados, de los cuales 11 mil 172 son menores de 65 a\u00f1os lo que \u201cles permite estar en las mejores condiciones para ser recontratados\u201d.<\/p>\n\n\n\n<p>El proceso inicia el 5 de mayo en Sonora, Guerrero y Michoac\u00e1n, posteriormente en Sinaloa, Oaxaca y San Luis Potos\u00ed ser\u00e1 el 12 de mayo, y en Baja California Sur y Chiapas arrancar\u00e1 el 19 de mayo.<\/p>\n\n\n\n<p>Los m\u00e9dicos podr\u00e1n incorporarse al \u00d3rgano P\u00fablico Descentralizado IMSS-Bienestar por tiempo determinado, gozar de sueldo base m\u00e1s aguinaldo y \u201cno pierden su jubilaci\u00f3n, es decir, tendr\u00edan los dos ingresos\u201d.<\/p>\n\n\n\n<p>La convocatoria est\u00e1 abierta y los interesados se pueden registrar en esta\u00a0<a href=\"https:\/\/medicosespecialistas.gob.mx\/\"><strong>p\u00e1gina<\/strong><\/a>.\u00a0(Fuente: Milenio\/Agencias)<\/p>\n","protected":false},"excerpt":{"rendered":"<p>(Redacci\u00f3n) El proceso inicia el 5 de mayo en Sonora, Guerrero y Michoac\u00e1n, posteriormente en Sinaloa, Oaxaca y San Luis Potos\u00ed ser\u00e1 el 12 de mayo, y en Baja California Sur y Chiapas arrancar\u00e1 el 19 de mayo Ciudad de M\u00e9xico 25 de abril 2023.-El Instituto Mexicano del Seguro Social (IMSS) anunci\u00f3 el lanzamiento de [&hellip;]<\/p>\n","protected":false},"author":1,"featured_media":221045,"comment_status":"open","ping_status":"open","sticky":false,"template":"","format":"standard","meta":{"footnotes":""},"categories":[8],"tags":[],"class_list":["post-221044","post","type-post","status-publish","format-standard","has-post-thumbnail","hentry","category-pais","entry","has-media"],"jetpack_featured_media_url":"http:\/\/vertienteglobal.com\/wp-content\/uploads\/2023\/04\/204456.jpg","_links":{"self":[{"href":"http:\/\/vertienteglobal.com\/index.php?rest_route=\/wp\/v2\/posts\/221044","targetHints":{"allow":["GET"]}}],"collection":[{"href":"http:\/\/vertienteglobal.com\/index.php?rest_route=\/wp\/v2\/posts"}],"about":[{"href":"http:\/\/vertienteglobal.com\/index.php?rest_route=\/wp\/v2\/types\/post"}],"author":[{"embeddable":true,"href":"http:\/\/vertienteglobal.com\/index.php?rest_route=\/wp\/v2\/users\/1"}],"replies":[{"embeddable":true,"href":"http:\/\/vertienteglobal.com\/index.php?rest_route=%2Fwp%2Fv2%2Fcomments&post=221044"}],"version-history":[{"count":0,"href":"http:\/\/vertienteglobal.com\/index.php?rest_route=\/wp\/v2\/posts\/221044\/revisions"}],"wp:featuredmedia":[{"embeddable":true,"href":"http:\/\/vertienteglobal.com\/index.php?rest_route=\/wp\/v2\/media\/221045"}],"wp:attachment":[{"href":"http:\/\/vertienteglobal.com\/index.php?rest_route=%2Fwp%2Fv2%2Fmedia&parent=221044"}],"wp:term":[{"taxonomy":"category","embeddable":true,"href":"http:\/\/vertienteglobal.com\/index.php?rest_route=%2Fwp%2Fv2%2Fcategories&post=221044"},{"taxonomy":"post_tag","embeddable":true,"href":"http:\/\/vertienteglobal.com\/index.php?rest_route=%2Fwp%2Fv2%2Ftags&post=221044"}],"curies":[{"name":"wp","href":"https:\/\/api.w.org\/{rel}","templated":true}]}}