{"id":220961,"date":"2023-04-23T20:19:00","date_gmt":"2023-04-24T01:19:00","guid":{"rendered":"http:\/\/vertienteglobal.com\/?p=220961"},"modified":"2023-04-24T10:36:31","modified_gmt":"2023-04-24T15:36:31","slug":"firma-dif-quintana-roo-convenio-con-los-11-municipios-de-la-entidad-para-la-estrategia-de-alimentacion-y-desarrollo-comunitario","status":"publish","type":"post","link":"http:\/\/vertienteglobal.com\/?p=220961","title":{"rendered":"Firma DIF Quintana Roo convenio con los 11 municipios de la entidad para la estrategia de alimentaci\u00f3n y desarrollo comunitario"},"content":{"rendered":"\n<div class=\"twitterbutton\" style=\"float: right; padding-left: 5px;\"><a href=\"http:\/\/twitter.com\/share\" class=\"twitter-share-button\" data-count=\"horizontal\" data-text=\"Firma DIF Quintana Roo convenio con los 11 municipios de la entidad para la estr...\" data-via=\"https:\/\/twitter.com\/VertienteGloba1\" data-url=\"http:\/\/vertienteglobal.com\/?p=220961\" data-lang=\"es\" data-related=\"Informaci\u00f3n general:S\u00edguenos para que est\u00e9ss informado\"><\/a><\/div>\n<figure class=\"wp-block-image size-full\"><img loading=\"lazy\" decoding=\"async\" width=\"720\" height=\"414\" src=\"http:\/\/vertienteglobal.com\/wp-content\/uploads\/2023\/04\/FB_IMG_1682349227223.jpg\" alt=\"\" class=\"wp-image-220962\" srcset=\"http:\/\/vertienteglobal.com\/wp-content\/uploads\/2023\/04\/FB_IMG_1682349227223.jpg 720w, http:\/\/vertienteglobal.com\/wp-content\/uploads\/2023\/04\/FB_IMG_1682349227223-300x173.jpg 300w, http:\/\/vertienteglobal.com\/wp-content\/uploads\/2023\/04\/FB_IMG_1682349227223-150x86.jpg 150w\" sizes=\"auto, (max-width: 720px) 100vw, 720px\" \/><\/figure>\n\n\n\n<p>(Redacci\u00f3n)<\/p>\n\n\n\n<p>Firman como testigos de honor la Presidenta Honoraria, Ver\u00f3nica Lezama Espinosa.<\/p>\n\n\n\n<p>Cozumel, Quintana Roo 23 de abril 2023.- En el marco de los Derechos de la Infancia firma DIF Quintana Roo convenio con los 11 municipios de la entidad sobre las Reglas de Operaci\u00f3n de los Programas de la Estrategia Integral de Asistencia Social, Alimentaci\u00f3n y Desarrollo Comunitario 2023, firmando este acuerdo como testigo de honor la Presidenta Honoraria, Ver\u00f3nica Lezama Espinosa.<\/p>\n\n\n\n<p>Asimismo firmaron este acuerdo los titulares y responsables de los 11 DIF Municipales, y por parte del DIF Estatal la Directora General, Abril Sabido Alc\u00e9rreca para sumar alianza y dar cumplimiento a las acciones del Nuevo Acuerdo por el Bienestar y Desarrollo de Quintana Roo que impulsa la Gobernadora Mara Lezama Espinosa.<\/p>\n\n\n\n<p>Cabe resaltar, que este convenio se realiza a trav\u00e9s de la Direcci\u00f3n de Seguimiento y Programas Comunitarios de la dependencia, mismo que se encarga de las tareas de planeaci\u00f3n para garantizar el derecho a una alimentaci\u00f3n adecuada y acorde a las prioridades de asistencia a grupos prioritarios de la entidad.<\/p>\n\n\n\n<p>Por lo que este convenio entre DIF estatal y los 11 municipios de Quintana Roo dan cumplimiento a la Constituci\u00f3n Pol\u00edtica de los Estados Unidos Mexicanos seg\u00fan su art\u00edculo 4\u00b0, p\u00e1rrafo tercero, el derecho a la alimentaci\u00f3n nutritiva, suficiente y de calidad; y en su p\u00e1rrafo noveno que en todas las decisiones y actuaciones del Estado se velara\u0301 y cumplir\u00e1 con el principio del inter\u00e9s superior de la ni\u00f1ez, as\u00ed como el derecho a la satisfacci\u00f3n de sus necesidades de alimentaci\u00f3n.<\/p>\n\n\n\n<figure class=\"wp-block-image size-full\"><img loading=\"lazy\" decoding=\"async\" width=\"585\" height=\"366\" src=\"http:\/\/vertienteglobal.com\/wp-content\/uploads\/2023\/04\/FB_IMG_1682349230783.jpg\" alt=\"\" class=\"wp-image-220963\" srcset=\"http:\/\/vertienteglobal.com\/wp-content\/uploads\/2023\/04\/FB_IMG_1682349230783.jpg 585w, http:\/\/vertienteglobal.com\/wp-content\/uploads\/2023\/04\/FB_IMG_1682349230783-300x188.jpg 300w, http:\/\/vertienteglobal.com\/wp-content\/uploads\/2023\/04\/FB_IMG_1682349230783-150x94.jpg 150w\" sizes=\"auto, (max-width: 585px) 100vw, 585px\" \/><\/figure>\n\n\n\n<figure class=\"wp-block-image size-full\"><img loading=\"lazy\" decoding=\"async\" width=\"585\" height=\"336\" src=\"http:\/\/vertienteglobal.com\/wp-content\/uploads\/2023\/04\/FB_IMG_1682349265171.jpg\" alt=\"\" class=\"wp-image-220964\" srcset=\"http:\/\/vertienteglobal.com\/wp-content\/uploads\/2023\/04\/FB_IMG_1682349265171.jpg 585w, http:\/\/vertienteglobal.com\/wp-content\/uploads\/2023\/04\/FB_IMG_1682349265171-300x172.jpg 300w, http:\/\/vertienteglobal.com\/wp-content\/uploads\/2023\/04\/FB_IMG_1682349265171-150x86.jpg 150w\" sizes=\"auto, (max-width: 585px) 100vw, 585px\" \/><\/figure>\n\n\n","protected":false},"excerpt":{"rendered":"<p>(Redacci\u00f3n) Firman como testigos de honor la Presidenta Honoraria, Ver\u00f3nica Lezama Espinosa. Cozumel, Quintana Roo 23 de abril 2023.- En el marco de los Derechos de la Infancia firma DIF Quintana Roo convenio con los 11 municipios de la entidad sobre las Reglas de Operaci\u00f3n de los Programas de la Estrategia Integral de Asistencia Social, [&hellip;]<\/p>\n","protected":false},"author":1,"featured_media":220962,"comment_status":"open","ping_status":"open","sticky":false,"template":"","format":"standard","meta":{"footnotes":""},"categories":[3],"tags":[],"class_list":["post-220961","post","type-post","status-publish","format-standard","has-post-thumbnail","hentry","category-quintana-roo","entry","has-media"],"jetpack_featured_media_url":"http:\/\/vertienteglobal.com\/wp-content\/uploads\/2023\/04\/FB_IMG_1682349227223.jpg","_links":{"self":[{"href":"http:\/\/vertienteglobal.com\/index.php?rest_route=\/wp\/v2\/posts\/220961","targetHints":{"allow":["GET"]}}],"collection":[{"href":"http:\/\/vertienteglobal.com\/index.php?rest_route=\/wp\/v2\/posts"}],"about":[{"href":"http:\/\/vertienteglobal.com\/index.php?rest_route=\/wp\/v2\/types\/post"}],"author":[{"embeddable":true,"href":"http:\/\/vertienteglobal.com\/index.php?rest_route=\/wp\/v2\/users\/1"}],"replies":[{"embeddable":true,"href":"http:\/\/vertienteglobal.com\/index.php?rest_route=%2Fwp%2Fv2%2Fcomments&post=220961"}],"version-history":[{"count":0,"href":"http:\/\/vertienteglobal.com\/index.php?rest_route=\/wp\/v2\/posts\/220961\/revisions"}],"wp:featuredmedia":[{"embeddable":true,"href":"http:\/\/vertienteglobal.com\/index.php?rest_route=\/wp\/v2\/media\/220962"}],"wp:attachment":[{"href":"http:\/\/vertienteglobal.com\/index.php?rest_route=%2Fwp%2Fv2%2Fmedia&parent=220961"}],"wp:term":[{"taxonomy":"category","embeddable":true,"href":"http:\/\/vertienteglobal.com\/index.php?rest_route=%2Fwp%2Fv2%2Fcategories&post=220961"},{"taxonomy":"post_tag","embeddable":true,"href":"http:\/\/vertienteglobal.com\/index.php?rest_route=%2Fwp%2Fv2%2Ftags&post=220961"}],"curies":[{"name":"wp","href":"https:\/\/api.w.org\/{rel}","templated":true}]}}