{"id":220782,"date":"2023-04-21T20:21:00","date_gmt":"2023-04-22T01:21:00","guid":{"rendered":"http:\/\/vertienteglobal.com\/?p=220782"},"modified":"2023-04-21T22:41:21","modified_gmt":"2023-04-22T03:41:21","slug":"congreso-y-no-capa-sera-quien-determine-si-aguakan-se-va-de-quintana-roo-alberto-covarrubias","status":"publish","type":"post","link":"http:\/\/vertienteglobal.com\/?p=220782","title":{"rendered":"Congreso y no CAPA, ser\u00e1 quien determine si &#8216;Aguakan&#8217; se va de Quintana Roo: Alberto Covarrubias"},"content":{"rendered":"\n<div class=\"twitterbutton\" style=\"float: right; padding-left: 5px;\"><a href=\"http:\/\/twitter.com\/share\" class=\"twitter-share-button\" data-count=\"horizontal\" data-text=\"Congreso y no CAPA, ser\u00e1 quien determine si &#8216;Aguakan&#8217; se va de Quin...\" data-via=\"https:\/\/twitter.com\/VertienteGloba1\" data-url=\"http:\/\/vertienteglobal.com\/?p=220782\" data-lang=\"es\" data-related=\"Informaci\u00f3n general:S\u00edguenos para que est\u00e9ss informado\"><\/a><\/div>\n<figure class=\"wp-block-image size-full\"><img loading=\"lazy\" decoding=\"async\" width=\"696\" height=\"395\" src=\"http:\/\/vertienteglobal.com\/wp-content\/uploads\/2023\/04\/FB_IMG_1682122233906.jpg\" alt=\"\" class=\"wp-image-220783\" srcset=\"http:\/\/vertienteglobal.com\/wp-content\/uploads\/2023\/04\/FB_IMG_1682122233906.jpg 696w, http:\/\/vertienteglobal.com\/wp-content\/uploads\/2023\/04\/FB_IMG_1682122233906-300x170.jpg 300w, http:\/\/vertienteglobal.com\/wp-content\/uploads\/2023\/04\/FB_IMG_1682122233906-150x85.jpg 150w\" sizes=\"auto, (max-width: 696px) 100vw, 696px\" \/><\/figure>\n\n\n\n<p>(Redacci\u00f3n)<\/p>\n\n\n\n<p>Detall\u00f3 que el Congreso local instal\u00f3 una comisi\u00f3n especial para atender y dar seguimiento al tema Aguakan, que opera en Canc\u00fan, Playa del Carmen, Isla Mujeres y Puerto Morelos. Esto, derivado de quejas por mal servicio que presta la compa\u00f1\u00eda, adem\u00e1s de los resultados vinculantes de la Consulta Popular en tres de los municipios donde trabaja<\/p>\n\n\n\n<p>Chetumal, Quintana Roo 21 de abril 2023.-Luego de reunirse con diputados de la Comisi\u00f3n Transitoria para revisar las concesiones de Aguakan en los municipios del norte del estado, el director de la CAPA, Alberto Covarrubias advirti\u00f3 que si bien iniciaron a principios de abril una revisi\u00f3n, a\u00fan no tienen resultados ni siquiera parciales, y ser\u00eda tentativamente hasta septiembre cuando puedan llevar al Congreso estatal informaci\u00f3n precisa sobre empresa concesionaria y su nivel de incumplimiento, si es que existe.<\/p>\n\n\n\n<p>Y es que el funcionario estatal, se\u00f1al\u00f3 que, como organismo del Poder Ejecutivo, no es la instancia obligada a cumplir o responder a los resultados de la consulta p\u00fablica de junio de 2022, en donde Benito Ju\u00e1rez, Isla Mujeres y Puerto Morelos la votaci\u00f3n fue a favor de sacar la operaci\u00f3n y el control del agua potable a esa empresa particular.<\/p>\n\n\n\n<p>Detall\u00f3 que el Congreso local instal\u00f3 una comisi\u00f3n especial para atender y dar seguimiento al tema Aguakan, que opera en Canc\u00fan, Playa del Carmen, Isla Mujeres y Puerto Morelos. Esto, derivado de quejas por mal servicio que presta la compa\u00f1\u00eda, adem\u00e1s de los resultados vinculantes de la Consulta Popular en tres de los municipios donde trabaja.<\/p>\n\n\n\n<p>Alberto Covarrubias explic\u00f3 que la CAPA es el \u00f3rgano que rige los lineamientos de la concesi\u00f3n, y que la Consulta Popular no es asunto en el que CAPA intervenga.<\/p>\n\n\n\n<p>De igual forma aclaro: \u201cSomos un \u00f3rgano rector de los lineamientos que debe seguir Aguakan con respecto al contrato de concesi\u00f3n\u201d.<\/p>\n\n\n\n<p>Alberto Covarrubias precis\u00f3 que las reuniones de an\u00e1lisis sobre Aguakan iniciaron el pasado 5 de abril, por ende, no es momento para determinar si debe o no continuar brindando el servicio.<\/p>\n\n\n\n<p>Por \u00faltimo agreg\u00f3: \u201cA\u00fan y que estemos en el mes de agosto no vamos a tener un resultado y el resultado est\u00e1 vinculado al servicio en eficiencia de agua, de drenaje, presi\u00f3n y varios puntos m\u00e1s\u201d.<\/p>\n","protected":false},"excerpt":{"rendered":"<p>(Redacci\u00f3n) Detall\u00f3 que el Congreso local instal\u00f3 una comisi\u00f3n especial para atender y dar seguimiento al tema Aguakan, que opera en Canc\u00fan, Playa del Carmen, Isla Mujeres y Puerto Morelos. Esto, derivado de quejas por mal servicio que presta la compa\u00f1\u00eda, adem\u00e1s de los resultados vinculantes de la Consulta Popular en tres de los municipios [&hellip;]<\/p>\n","protected":false},"author":1,"featured_media":220783,"comment_status":"open","ping_status":"open","sticky":false,"template":"","format":"standard","meta":{"footnotes":""},"categories":[3],"tags":[],"class_list":["post-220782","post","type-post","status-publish","format-standard","has-post-thumbnail","hentry","category-quintana-roo","entry","has-media"],"jetpack_featured_media_url":"http:\/\/vertienteglobal.com\/wp-content\/uploads\/2023\/04\/FB_IMG_1682122233906.jpg","_links":{"self":[{"href":"http:\/\/vertienteglobal.com\/index.php?rest_route=\/wp\/v2\/posts\/220782","targetHints":{"allow":["GET"]}}],"collection":[{"href":"http:\/\/vertienteglobal.com\/index.php?rest_route=\/wp\/v2\/posts"}],"about":[{"href":"http:\/\/vertienteglobal.com\/index.php?rest_route=\/wp\/v2\/types\/post"}],"author":[{"embeddable":true,"href":"http:\/\/vertienteglobal.com\/index.php?rest_route=\/wp\/v2\/users\/1"}],"replies":[{"embeddable":true,"href":"http:\/\/vertienteglobal.com\/index.php?rest_route=%2Fwp%2Fv2%2Fcomments&post=220782"}],"version-history":[{"count":0,"href":"http:\/\/vertienteglobal.com\/index.php?rest_route=\/wp\/v2\/posts\/220782\/revisions"}],"wp:featuredmedia":[{"embeddable":true,"href":"http:\/\/vertienteglobal.com\/index.php?rest_route=\/wp\/v2\/media\/220783"}],"wp:attachment":[{"href":"http:\/\/vertienteglobal.com\/index.php?rest_route=%2Fwp%2Fv2%2Fmedia&parent=220782"}],"wp:term":[{"taxonomy":"category","embeddable":true,"href":"http:\/\/vertienteglobal.com\/index.php?rest_route=%2Fwp%2Fv2%2Fcategories&post=220782"},{"taxonomy":"post_tag","embeddable":true,"href":"http:\/\/vertienteglobal.com\/index.php?rest_route=%2Fwp%2Fv2%2Ftags&post=220782"}],"curies":[{"name":"wp","href":"https:\/\/api.w.org\/{rel}","templated":true}]}}