{"id":220355,"date":"2023-04-17T18:13:12","date_gmt":"2023-04-17T23:13:12","guid":{"rendered":"http:\/\/vertienteglobal.com\/?p=220355"},"modified":"2023-04-17T18:13:12","modified_gmt":"2023-04-17T23:13:12","slug":"mara-lezama-inaugura-ante-diputados-el-foro-de-infraestructura-transformadora","status":"publish","type":"post","link":"http:\/\/vertienteglobal.com\/?p=220355","title":{"rendered":"Mara Lezama inaugura ante diputados, el Foro de Infraestructura Transformadora"},"content":{"rendered":"\n<div class=\"twitterbutton\" style=\"float: right; padding-left: 5px;\"><a href=\"http:\/\/twitter.com\/share\" class=\"twitter-share-button\" data-count=\"horizontal\" data-text=\"Mara Lezama inaugura ante diputados, el Foro de Infraestructura Transformadora\" data-via=\"https:\/\/twitter.com\/VertienteGloba1\" data-url=\"http:\/\/vertienteglobal.com\/?p=220355\" data-lang=\"es\" data-related=\"Informaci\u00f3n general:S\u00edguenos para que est\u00e9ss informado\"><\/a><\/div>\n<figure class=\"wp-block-image size-large\"><img loading=\"lazy\" decoding=\"async\" width=\"1024\" height=\"682\" src=\"http:\/\/vertienteglobal.com\/wp-content\/uploads\/2023\/04\/Mara-Lezama-foro1-1024x682.jpeg\" alt=\"\" class=\"wp-image-220356\" srcset=\"http:\/\/vertienteglobal.com\/wp-content\/uploads\/2023\/04\/Mara-Lezama-foro1-1024x682.jpeg 1024w, http:\/\/vertienteglobal.com\/wp-content\/uploads\/2023\/04\/Mara-Lezama-foro1-300x200.jpeg 300w, http:\/\/vertienteglobal.com\/wp-content\/uploads\/2023\/04\/Mara-Lezama-foro1-150x100.jpeg 150w, http:\/\/vertienteglobal.com\/wp-content\/uploads\/2023\/04\/Mara-Lezama-foro1-768x512.jpeg 768w, http:\/\/vertienteglobal.com\/wp-content\/uploads\/2023\/04\/Mara-Lezama-foro1-1536x1023.jpeg 1536w, http:\/\/vertienteglobal.com\/wp-content\/uploads\/2023\/04\/Mara-Lezama-foro1.jpeg 1600w\" sizes=\"auto, (max-width: 1024px) 100vw, 1024px\" \/><\/figure>\n\n\n\n<p>(Redacci\u00f3n)<\/p>\n\n\n\n<p>Trabajamos unidos con diputados, para que cada peso sea para nuestra gente, por caminos justos, dignos, por obras que generen bienestar de las familias quintanarroenses<\/p>\n\n\n\n<p>Ciudad de M\u00e9xico, 17 de abril 2023.- La gobernadora de Quintana Roo Mara Lezama Espinosa inaugur\u00f3 la Segunda Semana Nacional de Infraestructura Transformadora en la C\u00e1mara de Diputados, en el que se estar\u00e1 proyectando el nuevo modelo incluyente, resiliente, auto sustentable, amigable con el medio ambiente y sobre todo, que ponga los derechos humanos en el centro.<\/p>\n\n\n\n<p>En este marco, Mara Lezama entreg\u00f3 a los diputados Reginaldo Sandoval Flores, presidente de la Comisi\u00f3n de Infraestructura, e Ignacio Mier Velazco, presidente de la Junta de Coordinaci\u00f3n Pol\u00edtica, proyectos de obras de justicia social para Quintana Roo, entre las que se encuentran carreteras federales para que se inviertan recursos en la movilidad.<\/p>\n\n\n\n<p>Durante su participaci\u00f3n en el evento de inauguraci\u00f3n, Mara Lezama destac\u00f3 que en Quintana Roo, a trav\u00e9s del Nuevo Acuerdo por el Bienestar y Desarrollo, se impulsa infraestructura para generar desarrollo, m\u00e1s empleo, bienestar y prosperidad compartida.<\/p>\n\n\n\n<p>Explic\u00f3 que con el apoyo del Gobierno de M\u00e9xico se realizan obras de infraestructura, con una inversi\u00f3n de 45 mil millones de pesos, que transformar\u00e1n la vida de los quintanarroenses, como lo es la renovaci\u00f3n del bulevar Colosio, la construcci\u00f3n del Puente Nichupt\u00e9, la avenida Chac Mool, el Tren Maya, el Aeropuerto Internacional de Tulum y la pr\u00f3xima apertura de sitios arqueol\u00f3gicos en los que se invierten m\u00e1s de mil millones de pesos.<\/p>\n\n\n\n<p>Mara Lezama expres\u00f3 que el Tren Maya permitir\u00e1 la conectividad del norte con el sur, adem\u00e1s de detonar la econom\u00eda de las comunidades rurales, con mejores oportunidades para los productores agr\u00edcolas, las mujeres artesanas. Para Felipe Carrillo Puerto, en coraz\u00f3n de la zona Maya, dio a conocer que tendr\u00e1 una entrada al mar.<\/p>\n\n\n\n<p>Destac\u00f3 que representa una inversi\u00f3n hist\u00f3rica y sin precedentes para el sureste mexicano y para Quintana Roo, que modernizar\u00e1n y transformar\u00e1n al estado y los municipios.<\/p>\n\n\n\n<p>Antes de hacer la declaratoria inaugural, la gobernadora de Quintana Roo manifest\u00f3 su confianza en que las conclusiones de este evento permitan garantizar que la infraestructura haga justicia a las necesidades de la sociedad, mejore la calidad de vida de las personas y contribuya al desarrollo sostenible del pa\u00eds.<\/p>\n\n\n\n<p>Adem\u00e1s, porque cada obra se traduce en oportunidades para las ni\u00f1as y los ni\u00f1os, para sus padres, para la gente que est\u00e1 esperanzada en salir adelante y vivir mejor, ya sea en el campo o la ciudad.<\/p>\n\n\n\n<p>Precis\u00f3 que las obras que se realizan en el estado con el apoyo del Gobierno de M\u00e9xico son clave para consolidar la oferta tur\u00edstica, generar nuevos empleos, diversificar la econom\u00eda, impulsar un crecimiento ordenado y un desarrollo sustentable que permita atajar el rezago social y llevar prosperidad compartida y seguridad a todos los rincones de Quintana Roo.<\/p>\n\n\n\n<p>Durante la Semana Nacional de Infraestructura Transformadora se impartir\u00e1n conferencias, paneles y se tendr\u00e1 la presencia de gobernadores, asistentes dependencias gubernamentales, presidentes municipales, regidores, diputados, relacionados con infraestructura en sus estados.<\/p>\n\n\n\n<figure class=\"wp-block-image size-full\"><img loading=\"lazy\" decoding=\"async\" width=\"585\" height=\"390\" src=\"http:\/\/vertienteglobal.com\/wp-content\/uploads\/2023\/04\/Mara-Lezama-foro2-585x390-1.jpeg\" alt=\"\" class=\"wp-image-220357\" srcset=\"http:\/\/vertienteglobal.com\/wp-content\/uploads\/2023\/04\/Mara-Lezama-foro2-585x390-1.jpeg 585w, http:\/\/vertienteglobal.com\/wp-content\/uploads\/2023\/04\/Mara-Lezama-foro2-585x390-1-300x200.jpeg 300w, http:\/\/vertienteglobal.com\/wp-content\/uploads\/2023\/04\/Mara-Lezama-foro2-585x390-1-150x100.jpeg 150w\" sizes=\"auto, (max-width: 585px) 100vw, 585px\" \/><\/figure>\n\n\n\n<figure class=\"wp-block-image size-full\"><img loading=\"lazy\" decoding=\"async\" width=\"585\" height=\"390\" src=\"http:\/\/vertienteglobal.com\/wp-content\/uploads\/2023\/04\/Mara-Lezama-foro3-585x390-1.jpeg\" alt=\"\" class=\"wp-image-220358\" srcset=\"http:\/\/vertienteglobal.com\/wp-content\/uploads\/2023\/04\/Mara-Lezama-foro3-585x390-1.jpeg 585w, http:\/\/vertienteglobal.com\/wp-content\/uploads\/2023\/04\/Mara-Lezama-foro3-585x390-1-300x200.jpeg 300w, http:\/\/vertienteglobal.com\/wp-content\/uploads\/2023\/04\/Mara-Lezama-foro3-585x390-1-150x100.jpeg 150w\" sizes=\"auto, (max-width: 585px) 100vw, 585px\" \/><\/figure>\n\n\n\n<figure class=\"wp-block-image size-full\"><img loading=\"lazy\" decoding=\"async\" width=\"585\" height=\"390\" src=\"http:\/\/vertienteglobal.com\/wp-content\/uploads\/2023\/04\/Mara-Lezama-foro4-585x390-1.jpeg\" alt=\"\" class=\"wp-image-220359\" srcset=\"http:\/\/vertienteglobal.com\/wp-content\/uploads\/2023\/04\/Mara-Lezama-foro4-585x390-1.jpeg 585w, http:\/\/vertienteglobal.com\/wp-content\/uploads\/2023\/04\/Mara-Lezama-foro4-585x390-1-300x200.jpeg 300w, http:\/\/vertienteglobal.com\/wp-content\/uploads\/2023\/04\/Mara-Lezama-foro4-585x390-1-150x100.jpeg 150w\" sizes=\"auto, (max-width: 585px) 100vw, 585px\" \/><\/figure>\n","protected":false},"excerpt":{"rendered":"<p>(Redacci\u00f3n) Trabajamos unidos con diputados, para que cada peso sea para nuestra gente, por caminos justos, dignos, por obras que generen bienestar de las familias quintanarroenses Ciudad de M\u00e9xico, 17 de abril 2023.- La gobernadora de Quintana Roo Mara Lezama Espinosa inaugur\u00f3 la Segunda Semana Nacional de Infraestructura Transformadora en la C\u00e1mara de Diputados, en [&hellip;]<\/p>\n","protected":false},"author":1,"featured_media":220356,"comment_status":"open","ping_status":"open","sticky":false,"template":"","format":"standard","meta":{"footnotes":""},"categories":[8,3],"tags":[],"class_list":["post-220355","post","type-post","status-publish","format-standard","has-post-thumbnail","hentry","category-pais","category-quintana-roo","entry","has-media"],"jetpack_featured_media_url":"http:\/\/vertienteglobal.com\/wp-content\/uploads\/2023\/04\/Mara-Lezama-foro1.jpeg","_links":{"self":[{"href":"http:\/\/vertienteglobal.com\/index.php?rest_route=\/wp\/v2\/posts\/220355","targetHints":{"allow":["GET"]}}],"collection":[{"href":"http:\/\/vertienteglobal.com\/index.php?rest_route=\/wp\/v2\/posts"}],"about":[{"href":"http:\/\/vertienteglobal.com\/index.php?rest_route=\/wp\/v2\/types\/post"}],"author":[{"embeddable":true,"href":"http:\/\/vertienteglobal.com\/index.php?rest_route=\/wp\/v2\/users\/1"}],"replies":[{"embeddable":true,"href":"http:\/\/vertienteglobal.com\/index.php?rest_route=%2Fwp%2Fv2%2Fcomments&post=220355"}],"version-history":[{"count":0,"href":"http:\/\/vertienteglobal.com\/index.php?rest_route=\/wp\/v2\/posts\/220355\/revisions"}],"wp:featuredmedia":[{"embeddable":true,"href":"http:\/\/vertienteglobal.com\/index.php?rest_route=\/wp\/v2\/media\/220356"}],"wp:attachment":[{"href":"http:\/\/vertienteglobal.com\/index.php?rest_route=%2Fwp%2Fv2%2Fmedia&parent=220355"}],"wp:term":[{"taxonomy":"category","embeddable":true,"href":"http:\/\/vertienteglobal.com\/index.php?rest_route=%2Fwp%2Fv2%2Fcategories&post=220355"},{"taxonomy":"post_tag","embeddable":true,"href":"http:\/\/vertienteglobal.com\/index.php?rest_route=%2Fwp%2Fv2%2Ftags&post=220355"}],"curies":[{"name":"wp","href":"https:\/\/api.w.org\/{rel}","templated":true}]}}