{"id":220216,"date":"2023-04-14T20:52:00","date_gmt":"2023-04-15T01:52:00","guid":{"rendered":"http:\/\/vertienteglobal.com\/?p=220216"},"modified":"2023-04-16T15:34:42","modified_gmt":"2023-04-16T20:34:42","slug":"la-fpmc-invita-a-presenciar-la-alineacion-del-sol-en-el-vestigio-arqueologico-el-caracol","status":"publish","type":"post","link":"http:\/\/vertienteglobal.com\/?p=220216","title":{"rendered":"La FPMC invita a presenciar la alineaci\u00f3n del sol en el vestigio arqueol\u00f3gico \u201cEl Caracol\u201d"},"content":{"rendered":"\n<div class=\"twitterbutton\" style=\"float: right; padding-left: 5px;\"><a href=\"http:\/\/twitter.com\/share\" class=\"twitter-share-button\" data-count=\"horizontal\" data-text=\"La FPMC invita a presenciar la alineaci\u00f3n del sol en el vestigio arqueol\u00f3gico ...\" data-via=\"https:\/\/twitter.com\/VertienteGloba1\" data-url=\"http:\/\/vertienteglobal.com\/?p=220216\" data-lang=\"es\" data-related=\"Informaci\u00f3n general:S\u00edguenos para que est\u00e9ss informado\"><\/a><\/div>\n<figure class=\"wp-block-image size-full\"><img loading=\"lazy\" decoding=\"async\" width=\"585\" height=\"329\" src=\"http:\/\/vertienteglobal.com\/wp-content\/uploads\/2023\/04\/FB_IMG_1681676626281.jpg\" alt=\"\" class=\"wp-image-220217\" srcset=\"http:\/\/vertienteglobal.com\/wp-content\/uploads\/2023\/04\/FB_IMG_1681676626281.jpg 585w, http:\/\/vertienteglobal.com\/wp-content\/uploads\/2023\/04\/FB_IMG_1681676626281-300x169.jpg 300w, http:\/\/vertienteglobal.com\/wp-content\/uploads\/2023\/04\/FB_IMG_1681676626281-150x84.jpg 150w\" sizes=\"auto, (max-width: 585px) 100vw, 585px\" \/><\/figure>\n\n\n\n<p>(Redacci\u00f3n)<\/p>\n\n\n\n<p>La cita es el domingo a las 18:00 horas, en el Parque Punta Sur, entrada gratis<\/p>\n\n\n\n<p>Cozumel, Quintana Roo 14 de abril 2023.- La Fundaci\u00f3n de Parques y Museos de Cozumel (FPMC) invita a la comunidad a atestiguar la alineaci\u00f3n del sol durante el ocaso en el vestigio arqueol\u00f3gico \u201cEl Caracol\u201d, ubicado en el Parque Ecotur\u00edstico Punta Sur, este domingo, a partir de las 18:00 horas.<\/p>\n\n\n\n<p>El director general de la FPMC, Jos\u00e9 Luis Chac\u00f3n M\u00e9ndez, mencion\u00f3 que se abren las puertas del parque para que la poblaci\u00f3n tenga acceso al disfrute de este acontecimiento, que da testimonio de la grandeza de la antigua civilizaci\u00f3n maya y afianza el sentido de identidad cultural, como lo promueve la gobernadora Mara Lezama Espinosa, a trav\u00e9s del Nuevo Acuerdo por el Bienestar y Desarrollo de Quintana Roo.<\/p>\n\n\n\n<p>Dijo que la alineaci\u00f3n del sol en el ocaso con la c\u00fapula del edificio \u201cEl Caracol\u201d se registra en dos fechas, una en el mes de abril y otra en agosto, y esta ocasi\u00f3n coincide con el \u00faltimo d\u00eda de vacaciones de primavera y podr\u00e1 ser disfrutada por todas las personas que se den cita en Punta Sur.<\/p>\n\n\n\n<p>\u201cEl Caracol\u201d es un vestigio arqueol\u00f3gico ubicado cerca de Punta Celarain, que data del postcl\u00e1sico tard\u00edo (1200-1500 d.C.) y es un considerado como un marcador de navegaci\u00f3n para los mayas, cuya se\u00f1al pudo complementarse con columnas de humo o fogatas en braceros; as\u00ed como banderas hechas de plumas coloridas de aves, colocadas en el contexto del conjunto arquitect\u00f3nico.<\/p>\n\n\n\n<p>Chac\u00f3n M\u00e9ndez invit\u00f3 a las familias cozumele\u00f1as a visitar el Parque Ecotur\u00edstico Punta Sur este \u00faltimo domingo de vacaciones y aprovechar que coincide con este fen\u00f3meno arqueoastron\u00f3mico para que tambi\u00e9n vivan esta experiencia.<\/p>\n\n\n\n<p>Para finalizar, record\u00f3 que todas las personas que tengan su credencial de la FPMC podr\u00e1n entrar gratis a Chankanaab y Punta Sur, donde tambi\u00e9n habr\u00e1 descuentos y promociones en los restaurantes para despedir las vacaciones de primavera.<\/p>\n\n\n\n<figure class=\"wp-block-image size-full\"><img loading=\"lazy\" decoding=\"async\" width=\"720\" height=\"720\" src=\"http:\/\/vertienteglobal.com\/wp-content\/uploads\/2023\/04\/FB_IMG_1681676792587.jpg\" alt=\"\" class=\"wp-image-220218\" srcset=\"http:\/\/vertienteglobal.com\/wp-content\/uploads\/2023\/04\/FB_IMG_1681676792587.jpg 720w, http:\/\/vertienteglobal.com\/wp-content\/uploads\/2023\/04\/FB_IMG_1681676792587-300x300.jpg 300w, http:\/\/vertienteglobal.com\/wp-content\/uploads\/2023\/04\/FB_IMG_1681676792587-150x150.jpg 150w\" sizes=\"auto, (max-width: 720px) 100vw, 720px\" \/><\/figure>\n\n\n\n<figure class=\"wp-block-image size-full\"><img loading=\"lazy\" decoding=\"async\" width=\"585\" height=\"329\" src=\"http:\/\/vertienteglobal.com\/wp-content\/uploads\/2023\/04\/FB_IMG_1681676622098.jpg\" alt=\"\" class=\"wp-image-220219\" srcset=\"http:\/\/vertienteglobal.com\/wp-content\/uploads\/2023\/04\/FB_IMG_1681676622098.jpg 585w, http:\/\/vertienteglobal.com\/wp-content\/uploads\/2023\/04\/FB_IMG_1681676622098-300x169.jpg 300w, http:\/\/vertienteglobal.com\/wp-content\/uploads\/2023\/04\/FB_IMG_1681676622098-150x84.jpg 150w\" sizes=\"auto, (max-width: 585px) 100vw, 585px\" \/><\/figure>\n\n\n\n<figure class=\"wp-block-image size-full\"><img loading=\"lazy\" decoding=\"async\" width=\"585\" height=\"276\" src=\"http:\/\/vertienteglobal.com\/wp-content\/uploads\/2023\/04\/FB_IMG_1681676796531.jpg\" alt=\"\" class=\"wp-image-220220\" srcset=\"http:\/\/vertienteglobal.com\/wp-content\/uploads\/2023\/04\/FB_IMG_1681676796531.jpg 585w, http:\/\/vertienteglobal.com\/wp-content\/uploads\/2023\/04\/FB_IMG_1681676796531-300x142.jpg 300w, http:\/\/vertienteglobal.com\/wp-content\/uploads\/2023\/04\/FB_IMG_1681676796531-150x71.jpg 150w\" sizes=\"auto, (max-width: 585px) 100vw, 585px\" \/><\/figure>\n","protected":false},"excerpt":{"rendered":"<p>(Redacci\u00f3n) La cita es el domingo a las 18:00 horas, en el Parque Punta Sur, entrada gratis Cozumel, Quintana Roo 14 de abril 2023.- La Fundaci\u00f3n de Parques y Museos de Cozumel (FPMC) invita a la comunidad a atestiguar la alineaci\u00f3n del sol durante el ocaso en el vestigio arqueol\u00f3gico \u201cEl Caracol\u201d, ubicado en el [&hellip;]<\/p>\n","protected":false},"author":1,"featured_media":220217,"comment_status":"open","ping_status":"open","sticky":false,"template":"","format":"standard","meta":{"footnotes":""},"categories":[3],"tags":[],"class_list":["post-220216","post","type-post","status-publish","format-standard","has-post-thumbnail","hentry","category-quintana-roo","entry","has-media"],"jetpack_featured_media_url":"http:\/\/vertienteglobal.com\/wp-content\/uploads\/2023\/04\/FB_IMG_1681676626281.jpg","_links":{"self":[{"href":"http:\/\/vertienteglobal.com\/index.php?rest_route=\/wp\/v2\/posts\/220216","targetHints":{"allow":["GET"]}}],"collection":[{"href":"http:\/\/vertienteglobal.com\/index.php?rest_route=\/wp\/v2\/posts"}],"about":[{"href":"http:\/\/vertienteglobal.com\/index.php?rest_route=\/wp\/v2\/types\/post"}],"author":[{"embeddable":true,"href":"http:\/\/vertienteglobal.com\/index.php?rest_route=\/wp\/v2\/users\/1"}],"replies":[{"embeddable":true,"href":"http:\/\/vertienteglobal.com\/index.php?rest_route=%2Fwp%2Fv2%2Fcomments&post=220216"}],"version-history":[{"count":0,"href":"http:\/\/vertienteglobal.com\/index.php?rest_route=\/wp\/v2\/posts\/220216\/revisions"}],"wp:featuredmedia":[{"embeddable":true,"href":"http:\/\/vertienteglobal.com\/index.php?rest_route=\/wp\/v2\/media\/220217"}],"wp:attachment":[{"href":"http:\/\/vertienteglobal.com\/index.php?rest_route=%2Fwp%2Fv2%2Fmedia&parent=220216"}],"wp:term":[{"taxonomy":"category","embeddable":true,"href":"http:\/\/vertienteglobal.com\/index.php?rest_route=%2Fwp%2Fv2%2Fcategories&post=220216"},{"taxonomy":"post_tag","embeddable":true,"href":"http:\/\/vertienteglobal.com\/index.php?rest_route=%2Fwp%2Fv2%2Ftags&post=220216"}],"curies":[{"name":"wp","href":"https:\/\/api.w.org\/{rel}","templated":true}]}}