{"id":219827,"date":"2023-04-09T17:24:00","date_gmt":"2023-04-09T22:24:00","guid":{"rendered":"http:\/\/vertienteglobal.com\/?p=219827"},"modified":"2023-04-10T07:25:42","modified_gmt":"2023-04-10T12:25:42","slug":"con-capacitacion-promueven-espacios-laborales-libres-de-violencia","status":"publish","type":"post","link":"http:\/\/vertienteglobal.com\/?p=219827","title":{"rendered":"Con capacitaci\u00f3n promueven espacios laborales libres de violencia"},"content":{"rendered":"\n<div class=\"twitterbutton\" style=\"float: right; padding-left: 5px;\"><a href=\"http:\/\/twitter.com\/share\" class=\"twitter-share-button\" data-count=\"horizontal\" data-text=\"Con capacitaci\u00f3n promueven espacios laborales libres de violencia\" data-via=\"https:\/\/twitter.com\/VertienteGloba1\" data-url=\"http:\/\/vertienteglobal.com\/?p=219827\" data-lang=\"es\" data-related=\"Informaci\u00f3n general:S\u00edguenos para que est\u00e9ss informado\"><\/a><\/div>\n<figure class=\"wp-block-image size-large\"><img loading=\"lazy\" decoding=\"async\" width=\"1024\" height=\"682\" src=\"http:\/\/vertienteglobal.com\/wp-content\/uploads\/2023\/04\/SECOES-Espacios-01-1024x682.jpeg\" alt=\"\" class=\"wp-image-219828\" srcset=\"http:\/\/vertienteglobal.com\/wp-content\/uploads\/2023\/04\/SECOES-Espacios-01-1024x682.jpeg 1024w, http:\/\/vertienteglobal.com\/wp-content\/uploads\/2023\/04\/SECOES-Espacios-01-300x200.jpeg 300w, http:\/\/vertienteglobal.com\/wp-content\/uploads\/2023\/04\/SECOES-Espacios-01-150x100.jpeg 150w, http:\/\/vertienteglobal.com\/wp-content\/uploads\/2023\/04\/SECOES-Espacios-01-768x512.jpeg 768w, http:\/\/vertienteglobal.com\/wp-content\/uploads\/2023\/04\/SECOES-Espacios-01-1536x1023.jpeg 1536w, http:\/\/vertienteglobal.com\/wp-content\/uploads\/2023\/04\/SECOES-Espacios-01.jpeg 1600w\" sizes=\"auto, (max-width: 1024px) 100vw, 1024px\" \/><\/figure>\n\n\n\n<p>(Redacci\u00f3n)<\/p>\n\n\n\n<p>Los temas abordados fueron empat\u00eda y ambiente laboral positivo, equidad e igualdad de g\u00e9nero, perspectiva de g\u00e9nero y nuevas masculinidades<\/p>\n\n\n\n<p>Chetumal, Quintana Roo 09 de abril 2023.- Con el objetivo de crear ambientes laborales arm\u00f3nicos, libres de violencia y fomentar el respeto entre hombres y mujeres, como lo marca el Nuevo Acuerdo por el Bienestar y Desarrollo de Quintana Roo, las y los servidores p\u00fablicos de la Secretar\u00eda de la Contralor\u00eda participaron en una jornada de capacitaci\u00f3n sobre equidad, igualdad y perspectiva de g\u00e9nero.<\/p>\n\n\n\n<p>La jornada de capacitaci\u00f3n fue coordinado por la Subsecretar\u00eda de Investigaci\u00f3n y Vinculaci\u00f3n y la Subsecretar\u00eda de Normatividad y Regulaci\u00f3n e impartida por el personal del Centro Estatal de Prevenci\u00f3n Social del Delito del Secretariado Ejecutivo del Sistema Estatal de Seguridad P\u00fablica de Quintana Roo.<\/p>\n\n\n\n<p>Cabe se\u00f1alar que el Gobierno del Estado, encabezado por la gobernadora Mara Lezama Espinosa trabaja para establecer una nueva pol\u00edtica de igualdad de g\u00e9nero que apunta que todas las mujeres, sin excepci\u00f3n, tengan un futuro con las mismas oportunidades que tienen los hombres y una vida libre de violencia.<\/p>\n\n\n\n<p>Con estos cursos, las y los servidores p\u00fablicos de la SECOES conocieron los conceptos elementales para la identificaci\u00f3n y cuestionamiento de la discriminaci\u00f3n, desigualdad y exclusi\u00f3n de las mujeres en las diferentes estructuras sociales, as\u00ed como impulsar las acciones que deben emprenderse para actuar sobre los factores de g\u00e9nero a fin de crear las condiciones de cambio que permitan avanzar en la construcci\u00f3n de la igualdad de g\u00e9nero; adem\u00e1s de sensibilizarse en materia de equidad de g\u00e9nero, con el objetivo de promover una reflexi\u00f3n respecto a la importancia de llevar a cabo conductas y acciones que permitan reducir la brecha de g\u00e9nero en los distintos \u00e1mbitos de la sociedad.<\/p>\n\n\n\n<p>Los temas que tambi\u00e9n se abordaron en esta capacitaci\u00f3n fueron nuevas masculinidades y empat\u00eda y ambiente laboral positivo.<\/p>\n\n\n\n<figure class=\"wp-block-image size-full\"><img loading=\"lazy\" decoding=\"async\" width=\"585\" height=\"390\" src=\"http:\/\/vertienteglobal.com\/wp-content\/uploads\/2023\/04\/SECOES-Espacios-02-585x390-1.jpeg\" alt=\"\" class=\"wp-image-219829\" srcset=\"http:\/\/vertienteglobal.com\/wp-content\/uploads\/2023\/04\/SECOES-Espacios-02-585x390-1.jpeg 585w, http:\/\/vertienteglobal.com\/wp-content\/uploads\/2023\/04\/SECOES-Espacios-02-585x390-1-300x200.jpeg 300w, http:\/\/vertienteglobal.com\/wp-content\/uploads\/2023\/04\/SECOES-Espacios-02-585x390-1-150x100.jpeg 150w\" sizes=\"auto, (max-width: 585px) 100vw, 585px\" \/><\/figure>\n\n\n\n<figure class=\"wp-block-image size-full\"><img loading=\"lazy\" decoding=\"async\" width=\"585\" height=\"390\" src=\"http:\/\/vertienteglobal.com\/wp-content\/uploads\/2023\/04\/SECOES-Espacios-03-585x390-1.jpeg\" alt=\"\" class=\"wp-image-219830\" srcset=\"http:\/\/vertienteglobal.com\/wp-content\/uploads\/2023\/04\/SECOES-Espacios-03-585x390-1.jpeg 585w, http:\/\/vertienteglobal.com\/wp-content\/uploads\/2023\/04\/SECOES-Espacios-03-585x390-1-300x200.jpeg 300w, http:\/\/vertienteglobal.com\/wp-content\/uploads\/2023\/04\/SECOES-Espacios-03-585x390-1-150x100.jpeg 150w\" sizes=\"auto, (max-width: 585px) 100vw, 585px\" \/><\/figure>\n\n\n\n<figure class=\"wp-block-image size-full\"><img loading=\"lazy\" decoding=\"async\" width=\"585\" height=\"390\" src=\"http:\/\/vertienteglobal.com\/wp-content\/uploads\/2023\/04\/SECOES-Espacios-04-585x390-1.jpeg\" alt=\"\" class=\"wp-image-219831\" srcset=\"http:\/\/vertienteglobal.com\/wp-content\/uploads\/2023\/04\/SECOES-Espacios-04-585x390-1.jpeg 585w, http:\/\/vertienteglobal.com\/wp-content\/uploads\/2023\/04\/SECOES-Espacios-04-585x390-1-300x200.jpeg 300w, http:\/\/vertienteglobal.com\/wp-content\/uploads\/2023\/04\/SECOES-Espacios-04-585x390-1-150x100.jpeg 150w\" sizes=\"auto, (max-width: 585px) 100vw, 585px\" \/><\/figure>\n","protected":false},"excerpt":{"rendered":"<p>(Redacci\u00f3n) Los temas abordados fueron empat\u00eda y ambiente laboral positivo, equidad e igualdad de g\u00e9nero, perspectiva de g\u00e9nero y nuevas masculinidades Chetumal, Quintana Roo 09 de abril 2023.- Con el objetivo de crear ambientes laborales arm\u00f3nicos, libres de violencia y fomentar el respeto entre hombres y mujeres, como lo marca el Nuevo Acuerdo por el [&hellip;]<\/p>\n","protected":false},"author":1,"featured_media":219828,"comment_status":"open","ping_status":"open","sticky":false,"template":"","format":"standard","meta":{"footnotes":""},"categories":[3],"tags":[],"class_list":["post-219827","post","type-post","status-publish","format-standard","has-post-thumbnail","hentry","category-quintana-roo","entry","has-media"],"jetpack_featured_media_url":"http:\/\/vertienteglobal.com\/wp-content\/uploads\/2023\/04\/SECOES-Espacios-01.jpeg","_links":{"self":[{"href":"http:\/\/vertienteglobal.com\/index.php?rest_route=\/wp\/v2\/posts\/219827","targetHints":{"allow":["GET"]}}],"collection":[{"href":"http:\/\/vertienteglobal.com\/index.php?rest_route=\/wp\/v2\/posts"}],"about":[{"href":"http:\/\/vertienteglobal.com\/index.php?rest_route=\/wp\/v2\/types\/post"}],"author":[{"embeddable":true,"href":"http:\/\/vertienteglobal.com\/index.php?rest_route=\/wp\/v2\/users\/1"}],"replies":[{"embeddable":true,"href":"http:\/\/vertienteglobal.com\/index.php?rest_route=%2Fwp%2Fv2%2Fcomments&post=219827"}],"version-history":[{"count":0,"href":"http:\/\/vertienteglobal.com\/index.php?rest_route=\/wp\/v2\/posts\/219827\/revisions"}],"wp:featuredmedia":[{"embeddable":true,"href":"http:\/\/vertienteglobal.com\/index.php?rest_route=\/wp\/v2\/media\/219828"}],"wp:attachment":[{"href":"http:\/\/vertienteglobal.com\/index.php?rest_route=%2Fwp%2Fv2%2Fmedia&parent=219827"}],"wp:term":[{"taxonomy":"category","embeddable":true,"href":"http:\/\/vertienteglobal.com\/index.php?rest_route=%2Fwp%2Fv2%2Fcategories&post=219827"},{"taxonomy":"post_tag","embeddable":true,"href":"http:\/\/vertienteglobal.com\/index.php?rest_route=%2Fwp%2Fv2%2Ftags&post=219827"}],"curies":[{"name":"wp","href":"https:\/\/api.w.org\/{rel}","templated":true}]}}