{"id":219739,"date":"2023-04-07T16:24:00","date_gmt":"2023-04-07T21:24:00","guid":{"rendered":"http:\/\/vertienteglobal.com\/?p=219739"},"modified":"2023-04-07T18:05:10","modified_gmt":"2023-04-07T23:05:10","slug":"caravanas-de-salud-recorreran-todo-el-estado-mara-lezama","status":"publish","type":"post","link":"http:\/\/vertienteglobal.com\/?p=219739","title":{"rendered":"Caravanas de Salud recorrer\u00e1n todo el estado: Mara Lezama"},"content":{"rendered":"\n<div class=\"twitterbutton\" style=\"float: right; padding-left: 5px;\"><a href=\"http:\/\/twitter.com\/share\" class=\"twitter-share-button\" data-count=\"horizontal\" data-text=\"Caravanas de Salud recorrer\u00e1n todo el estado: Mara Lezama\" data-via=\"https:\/\/twitter.com\/VertienteGloba1\" data-url=\"http:\/\/vertienteglobal.com\/?p=219739\" data-lang=\"es\" data-related=\"Informaci\u00f3n general:S\u00edguenos para que est\u00e9ss informado\"><\/a><\/div>\n<figure class=\"wp-block-image size-large\"><img loading=\"lazy\" decoding=\"async\" width=\"1024\" height=\"682\" src=\"http:\/\/vertienteglobal.com\/wp-content\/uploads\/2023\/04\/Mara-Lezama-unidades-medicas1-1024x682.jpeg\" alt=\"\" class=\"wp-image-219740\" srcset=\"http:\/\/vertienteglobal.com\/wp-content\/uploads\/2023\/04\/Mara-Lezama-unidades-medicas1-1024x682.jpeg 1024w, http:\/\/vertienteglobal.com\/wp-content\/uploads\/2023\/04\/Mara-Lezama-unidades-medicas1-300x200.jpeg 300w, http:\/\/vertienteglobal.com\/wp-content\/uploads\/2023\/04\/Mara-Lezama-unidades-medicas1-150x100.jpeg 150w, http:\/\/vertienteglobal.com\/wp-content\/uploads\/2023\/04\/Mara-Lezama-unidades-medicas1-768x512.jpeg 768w, http:\/\/vertienteglobal.com\/wp-content\/uploads\/2023\/04\/Mara-Lezama-unidades-medicas1-1536x1023.jpeg 1536w, http:\/\/vertienteglobal.com\/wp-content\/uploads\/2023\/04\/Mara-Lezama-unidades-medicas1.jpeg 1600w\" sizes=\"auto, (max-width: 1024px) 100vw, 1024px\" \/><\/figure>\n\n\n\n<p>(Redacci\u00f3n)<\/p>\n\n\n\n<p>Anuncia la Gobernadora que con 42 unidades m\u00f3viles m\u00e9dicas se va a recorrer 26 localidades para atender a m\u00e1s de 477 mil habitantes de comunidades apartadas de los 11 municipios<\/p>\n\n\n\n<p>Chetumal, Quintana Roo 07 de abril 2023.- En el marco de la celebraci\u00f3n del D\u00eda Mundial de la Salud, la gobernadora Mara Lezama Espinosa dio a conocer el programa Salud para Todas y Todos que llevar\u00e1 servicios y atenci\u00f3n m\u00e9dica a las comunidades m\u00e1s alejadas del estado.<\/p>\n\n\n\n<p>\u201cEs un operativo sin precedentes en los que pondremos en circulaci\u00f3n un total de 42 unidades m\u00f3viles m\u00e9dicas que recorrer\u00e1n 26 localidades, para dar atenci\u00f3n a m\u00e1s de 477 mil habitantes, de los 11 municipios, a las comunidades m\u00e1s alejadas\u201d, dijo.<\/p>\n\n\n\n<p>Explic\u00f3 que la primera caravana ser\u00e1 el 12 de abril en Chump\u00f3n, perteneciente al municipio de Felipe Carrillo Puerto, donde se dar\u00e1 el banderazo a los Servicios M\u00f3viles de Atenci\u00f3n M\u00e9dica, con el objetivo de ofrecer servicios de forma integral con enfoque en la prevenci\u00f3n, detecci\u00f3n y promoci\u00f3n de la salud.<\/p>\n\n\n\n<p>Se extender\u00e1 la atenci\u00f3n de modo tal que permitan ofrecer un diagn\u00f3stico oportuno a la poblaci\u00f3n m\u00e1s vulnerable, porque en este gobierno del cambio verdadero se acercar\u00e1n los servicios a las comunidades lejanas, coadyuvando en la econom\u00eda y mejor\u00eda en la calidad de atenci\u00f3n de la salud de los ciudadanos que m\u00e1s lo necesitan.<\/p>\n\n\n\n<p>El programa incluye la infraestructura, tecnolog\u00eda de punta y recursos humanos altamente calificados, para atender y detectar problemas de salud. Entre los servicios que se prestar\u00e1n por cada convoy se encuentran consulta m\u00e9dica integral, consultorio dental, rayos X, ultrasonido, mastograf\u00eda, laboratorio cl\u00ednico, orientaci\u00f3n nutricional, orientaci\u00f3n psicol\u00f3gica, optometr\u00eda, aparatos auditivos, ambulancia y farmacia.<\/p>\n\n\n\n<p>Por primera vez en la historia de la salud p\u00fablica de Quintana Roo las comunidades ser\u00e1n visitadas por unidades m\u00e9dicas m\u00f3viles equipadas para estudios de diagn\u00f3stico e imagen que fortalecer\u00e1n los programas dirigidos a los ni\u00f1os, adolescentes, mujeres embarazadas, personas con enfermedades cr\u00f3nicas (diabetes, hipertensi\u00f3n arterial) y adultos mayores.<\/p>\n\n\n\n<p>Asimismo, inform\u00f3 que en los primeros meses de su administraci\u00f3n ha destinado 727 millones de pesos del presupuesto para diversas obras y acciones, as\u00ed como una gesti\u00f3n hist\u00f3rica de m\u00e1s de mil 800 millones de pesos para construir nuevos hospitales donde m\u00e1s se necesitan.<\/p>\n\n\n\n<p>Mara Lezama afirm\u00f3 que todas estas acciones son apenas el comienzo de la transformaci\u00f3n profunda que est\u00e1 llevando a cabo en Quintana Roo en materia de salud, para que nadie se quede atr\u00e1s, de acuerdo con el Nuevo Acuerdo por el Bienestar y Desarrollo que impulsa este gobierno humanista y progresista.<\/p>\n\n\n\n<figure class=\"wp-block-image size-full\"><img loading=\"lazy\" decoding=\"async\" width=\"585\" height=\"439\" src=\"http:\/\/vertienteglobal.com\/wp-content\/uploads\/2023\/04\/Mara-Lezama-unidades-medicas2-585x439-1.jpeg\" alt=\"\" class=\"wp-image-219741\" srcset=\"http:\/\/vertienteglobal.com\/wp-content\/uploads\/2023\/04\/Mara-Lezama-unidades-medicas2-585x439-1.jpeg 585w, http:\/\/vertienteglobal.com\/wp-content\/uploads\/2023\/04\/Mara-Lezama-unidades-medicas2-585x439-1-300x225.jpeg 300w, http:\/\/vertienteglobal.com\/wp-content\/uploads\/2023\/04\/Mara-Lezama-unidades-medicas2-585x439-1-150x113.jpeg 150w\" sizes=\"auto, (max-width: 585px) 100vw, 585px\" \/><\/figure>\n\n\n\n<figure class=\"wp-block-image size-full\"><img loading=\"lazy\" decoding=\"async\" width=\"585\" height=\"418\" src=\"http:\/\/vertienteglobal.com\/wp-content\/uploads\/2023\/04\/Mara-Lezama-unidades-medicas3-585x418-1.jpeg\" alt=\"\" class=\"wp-image-219742\" srcset=\"http:\/\/vertienteglobal.com\/wp-content\/uploads\/2023\/04\/Mara-Lezama-unidades-medicas3-585x418-1.jpeg 585w, http:\/\/vertienteglobal.com\/wp-content\/uploads\/2023\/04\/Mara-Lezama-unidades-medicas3-585x418-1-300x214.jpeg 300w, http:\/\/vertienteglobal.com\/wp-content\/uploads\/2023\/04\/Mara-Lezama-unidades-medicas3-585x418-1-150x107.jpeg 150w\" sizes=\"auto, (max-width: 585px) 100vw, 585px\" \/><\/figure>\n\n\n\n<figure class=\"wp-block-image size-full\"><img loading=\"lazy\" decoding=\"async\" width=\"585\" height=\"390\" src=\"http:\/\/vertienteglobal.com\/wp-content\/uploads\/2023\/04\/Mara-Lezama-unidades-medicas4-585x390-1.jpeg\" alt=\"\" class=\"wp-image-219743\" srcset=\"http:\/\/vertienteglobal.com\/wp-content\/uploads\/2023\/04\/Mara-Lezama-unidades-medicas4-585x390-1.jpeg 585w, http:\/\/vertienteglobal.com\/wp-content\/uploads\/2023\/04\/Mara-Lezama-unidades-medicas4-585x390-1-300x200.jpeg 300w, http:\/\/vertienteglobal.com\/wp-content\/uploads\/2023\/04\/Mara-Lezama-unidades-medicas4-585x390-1-150x100.jpeg 150w\" sizes=\"auto, (max-width: 585px) 100vw, 585px\" \/><\/figure>\n","protected":false},"excerpt":{"rendered":"<p>(Redacci\u00f3n) Anuncia la Gobernadora que con 42 unidades m\u00f3viles m\u00e9dicas se va a recorrer 26 localidades para atender a m\u00e1s de 477 mil habitantes de comunidades apartadas de los 11 municipios Chetumal, Quintana Roo 07 de abril 2023.- En el marco de la celebraci\u00f3n del D\u00eda Mundial de la Salud, la gobernadora Mara Lezama Espinosa [&hellip;]<\/p>\n","protected":false},"author":1,"featured_media":219740,"comment_status":"open","ping_status":"open","sticky":false,"template":"","format":"standard","meta":{"footnotes":""},"categories":[3],"tags":[],"class_list":["post-219739","post","type-post","status-publish","format-standard","has-post-thumbnail","hentry","category-quintana-roo","entry","has-media"],"jetpack_featured_media_url":"http:\/\/vertienteglobal.com\/wp-content\/uploads\/2023\/04\/Mara-Lezama-unidades-medicas1.jpeg","_links":{"self":[{"href":"http:\/\/vertienteglobal.com\/index.php?rest_route=\/wp\/v2\/posts\/219739","targetHints":{"allow":["GET"]}}],"collection":[{"href":"http:\/\/vertienteglobal.com\/index.php?rest_route=\/wp\/v2\/posts"}],"about":[{"href":"http:\/\/vertienteglobal.com\/index.php?rest_route=\/wp\/v2\/types\/post"}],"author":[{"embeddable":true,"href":"http:\/\/vertienteglobal.com\/index.php?rest_route=\/wp\/v2\/users\/1"}],"replies":[{"embeddable":true,"href":"http:\/\/vertienteglobal.com\/index.php?rest_route=%2Fwp%2Fv2%2Fcomments&post=219739"}],"version-history":[{"count":0,"href":"http:\/\/vertienteglobal.com\/index.php?rest_route=\/wp\/v2\/posts\/219739\/revisions"}],"wp:featuredmedia":[{"embeddable":true,"href":"http:\/\/vertienteglobal.com\/index.php?rest_route=\/wp\/v2\/media\/219740"}],"wp:attachment":[{"href":"http:\/\/vertienteglobal.com\/index.php?rest_route=%2Fwp%2Fv2%2Fmedia&parent=219739"}],"wp:term":[{"taxonomy":"category","embeddable":true,"href":"http:\/\/vertienteglobal.com\/index.php?rest_route=%2Fwp%2Fv2%2Fcategories&post=219739"},{"taxonomy":"post_tag","embeddable":true,"href":"http:\/\/vertienteglobal.com\/index.php?rest_route=%2Fwp%2Fv2%2Ftags&post=219739"}],"curies":[{"name":"wp","href":"https:\/\/api.w.org\/{rel}","templated":true}]}}