{"id":219733,"date":"2023-04-07T15:36:00","date_gmt":"2023-04-07T20:36:00","guid":{"rendered":"http:\/\/vertienteglobal.com\/?p=219733"},"modified":"2023-04-07T18:03:27","modified_gmt":"2023-04-07T23:03:27","slug":"quintana-roo-se-proclama-campeon-de-zona-en-macro-regional-de-halterofilia","status":"publish","type":"post","link":"http:\/\/vertienteglobal.com\/?p=219733","title":{"rendered":"Quintana Roo se proclama campe\u00f3n de zona en Macro Regional de halterofilia"},"content":{"rendered":"\n<div class=\"twitterbutton\" style=\"float: right; padding-left: 5px;\"><a href=\"http:\/\/twitter.com\/share\" class=\"twitter-share-button\" data-count=\"horizontal\" data-text=\"Quintana Roo se proclama campe\u00f3n de zona en Macro Regional de halterofilia\" data-via=\"https:\/\/twitter.com\/VertienteGloba1\" data-url=\"http:\/\/vertienteglobal.com\/?p=219733\" data-lang=\"es\" data-related=\"Informaci\u00f3n general:S\u00edguenos para que est\u00e9ss informado\"><\/a><\/div>\n<figure class=\"wp-block-image size-large\"><img loading=\"lazy\" decoding=\"async\" width=\"1024\" height=\"700\" src=\"http:\/\/vertienteglobal.com\/wp-content\/uploads\/2023\/04\/cojudeq-pesas8-1024x700.jpeg\" alt=\"\" class=\"wp-image-219734\" srcset=\"http:\/\/vertienteglobal.com\/wp-content\/uploads\/2023\/04\/cojudeq-pesas8-1024x700.jpeg 1024w, http:\/\/vertienteglobal.com\/wp-content\/uploads\/2023\/04\/cojudeq-pesas8-300x205.jpeg 300w, http:\/\/vertienteglobal.com\/wp-content\/uploads\/2023\/04\/cojudeq-pesas8-150x103.jpeg 150w, http:\/\/vertienteglobal.com\/wp-content\/uploads\/2023\/04\/cojudeq-pesas8-768x525.jpeg 768w, http:\/\/vertienteglobal.com\/wp-content\/uploads\/2023\/04\/cojudeq-pesas8-1536x1050.jpeg 1536w, http:\/\/vertienteglobal.com\/wp-content\/uploads\/2023\/04\/cojudeq-pesas8.jpeg 1600w\" sizes=\"auto, (max-width: 1024px) 100vw, 1024px\" \/><\/figure>\n\n\n\n<p>(Redacci\u00f3n)<\/p>\n\n\n\n<p>El equipo cerr\u00f3 su participaci\u00f3n de la eliminatoria en Canc\u00fan, con un total de 25 monarcas clasificados a los Nacionales CONADE 2023<\/p>\n\n\n\n<p>Canc\u00fan, Quintana Roo 07 de abril 2023.- Luego de tres d\u00edas de intensa actividad en el Poliforum \u201cBenito Ju\u00e1rez\u201d de Canc\u00fan, concluy\u00f3 con \u00e9xito la eliminatoria Macro Regional de levantamiento de pesas, donde la Selecci\u00f3n de Quintana Roo se alz\u00f3 como la campeona de la zona, tras finalizar con 25 campeones, logrando el mismo n\u00famero de clasificados a los Nacionales CONADE 2023.<\/p>\n\n\n\n<p>Continuando con las acciones del Nuevo Acuerdo por el Bienestar y Desarrollo que promueve la gobernadora Mara Lezama Espinosa, la Comisi\u00f3n para la Juventud y el Deporte de Quintana Roo (COJUDEQ), que preside Eric Arcila Arjona, se encarg\u00f3 de la log\u00edstica y organizaci\u00f3n este proceso eliminatorio, en el que recibieron a m\u00e1s de 300 competidores de 11 delegaciones.<\/p>\n\n\n\n<p>Con un total de 25 campeones en el Macro Regional, Quintana Roo logr\u00f3 ubicarse como campe\u00f3n en la zona \u201cC\u201d, dejando en segundo y tercer puesto a estados como Veracruz y Yucat\u00e1n, tras haber conseguido tan solo 17 y 16 pases directos, respectivamente.<\/p>\n\n\n\n<p>En lo que fue el \u00faltimo d\u00eda competencias, las y los atletas quintanarroenses lograron cuatro boletos m\u00e1s, destacando que en la rama femenil dos atletas se alzaron con el campeonato; en la categor\u00eda de la Sub-23 en la divisi\u00f3n de los 45 kilogramos triunf\u00f3 Melissa Cruz Gonz\u00e1lez; en tanto, en la misma divisi\u00f3n, Andrea Manzanero Noh logr\u00f3 imponerse en los 81 kilos.<\/p>\n\n\n\n<p>En la rama varonil tambi\u00e9n se lograron dos pases, uno fue en la Sub-23, con Jes\u00fas Gil Uc, en los 96 kilos y tambi\u00e9n logr\u00f3 el campeonato el seleccionado nacional, V\u00edctor G\u00fc\u00e9mez Cel, quien logr\u00f3 el cetro en los 61 kilogramos y, adem\u00e1s, se mantiene trabajando en su proceso para llegar a los Juegos Ol\u00edmpicos de Francia 2024.<\/p>\n\n\n\n<p>De esta forma Quintana Roo sum\u00f3 sus 25 pases directos, mismos que entre ellos estar\u00e1n varios campeones Nacionales, con importante oportunidad de refrendar este acto en Tepic, Nayarit.<\/p>\n\n\n\n<figure class=\"wp-block-image size-full\"><img loading=\"lazy\" decoding=\"async\" width=\"585\" height=\"697\" src=\"http:\/\/vertienteglobal.com\/wp-content\/uploads\/2023\/04\/cojudeq-pesas1-585x697-1.jpeg\" alt=\"\" class=\"wp-image-219735\" srcset=\"http:\/\/vertienteglobal.com\/wp-content\/uploads\/2023\/04\/cojudeq-pesas1-585x697-1.jpeg 585w, http:\/\/vertienteglobal.com\/wp-content\/uploads\/2023\/04\/cojudeq-pesas1-585x697-1-252x300.jpeg 252w, http:\/\/vertienteglobal.com\/wp-content\/uploads\/2023\/04\/cojudeq-pesas1-585x697-1-126x150.jpeg 126w\" sizes=\"auto, (max-width: 585px) 100vw, 585px\" \/><\/figure>\n\n\n\n<figure class=\"wp-block-image size-full\"><img loading=\"lazy\" decoding=\"async\" width=\"585\" height=\"866\" src=\"http:\/\/vertienteglobal.com\/wp-content\/uploads\/2023\/04\/cojudeq-pesas4-585x866-1.jpeg\" alt=\"\" class=\"wp-image-219736\" srcset=\"http:\/\/vertienteglobal.com\/wp-content\/uploads\/2023\/04\/cojudeq-pesas4-585x866-1.jpeg 585w, http:\/\/vertienteglobal.com\/wp-content\/uploads\/2023\/04\/cojudeq-pesas4-585x866-1-203x300.jpeg 203w, http:\/\/vertienteglobal.com\/wp-content\/uploads\/2023\/04\/cojudeq-pesas4-585x866-1-101x150.jpeg 101w\" sizes=\"auto, (max-width: 585px) 100vw, 585px\" \/><\/figure>\n\n\n\n<figure class=\"wp-block-image size-full\"><img loading=\"lazy\" decoding=\"async\" width=\"585\" height=\"709\" src=\"http:\/\/vertienteglobal.com\/wp-content\/uploads\/2023\/04\/cojudeq-pesas2-585x709-1.jpeg\" alt=\"\" class=\"wp-image-219737\" srcset=\"http:\/\/vertienteglobal.com\/wp-content\/uploads\/2023\/04\/cojudeq-pesas2-585x709-1.jpeg 585w, http:\/\/vertienteglobal.com\/wp-content\/uploads\/2023\/04\/cojudeq-pesas2-585x709-1-248x300.jpeg 248w, http:\/\/vertienteglobal.com\/wp-content\/uploads\/2023\/04\/cojudeq-pesas2-585x709-1-124x150.jpeg 124w\" sizes=\"auto, (max-width: 585px) 100vw, 585px\" \/><\/figure>\n","protected":false},"excerpt":{"rendered":"<p>(Redacci\u00f3n) El equipo cerr\u00f3 su participaci\u00f3n de la eliminatoria en Canc\u00fan, con un total de 25 monarcas clasificados a los Nacionales CONADE 2023 Canc\u00fan, Quintana Roo 07 de abril 2023.- Luego de tres d\u00edas de intensa actividad en el Poliforum \u201cBenito Ju\u00e1rez\u201d de Canc\u00fan, concluy\u00f3 con \u00e9xito la eliminatoria Macro Regional de levantamiento de pesas, [&hellip;]<\/p>\n","protected":false},"author":1,"featured_media":219734,"comment_status":"open","ping_status":"open","sticky":false,"template":"","format":"standard","meta":{"footnotes":""},"categories":[11,3],"tags":[],"class_list":["post-219733","post","type-post","status-publish","format-standard","has-post-thumbnail","hentry","category-deportes","category-quintana-roo","entry","has-media"],"jetpack_featured_media_url":"http:\/\/vertienteglobal.com\/wp-content\/uploads\/2023\/04\/cojudeq-pesas8.jpeg","_links":{"self":[{"href":"http:\/\/vertienteglobal.com\/index.php?rest_route=\/wp\/v2\/posts\/219733","targetHints":{"allow":["GET"]}}],"collection":[{"href":"http:\/\/vertienteglobal.com\/index.php?rest_route=\/wp\/v2\/posts"}],"about":[{"href":"http:\/\/vertienteglobal.com\/index.php?rest_route=\/wp\/v2\/types\/post"}],"author":[{"embeddable":true,"href":"http:\/\/vertienteglobal.com\/index.php?rest_route=\/wp\/v2\/users\/1"}],"replies":[{"embeddable":true,"href":"http:\/\/vertienteglobal.com\/index.php?rest_route=%2Fwp%2Fv2%2Fcomments&post=219733"}],"version-history":[{"count":0,"href":"http:\/\/vertienteglobal.com\/index.php?rest_route=\/wp\/v2\/posts\/219733\/revisions"}],"wp:featuredmedia":[{"embeddable":true,"href":"http:\/\/vertienteglobal.com\/index.php?rest_route=\/wp\/v2\/media\/219734"}],"wp:attachment":[{"href":"http:\/\/vertienteglobal.com\/index.php?rest_route=%2Fwp%2Fv2%2Fmedia&parent=219733"}],"wp:term":[{"taxonomy":"category","embeddable":true,"href":"http:\/\/vertienteglobal.com\/index.php?rest_route=%2Fwp%2Fv2%2Fcategories&post=219733"},{"taxonomy":"post_tag","embeddable":true,"href":"http:\/\/vertienteglobal.com\/index.php?rest_route=%2Fwp%2Fv2%2Ftags&post=219733"}],"curies":[{"name":"wp","href":"https:\/\/api.w.org\/{rel}","templated":true}]}}