{"id":219616,"date":"2023-04-01T19:52:00","date_gmt":"2023-04-02T01:52:00","guid":{"rendered":"http:\/\/vertienteglobal.com\/?p=219616"},"modified":"2023-04-07T11:21:34","modified_gmt":"2023-04-07T16:21:34","slug":"hay-continuidad-del-gobierno-durante-descanso-de-amlo-asegura-adan-augusto-lopez","status":"publish","type":"post","link":"http:\/\/vertienteglobal.com\/?p=219616","title":{"rendered":"Hay continuidad del gobierno durante descanso de AMLO, asegura Ad\u00e1n Augusto L\u00f3pez"},"content":{"rendered":"\n<div class=\"twitterbutton\" style=\"float: right; padding-left: 5px;\"><a href=\"http:\/\/twitter.com\/share\" class=\"twitter-share-button\" data-count=\"horizontal\" data-text=\"Hay continuidad del gobierno durante descanso de AMLO, asegura Ad\u00e1n Augusto L\u00f3...\" data-via=\"https:\/\/twitter.com\/VertienteGloba1\" data-url=\"http:\/\/vertienteglobal.com\/?p=219616\" data-lang=\"es\" data-related=\"Informaci\u00f3n general:S\u00edguenos para que est\u00e9ss informado\"><\/a><\/div>\n<figure class=\"wp-block-image size-full\"><img loading=\"lazy\" decoding=\"async\" width=\"1024\" height=\"683\" src=\"http:\/\/vertienteglobal.com\/wp-content\/uploads\/2023\/04\/203063.jpg\" alt=\"\" class=\"wp-image-219617\" srcset=\"http:\/\/vertienteglobal.com\/wp-content\/uploads\/2023\/04\/203063.jpg 1024w, http:\/\/vertienteglobal.com\/wp-content\/uploads\/2023\/04\/203063-300x200.jpg 300w, http:\/\/vertienteglobal.com\/wp-content\/uploads\/2023\/04\/203063-150x100.jpg 150w, http:\/\/vertienteglobal.com\/wp-content\/uploads\/2023\/04\/203063-768x512.jpg 768w\" sizes=\"auto, (max-width: 1024px) 100vw, 1024px\" \/><\/figure>\n\n\n\n<p>(Redacci\u00f3n)<\/p>\n\n\n\n<p>L\u00f3pez Obrador retomar\u00e1 sus actividades el lunes 10 de abril<\/p>\n\n\n\n<p>Ciudad de M\u00e9xico 06 de abril 2023.-El secretario de Gobernaci\u00f3n, Ad\u00e1n Augusto L\u00f3pez, asegur\u00f3 que se mantendr\u00e1 la coordinaci\u00f3n con los estados durante la Semana Santa para garantizar la seguridad.<\/p>\n\n\n\n<p>El presidente de M\u00e9xico, Andr\u00e9s Manuel L\u00f3pez Obrador, ha tomado el puente de Semana Santa para descansar en su quinta en Palenque, Chiapas, y el secretario de Gobernaci\u00f3n ha afirmado que durante estos d\u00edas de descanso, el gobierno federal continuar\u00e1 trabajando en cualquier eventualidad que pueda surgir.<\/p>\n\n\n\n<p>L\u00f3pez Obrador retomar\u00e1 sus actividades el lunes 10 de abril.(Fuente: LD\/Agencias)<\/p>\n","protected":false},"excerpt":{"rendered":"<p>(Redacci\u00f3n) L\u00f3pez Obrador retomar\u00e1 sus actividades el lunes 10 de abril Ciudad de M\u00e9xico 06 de abril 2023.-El secretario de Gobernaci\u00f3n, Ad\u00e1n Augusto L\u00f3pez, asegur\u00f3 que se mantendr\u00e1 la coordinaci\u00f3n con los estados durante la Semana Santa para garantizar la seguridad. El presidente de M\u00e9xico, Andr\u00e9s Manuel L\u00f3pez Obrador, ha tomado el puente de Semana [&hellip;]<\/p>\n","protected":false},"author":1,"featured_media":219617,"comment_status":"open","ping_status":"open","sticky":false,"template":"","format":"standard","meta":{"footnotes":""},"categories":[8],"tags":[],"class_list":["post-219616","post","type-post","status-publish","format-standard","has-post-thumbnail","hentry","category-pais","entry","has-media"],"jetpack_featured_media_url":"http:\/\/vertienteglobal.com\/wp-content\/uploads\/2023\/04\/203063.jpg","_links":{"self":[{"href":"http:\/\/vertienteglobal.com\/index.php?rest_route=\/wp\/v2\/posts\/219616","targetHints":{"allow":["GET"]}}],"collection":[{"href":"http:\/\/vertienteglobal.com\/index.php?rest_route=\/wp\/v2\/posts"}],"about":[{"href":"http:\/\/vertienteglobal.com\/index.php?rest_route=\/wp\/v2\/types\/post"}],"author":[{"embeddable":true,"href":"http:\/\/vertienteglobal.com\/index.php?rest_route=\/wp\/v2\/users\/1"}],"replies":[{"embeddable":true,"href":"http:\/\/vertienteglobal.com\/index.php?rest_route=%2Fwp%2Fv2%2Fcomments&post=219616"}],"version-history":[{"count":0,"href":"http:\/\/vertienteglobal.com\/index.php?rest_route=\/wp\/v2\/posts\/219616\/revisions"}],"wp:featuredmedia":[{"embeddable":true,"href":"http:\/\/vertienteglobal.com\/index.php?rest_route=\/wp\/v2\/media\/219617"}],"wp:attachment":[{"href":"http:\/\/vertienteglobal.com\/index.php?rest_route=%2Fwp%2Fv2%2Fmedia&parent=219616"}],"wp:term":[{"taxonomy":"category","embeddable":true,"href":"http:\/\/vertienteglobal.com\/index.php?rest_route=%2Fwp%2Fv2%2Fcategories&post=219616"},{"taxonomy":"post_tag","embeddable":true,"href":"http:\/\/vertienteglobal.com\/index.php?rest_route=%2Fwp%2Fv2%2Ftags&post=219616"}],"curies":[{"name":"wp","href":"https:\/\/api.w.org\/{rel}","templated":true}]}}