{"id":219528,"date":"2023-04-05T00:30:00","date_gmt":"2023-04-05T05:30:00","guid":{"rendered":"http:\/\/vertienteglobal.com\/?p=219528"},"modified":"2023-04-07T09:35:31","modified_gmt":"2023-04-07T14:35:31","slug":"equipo-completo-de-tenis-de-mesa-de-quintana-roo-avanza-al-nacional-conade-2023","status":"publish","type":"post","link":"http:\/\/vertienteglobal.com\/?p=219528","title":{"rendered":"Equipo completo de tenis de mesa de Quintana Roo avanza al Nacional CONADE 2023"},"content":{"rendered":"\n<div class=\"twitterbutton\" style=\"float: right; padding-left: 5px;\"><a href=\"http:\/\/twitter.com\/share\" class=\"twitter-share-button\" data-count=\"horizontal\" data-text=\"Equipo completo de tenis de mesa de Quintana Roo avanza al Nacional CONADE 2023\" data-via=\"https:\/\/twitter.com\/VertienteGloba1\" data-url=\"http:\/\/vertienteglobal.com\/?p=219528\" data-lang=\"es\" data-related=\"Informaci\u00f3n general:S\u00edguenos para que est\u00e9ss informado\"><\/a><\/div>\n<figure class=\"wp-block-image size-large\"><img loading=\"lazy\" decoding=\"async\" width=\"1024\" height=\"682\" src=\"http:\/\/vertienteglobal.com\/wp-content\/uploads\/2023\/04\/FB_IMG_1680877621775-1024x682.jpg\" alt=\"\" class=\"wp-image-219533\" srcset=\"http:\/\/vertienteglobal.com\/wp-content\/uploads\/2023\/04\/FB_IMG_1680877621775-1024x682.jpg 1024w, http:\/\/vertienteglobal.com\/wp-content\/uploads\/2023\/04\/FB_IMG_1680877621775-300x200.jpg 300w, http:\/\/vertienteglobal.com\/wp-content\/uploads\/2023\/04\/FB_IMG_1680877621775-150x100.jpg 150w, http:\/\/vertienteglobal.com\/wp-content\/uploads\/2023\/04\/FB_IMG_1680877621775-768x512.jpg 768w, http:\/\/vertienteglobal.com\/wp-content\/uploads\/2023\/04\/FB_IMG_1680877621775.jpg 1081w\" sizes=\"auto, (max-width: 1024px) 100vw, 1024px\" \/><\/figure>\n\n\n\n<p>(Redacci\u00f3n)<\/p>\n\n\n\n<p>El selectivo estatal obtuvo un total de 20 clasificados durante su participaci\u00f3n en el Macro Regional<\/p>\n\n\n\n<p>M\u00e9rida, Yucat\u00e1n 05 de abril 2023.- El equipo de tenis de mesa de Quintana Roo clasific\u00f3 a la \u00faltima fase de los Nacionales CONADE 2023 con 20 atletas, quienes obtuvieron su pase durante su participaci\u00f3n en el Macro Regional en M\u00e9rida, Yucat\u00e1n.<\/p>\n\n\n\n<p>El Gobierno de Quintana Roo, liderado por Mara Lezama, impulsa el deporte como herramienta para la integraci\u00f3n social y el desarrollo personal dentro del Nuevo Acuerdo por el Bienestar y Desarrollo.<\/p>\n\n\n\n<p>El equipo quintanarroense viaj\u00f3 al Complejo Deportivo \u201cKukulc\u00e1n\u201d para competir en el Multigimnasio \u201cSocorro Cer\u00f3n Herrera\u201d, donde los 20 seleccionados aseguraron su boleto para la final de la competencia nacional.<\/p>\n\n\n\n<p>Eric Arcila Arjona, presidente de la Comisi\u00f3n para la Juventud y el Deporte de Quintana Roo (COJUDEQ), destac\u00f3 la dedicaci\u00f3n y entrega de los atletas, quienes lograron clasificar en distintas categor\u00edas.<\/p>\n\n\n\n<p>En la categor\u00eda 13-15 a\u00f1os, los clasificados fueron El\u00edas Ancona Becerra, Guillermo Herrera-Ibarrola Jim\u00e9nez, \u00c1lvaro Manuel Maga\u00f1a Lemus, Santiago Vigil Monroy, Maryana Erlynda Pe\u00f1a Escamilla y Khala Fernanda Montelongo S\u00e1nchez.<\/p>\n\n\n\n<p>En la categor\u00eda 16-19 a\u00f1os, avanzaron Rodrigo Tapia Aguirre, Said Antonio Pe\u00f1a Escamilla, Gael Cabrera Espinosa, Iosef Vincze G\u00e1lica, Silvia Ixchel Reyes Ram\u00edrez, Hannah Tamara Mart\u00edn Ruiz, Alessandra de la Rosa Cervantes y Ana Carolina D\u00edaz Ben\u00edtez.<\/p>\n\n\n\n<p>Y en la categor\u00eda 20-21 a\u00f1os, los clasificados fueron Dar\u00edo Arce Reza, Javier Adair Uc Garc\u00eda, Ana Carolina Maga\u00f1a Lemus, Cl\u00edo Yohanam B\u00e1rcenas Escalona, Frida Puebla L\u00f3pez y Nichole Maga\u00f1a Lemus.<\/p>\n\n\n\n<figure class=\"wp-block-image size-full\"><img loading=\"lazy\" decoding=\"async\" width=\"585\" height=\"390\" src=\"http:\/\/vertienteglobal.com\/wp-content\/uploads\/2023\/04\/FB_IMG_1680877626396.jpg\" alt=\"\" class=\"wp-image-219534\" srcset=\"http:\/\/vertienteglobal.com\/wp-content\/uploads\/2023\/04\/FB_IMG_1680877626396.jpg 585w, http:\/\/vertienteglobal.com\/wp-content\/uploads\/2023\/04\/FB_IMG_1680877626396-300x200.jpg 300w, http:\/\/vertienteglobal.com\/wp-content\/uploads\/2023\/04\/FB_IMG_1680877626396-150x100.jpg 150w\" sizes=\"auto, (max-width: 585px) 100vw, 585px\" \/><\/figure>\n\n\n\n<figure class=\"wp-block-image size-full\"><img loading=\"lazy\" decoding=\"async\" width=\"585\" height=\"277\" src=\"http:\/\/vertienteglobal.com\/wp-content\/uploads\/2023\/04\/FB_IMG_1680877630181.jpg\" alt=\"\" class=\"wp-image-219535\" srcset=\"http:\/\/vertienteglobal.com\/wp-content\/uploads\/2023\/04\/FB_IMG_1680877630181.jpg 585w, http:\/\/vertienteglobal.com\/wp-content\/uploads\/2023\/04\/FB_IMG_1680877630181-300x142.jpg 300w, http:\/\/vertienteglobal.com\/wp-content\/uploads\/2023\/04\/FB_IMG_1680877630181-150x71.jpg 150w\" sizes=\"auto, (max-width: 585px) 100vw, 585px\" \/><\/figure>\n\n\n\n<figure class=\"wp-block-image size-large\"><img loading=\"lazy\" decoding=\"async\" width=\"1024\" height=\"682\" src=\"http:\/\/vertienteglobal.com\/wp-content\/uploads\/2023\/04\/FB_IMG_1680877621775-1-1024x682.jpg\" alt=\"\" class=\"wp-image-219536\" srcset=\"http:\/\/vertienteglobal.com\/wp-content\/uploads\/2023\/04\/FB_IMG_1680877621775-1-1024x682.jpg 1024w, http:\/\/vertienteglobal.com\/wp-content\/uploads\/2023\/04\/FB_IMG_1680877621775-1-300x200.jpg 300w, http:\/\/vertienteglobal.com\/wp-content\/uploads\/2023\/04\/FB_IMG_1680877621775-1-150x100.jpg 150w, http:\/\/vertienteglobal.com\/wp-content\/uploads\/2023\/04\/FB_IMG_1680877621775-1-768x512.jpg 768w, http:\/\/vertienteglobal.com\/wp-content\/uploads\/2023\/04\/FB_IMG_1680877621775-1.jpg 1081w\" sizes=\"auto, (max-width: 1024px) 100vw, 1024px\" \/><\/figure>\n","protected":false},"excerpt":{"rendered":"<p>(Redacci\u00f3n) El selectivo estatal obtuvo un total de 20 clasificados durante su participaci\u00f3n en el Macro Regional M\u00e9rida, Yucat\u00e1n 05 de abril 2023.- El equipo de tenis de mesa de Quintana Roo clasific\u00f3 a la \u00faltima fase de los Nacionales CONADE 2023 con 20 atletas, quienes obtuvieron su pase durante su participaci\u00f3n en el Macro [&hellip;]<\/p>\n","protected":false},"author":1,"featured_media":219534,"comment_status":"open","ping_status":"open","sticky":false,"template":"","format":"standard","meta":{"footnotes":""},"categories":[11,3,2],"tags":[],"class_list":["post-219528","post","type-post","status-publish","format-standard","has-post-thumbnail","hentry","category-deportes","category-quintana-roo","category-yucatan","entry","has-media"],"jetpack_featured_media_url":"http:\/\/vertienteglobal.com\/wp-content\/uploads\/2023\/04\/FB_IMG_1680877626396.jpg","_links":{"self":[{"href":"http:\/\/vertienteglobal.com\/index.php?rest_route=\/wp\/v2\/posts\/219528","targetHints":{"allow":["GET"]}}],"collection":[{"href":"http:\/\/vertienteglobal.com\/index.php?rest_route=\/wp\/v2\/posts"}],"about":[{"href":"http:\/\/vertienteglobal.com\/index.php?rest_route=\/wp\/v2\/types\/post"}],"author":[{"embeddable":true,"href":"http:\/\/vertienteglobal.com\/index.php?rest_route=\/wp\/v2\/users\/1"}],"replies":[{"embeddable":true,"href":"http:\/\/vertienteglobal.com\/index.php?rest_route=%2Fwp%2Fv2%2Fcomments&post=219528"}],"version-history":[{"count":0,"href":"http:\/\/vertienteglobal.com\/index.php?rest_route=\/wp\/v2\/posts\/219528\/revisions"}],"wp:featuredmedia":[{"embeddable":true,"href":"http:\/\/vertienteglobal.com\/index.php?rest_route=\/wp\/v2\/media\/219534"}],"wp:attachment":[{"href":"http:\/\/vertienteglobal.com\/index.php?rest_route=%2Fwp%2Fv2%2Fmedia&parent=219528"}],"wp:term":[{"taxonomy":"category","embeddable":true,"href":"http:\/\/vertienteglobal.com\/index.php?rest_route=%2Fwp%2Fv2%2Fcategories&post=219528"},{"taxonomy":"post_tag","embeddable":true,"href":"http:\/\/vertienteglobal.com\/index.php?rest_route=%2Fwp%2Fv2%2Ftags&post=219528"}],"curies":[{"name":"wp","href":"https:\/\/api.w.org\/{rel}","templated":true}]}}