{"id":219460,"date":"2023-04-03T20:43:00","date_gmt":"2023-04-04T01:43:00","guid":{"rendered":"http:\/\/vertienteglobal.com\/?p=219460"},"modified":"2023-04-04T14:24:29","modified_gmt":"2023-04-04T19:24:29","slug":"recibio-emir-bellos-el-plan-de-desarrollo-turistico-en-la-47-edicion-del-tianguis-turistico-por-parte-dela-sedetur","status":"publish","type":"post","link":"http:\/\/vertienteglobal.com\/?p=219460","title":{"rendered":"Recibi\u00f3 Emir Bellos el Plan de Desarrollo Tur\u00edstico en la 47\u00b0 Edici\u00f3n del Tianguis Tur\u00edstico por la SEDETUR"},"content":{"rendered":"\n<div class=\"twitterbutton\" style=\"float: right; padding-left: 5px;\"><a href=\"http:\/\/twitter.com\/share\" class=\"twitter-share-button\" data-count=\"horizontal\" data-text=\"Recibi\u00f3 Emir Bellos el Plan de Desarrollo Tur\u00edstico en la 47\u00b0 Edici\u00f3n del Ti...\" data-via=\"https:\/\/twitter.com\/VertienteGloba1\" data-url=\"http:\/\/vertienteglobal.com\/?p=219460\" data-lang=\"es\" data-related=\"Informaci\u00f3n general:S\u00edguenos para que est\u00e9ss informado\"><\/a><\/div>\n<figure class=\"wp-block-image size-full\"><img loading=\"lazy\" decoding=\"async\" width=\"960\" height=\"557\" src=\"http:\/\/vertienteglobal.com\/wp-content\/uploads\/2023\/04\/FB_IMG_16806335731292.jpg\" alt=\"\" class=\"wp-image-219461\" srcset=\"http:\/\/vertienteglobal.com\/wp-content\/uploads\/2023\/04\/FB_IMG_16806335731292.jpg 960w, http:\/\/vertienteglobal.com\/wp-content\/uploads\/2023\/04\/FB_IMG_16806335731292-300x174.jpg 300w, http:\/\/vertienteglobal.com\/wp-content\/uploads\/2023\/04\/FB_IMG_16806335731292-150x87.jpg 150w, http:\/\/vertienteglobal.com\/wp-content\/uploads\/2023\/04\/FB_IMG_16806335731292-768x446.jpg 768w\" sizes=\"auto, (max-width: 960px) 100vw, 960px\" \/><\/figure>\n\n\n\n<p>(Redacci\u00f3n)<\/p>\n\n\n\n<p>El edil agradecio a la Asociaci\u00f3n de Hoteles de Isla Holbox y a empresarios, por el trabajo en equipo durante estos tres d\u00edas del Tianguis Tur\u00edstico, trayendo buenos resultados al municipio.<\/p>\n\n\n\n<p>Kantunilkin Quintana Roo.- En la 47\u00b0 Edici\u00f3n del Tianguis Tur\u00edstico de M\u00e9xico 2023, el Presidente Municipal, M.D. Orlando Emir Bellos Tun, recibi\u00f3 por parte de la Secretaria de Turismo del Estado (SEDETUR), el Plan de Desarrollo Tur\u00edstico, siendo este el resultado de un trabajo realizado por FONATUR en el a\u00f1o 2022 en nuestras comunidades de L\u00e1zaro C\u00e1rdenas, con el objetivo de crear e impulsar un corredor tur\u00edstico desde la comunidad de Pac Chen hasta el Puerto de Chiquila.<\/p>\n\n\n\n<p>A trav\u00e9s de la Coordinaci\u00f3n de Turismo dimos a conocer en este evento las comunidades: Pac Chen, Nuevo Durango, Tres Reyes, Cedral, Cinco Cenotes, Solferino y el Puerto de Chiquila, logrando captar el inter\u00e9s por parte de varias agencias con fines a actividades enfocadas a la naturaleza y aventura.<\/p>\n\n\n\n<p>El edil agradecio a la Asociaci\u00f3n de Hoteles de Isla Holbox y a empresarios, por el trabajo en equipo durante estos tres d\u00edas del Tianguis Tur\u00edstico, trayendo buenos resultados al municipio.<\/p>\n\n\n\n<p>Asimismo, se habilit\u00f3 el siguiente portal para que los turistas puedan obtener mayor informaci\u00f3n en su pr\u00f3xima visita a L\u00e1zaro C\u00e1rdenas.<\/p>\n\n\n\n<figure class=\"wp-block-image size-full\"><img loading=\"lazy\" decoding=\"async\" width=\"716\" height=\"839\" src=\"http:\/\/vertienteglobal.com\/wp-content\/uploads\/2023\/04\/FB_IMG_16806335582322.jpg\" alt=\"\" class=\"wp-image-219462\" srcset=\"http:\/\/vertienteglobal.com\/wp-content\/uploads\/2023\/04\/FB_IMG_16806335582322.jpg 716w, http:\/\/vertienteglobal.com\/wp-content\/uploads\/2023\/04\/FB_IMG_16806335582322-256x300.jpg 256w, http:\/\/vertienteglobal.com\/wp-content\/uploads\/2023\/04\/FB_IMG_16806335582322-128x150.jpg 128w\" sizes=\"auto, (max-width: 716px) 100vw, 716px\" \/><\/figure>\n\n\n\n<figure class=\"wp-block-image size-full\"><img loading=\"lazy\" decoding=\"async\" width=\"720\" height=\"960\" src=\"http:\/\/vertienteglobal.com\/wp-content\/uploads\/2023\/04\/FB_IMG_1680633569151.jpg\" alt=\"\" class=\"wp-image-219463\" srcset=\"http:\/\/vertienteglobal.com\/wp-content\/uploads\/2023\/04\/FB_IMG_1680633569151.jpg 720w, http:\/\/vertienteglobal.com\/wp-content\/uploads\/2023\/04\/FB_IMG_1680633569151-225x300.jpg 225w, http:\/\/vertienteglobal.com\/wp-content\/uploads\/2023\/04\/FB_IMG_1680633569151-113x150.jpg 113w\" sizes=\"auto, (max-width: 720px) 100vw, 720px\" \/><\/figure>\n\n\n\n<figure class=\"wp-block-image size-full\"><img loading=\"lazy\" decoding=\"async\" width=\"768\" height=\"960\" src=\"http:\/\/vertienteglobal.com\/wp-content\/uploads\/2023\/04\/FB_IMG_1680633577127.jpg\" alt=\"\" class=\"wp-image-219464\" srcset=\"http:\/\/vertienteglobal.com\/wp-content\/uploads\/2023\/04\/FB_IMG_1680633577127.jpg 768w, http:\/\/vertienteglobal.com\/wp-content\/uploads\/2023\/04\/FB_IMG_1680633577127-240x300.jpg 240w, http:\/\/vertienteglobal.com\/wp-content\/uploads\/2023\/04\/FB_IMG_1680633577127-120x150.jpg 120w\" sizes=\"auto, (max-width: 768px) 100vw, 768px\" \/><\/figure>\n\n\n\n<figure class=\"wp-block-image size-full\"><img loading=\"lazy\" decoding=\"async\" width=\"720\" height=\"960\" src=\"http:\/\/vertienteglobal.com\/wp-content\/uploads\/2023\/04\/FB_IMG_1680633561740.jpg\" alt=\"\" class=\"wp-image-219465\" srcset=\"http:\/\/vertienteglobal.com\/wp-content\/uploads\/2023\/04\/FB_IMG_1680633561740.jpg 720w, http:\/\/vertienteglobal.com\/wp-content\/uploads\/2023\/04\/FB_IMG_1680633561740-225x300.jpg 225w, http:\/\/vertienteglobal.com\/wp-content\/uploads\/2023\/04\/FB_IMG_1680633561740-113x150.jpg 113w\" sizes=\"auto, (max-width: 720px) 100vw, 720px\" \/><\/figure>\n","protected":false},"excerpt":{"rendered":"<p>(Redacci\u00f3n) El edil agradecio a la Asociaci\u00f3n de Hoteles de Isla Holbox y a empresarios, por el trabajo en equipo durante estos tres d\u00edas del Tianguis Tur\u00edstico, trayendo buenos resultados al municipio. Kantunilkin Quintana Roo.- En la 47\u00b0 Edici\u00f3n del Tianguis Tur\u00edstico de M\u00e9xico 2023, el Presidente Municipal, M.D. Orlando Emir Bellos Tun, recibi\u00f3 por [&hellip;]<\/p>\n","protected":false},"author":1,"featured_media":219461,"comment_status":"open","ping_status":"open","sticky":false,"template":"","format":"standard","meta":{"footnotes":""},"categories":[3],"tags":[],"class_list":["post-219460","post","type-post","status-publish","format-standard","has-post-thumbnail","hentry","category-quintana-roo","entry","has-media"],"jetpack_featured_media_url":"http:\/\/vertienteglobal.com\/wp-content\/uploads\/2023\/04\/FB_IMG_16806335731292.jpg","_links":{"self":[{"href":"http:\/\/vertienteglobal.com\/index.php?rest_route=\/wp\/v2\/posts\/219460","targetHints":{"allow":["GET"]}}],"collection":[{"href":"http:\/\/vertienteglobal.com\/index.php?rest_route=\/wp\/v2\/posts"}],"about":[{"href":"http:\/\/vertienteglobal.com\/index.php?rest_route=\/wp\/v2\/types\/post"}],"author":[{"embeddable":true,"href":"http:\/\/vertienteglobal.com\/index.php?rest_route=\/wp\/v2\/users\/1"}],"replies":[{"embeddable":true,"href":"http:\/\/vertienteglobal.com\/index.php?rest_route=%2Fwp%2Fv2%2Fcomments&post=219460"}],"version-history":[{"count":0,"href":"http:\/\/vertienteglobal.com\/index.php?rest_route=\/wp\/v2\/posts\/219460\/revisions"}],"wp:featuredmedia":[{"embeddable":true,"href":"http:\/\/vertienteglobal.com\/index.php?rest_route=\/wp\/v2\/media\/219461"}],"wp:attachment":[{"href":"http:\/\/vertienteglobal.com\/index.php?rest_route=%2Fwp%2Fv2%2Fmedia&parent=219460"}],"wp:term":[{"taxonomy":"category","embeddable":true,"href":"http:\/\/vertienteglobal.com\/index.php?rest_route=%2Fwp%2Fv2%2Fcategories&post=219460"},{"taxonomy":"post_tag","embeddable":true,"href":"http:\/\/vertienteglobal.com\/index.php?rest_route=%2Fwp%2Fv2%2Ftags&post=219460"}],"curies":[{"name":"wp","href":"https:\/\/api.w.org\/{rel}","templated":true}]}}