{"id":219149,"date":"2023-03-30T06:45:00","date_gmt":"2023-03-30T12:45:00","guid":{"rendered":"http:\/\/vertienteglobal.com\/?p=219149"},"modified":"2023-03-31T08:48:25","modified_gmt":"2023-03-31T14:48:25","slug":"grupo-pinero-preve-un-incremento-del-10-en-las-reservas-de-su-division-hotelera-para-semana-santa","status":"publish","type":"post","link":"http:\/\/vertienteglobal.com\/?p=219149","title":{"rendered":"Grupo Pi\u00f1ero prev\u00e9 un incremento del 10% en las reservas de su divisi\u00f3n hotelera para Semana Santa"},"content":{"rendered":"\n<div class=\"twitterbutton\" style=\"float: right; padding-left: 5px;\"><a href=\"http:\/\/twitter.com\/share\" class=\"twitter-share-button\" data-count=\"horizontal\" data-text=\"Grupo Pi\u00f1ero prev\u00e9 un incremento del 10% en las reservas de su divisi\u00f3n hotel...\" data-via=\"https:\/\/twitter.com\/VertienteGloba1\" data-url=\"http:\/\/vertienteglobal.com\/?p=219149\" data-lang=\"es\" data-related=\"Informaci\u00f3n general:S\u00edguenos para que est\u00e9ss informado\"><\/a><\/div>\n<figure class=\"wp-block-image size-large\"><img loading=\"lazy\" decoding=\"async\" width=\"1024\" height=\"683\" src=\"http:\/\/vertienteglobal.com\/wp-content\/uploads\/2023\/03\/5PqBEmKs-1024x683.jpeg\" alt=\"\" class=\"wp-image-219150\" srcset=\"http:\/\/vertienteglobal.com\/wp-content\/uploads\/2023\/03\/5PqBEmKs-1024x683.jpeg 1024w, http:\/\/vertienteglobal.com\/wp-content\/uploads\/2023\/03\/5PqBEmKs-300x200.jpeg 300w, http:\/\/vertienteglobal.com\/wp-content\/uploads\/2023\/03\/5PqBEmKs-150x100.jpeg 150w, http:\/\/vertienteglobal.com\/wp-content\/uploads\/2023\/03\/5PqBEmKs-768x512.jpeg 768w, http:\/\/vertienteglobal.com\/wp-content\/uploads\/2023\/03\/5PqBEmKs-1536x1024.jpeg 1536w, http:\/\/vertienteglobal.com\/wp-content\/uploads\/2023\/03\/5PqBEmKs-2048x1365.jpeg 2048w\" sizes=\"auto, (max-width: 1024px) 100vw, 1024px\" \/><\/figure>\n\n\n\n<p>(Redacci\u00f3n)<\/p>\n\n\n\n<p>Bahia Principe Hotels &amp; Resorts encara la temporada alta con un 10% m\u00e1s de reservas que el a\u00f1o pasado y un 15% m\u00e1s que en 2019<\/p>\n\n\n\n<p>El incremento se ve en todos los hoteles y destinos de la divisi\u00f3n hotelera de Grupo Pi\u00f1ero<\/p>\n\n\n\n<p>Para verano las reservas de Bahia Principe Hotels &amp; Resorts se sit\u00faan un 8% por encima con respecto al verano de 2022, siendo los mercados canadiense y estadounidense los que m\u00e1s incrementos reflejan<\/p>\n\n\n\n<p>Riviera Maya, 30 de marzo de 2023.- Bahia Principe Hotels &amp; Resorts, divisi\u00f3n hotelera de Grupo Pi\u00f1ero, prev\u00e9 un incremento de reservas en Semana Santa en 2023. Los datos que maneja la compa\u00f1\u00eda confirman muy buenas previsiones en todos los hoteles y destinos, por encima de su proyecci\u00f3n inicial realizada a finales de 2022. Los datos de reservas a estas fechas en t\u00e9rminos de reservas por habitaci\u00f3n y tarifa media diaria han incrementado un 10% en comparaci\u00f3n a 2022 y un 15% en comparaci\u00f3n a 2019.<\/p>\n\n\n\n<p>Teniendo en cuenta todos los destinos de Bahia Principe Hotels &amp; Resorts, los mayores incrementos respecto al a\u00f1o pasado se registran en Jamaica y Rep\u00fablica Dominicana.<\/p>\n\n\n\n<p>En Canarias, concretamente en Tenerife, la divisi\u00f3n hotelera ha subido en un 9% la ocupaci\u00f3n y nivel de estancias con respecto al a\u00f1o anterior. Los mercados europeos, como el brit\u00e1nico, alem\u00e1n u holand\u00e9s, se est\u00e1n comportando favorablemente e incluso hay un inter\u00e9s del p\u00fablico norteamericano por el destino.<\/p>\n\n\n\n<p>Un verano favorable<\/p>\n\n\n\n<p>De cara a la temporada estival, Grupo Pi\u00f1ero tambi\u00e9n est\u00e1 experimentando un auge en las reservas a pesar de que se observa una tendencia a reservar en el \u00faltimo momento, incluso en mercados que sol\u00edan hacerlo con m\u00e1s antelaci\u00f3n como el brit\u00e1nico. En concreto, las reservas de Bahia Principe Hotels &amp; Resorts se sit\u00faan un 8% por encima con respecto al verano de 2022, siendo los mercados canadiense y estadounidense los que m\u00e1s incrementos reflejan. En una perspectiva general, todos los mercados est\u00e1n teniendo una evoluci\u00f3n positiva.<\/p>\n\n\n\n<p>Adem\u00e1s, Grupo Pi\u00f1ero inaugurar\u00e1 en junio su primer complejo de lujo en esta regi\u00f3n, Cayo Levantado Resort, ubicado en la isla del mismo nombre. Con este resort, el Grupo trae al segmento de alta gama su concepto de El Lujo de Regenerar(se) basado en la innovaci\u00f3n sostenible y la sofisticaci\u00f3n.<\/p>\n\n\n\n<figure class=\"wp-block-image size-large\"><img loading=\"lazy\" decoding=\"async\" width=\"1024\" height=\"683\" src=\"http:\/\/vertienteglobal.com\/wp-content\/uploads\/2023\/03\/9bqgxq0E-1024x683.jpeg\" alt=\"\" class=\"wp-image-219151\" srcset=\"http:\/\/vertienteglobal.com\/wp-content\/uploads\/2023\/03\/9bqgxq0E-1024x683.jpeg 1024w, http:\/\/vertienteglobal.com\/wp-content\/uploads\/2023\/03\/9bqgxq0E-300x200.jpeg 300w, http:\/\/vertienteglobal.com\/wp-content\/uploads\/2023\/03\/9bqgxq0E-150x100.jpeg 150w, http:\/\/vertienteglobal.com\/wp-content\/uploads\/2023\/03\/9bqgxq0E-768x512.jpeg 768w, http:\/\/vertienteglobal.com\/wp-content\/uploads\/2023\/03\/9bqgxq0E-1536x1024.jpeg 1536w, http:\/\/vertienteglobal.com\/wp-content\/uploads\/2023\/03\/9bqgxq0E-2048x1365.jpeg 2048w\" sizes=\"auto, (max-width: 1024px) 100vw, 1024px\" \/><\/figure>\n\n\n\n<figure class=\"wp-block-image size-full\"><img loading=\"lazy\" decoding=\"async\" width=\"840\" height=\"560\" src=\"http:\/\/vertienteglobal.com\/wp-content\/uploads\/2023\/03\/2b3UbBhk.jpeg\" alt=\"\" class=\"wp-image-219152\" srcset=\"http:\/\/vertienteglobal.com\/wp-content\/uploads\/2023\/03\/2b3UbBhk.jpeg 840w, http:\/\/vertienteglobal.com\/wp-content\/uploads\/2023\/03\/2b3UbBhk-300x200.jpeg 300w, http:\/\/vertienteglobal.com\/wp-content\/uploads\/2023\/03\/2b3UbBhk-150x100.jpeg 150w, http:\/\/vertienteglobal.com\/wp-content\/uploads\/2023\/03\/2b3UbBhk-768x512.jpeg 768w\" sizes=\"auto, (max-width: 840px) 100vw, 840px\" \/><\/figure>\n\n\n\n<figure class=\"wp-block-image size-large\"><img loading=\"lazy\" decoding=\"async\" width=\"1024\" height=\"683\" src=\"http:\/\/vertienteglobal.com\/wp-content\/uploads\/2023\/03\/FftL7WLE-1024x683.jpeg\" alt=\"\" class=\"wp-image-219153\" srcset=\"http:\/\/vertienteglobal.com\/wp-content\/uploads\/2023\/03\/FftL7WLE-1024x683.jpeg 1024w, http:\/\/vertienteglobal.com\/wp-content\/uploads\/2023\/03\/FftL7WLE-300x200.jpeg 300w, http:\/\/vertienteglobal.com\/wp-content\/uploads\/2023\/03\/FftL7WLE-150x100.jpeg 150w, http:\/\/vertienteglobal.com\/wp-content\/uploads\/2023\/03\/FftL7WLE-768x512.jpeg 768w, http:\/\/vertienteglobal.com\/wp-content\/uploads\/2023\/03\/FftL7WLE.jpeg 1404w\" sizes=\"auto, (max-width: 1024px) 100vw, 1024px\" \/><\/figure>\n\n\n\n<figure class=\"wp-block-image size-large\"><img loading=\"lazy\" decoding=\"async\" width=\"1024\" height=\"683\" src=\"http:\/\/vertienteglobal.com\/wp-content\/uploads\/2023\/03\/I7A9uLoU-1024x683.jpeg\" alt=\"\" class=\"wp-image-219154\" srcset=\"http:\/\/vertienteglobal.com\/wp-content\/uploads\/2023\/03\/I7A9uLoU-1024x683.jpeg 1024w, http:\/\/vertienteglobal.com\/wp-content\/uploads\/2023\/03\/I7A9uLoU-300x200.jpeg 300w, http:\/\/vertienteglobal.com\/wp-content\/uploads\/2023\/03\/I7A9uLoU-150x100.jpeg 150w, http:\/\/vertienteglobal.com\/wp-content\/uploads\/2023\/03\/I7A9uLoU-768x512.jpeg 768w, http:\/\/vertienteglobal.com\/wp-content\/uploads\/2023\/03\/I7A9uLoU.jpeg 1404w\" sizes=\"auto, (max-width: 1024px) 100vw, 1024px\" \/><\/figure>\n","protected":false},"excerpt":{"rendered":"<p>(Redacci\u00f3n) Bahia Principe Hotels &amp; Resorts encara la temporada alta con un 10% m\u00e1s de reservas que el a\u00f1o pasado y un 15% m\u00e1s que en 2019 El incremento se ve en todos los hoteles y destinos de la divisi\u00f3n hotelera de Grupo Pi\u00f1ero Para verano las reservas de Bahia Principe Hotels &amp; Resorts se [&hellip;]<\/p>\n","protected":false},"author":6,"featured_media":219150,"comment_status":"open","ping_status":"open","sticky":false,"template":"","format":"standard","meta":{"footnotes":""},"categories":[3],"tags":[],"class_list":["post-219149","post","type-post","status-publish","format-standard","has-post-thumbnail","hentry","category-quintana-roo","entry","has-media"],"jetpack_featured_media_url":"http:\/\/vertienteglobal.com\/wp-content\/uploads\/2023\/03\/5PqBEmKs.jpeg","_links":{"self":[{"href":"http:\/\/vertienteglobal.com\/index.php?rest_route=\/wp\/v2\/posts\/219149","targetHints":{"allow":["GET"]}}],"collection":[{"href":"http:\/\/vertienteglobal.com\/index.php?rest_route=\/wp\/v2\/posts"}],"about":[{"href":"http:\/\/vertienteglobal.com\/index.php?rest_route=\/wp\/v2\/types\/post"}],"author":[{"embeddable":true,"href":"http:\/\/vertienteglobal.com\/index.php?rest_route=\/wp\/v2\/users\/6"}],"replies":[{"embeddable":true,"href":"http:\/\/vertienteglobal.com\/index.php?rest_route=%2Fwp%2Fv2%2Fcomments&post=219149"}],"version-history":[{"count":0,"href":"http:\/\/vertienteglobal.com\/index.php?rest_route=\/wp\/v2\/posts\/219149\/revisions"}],"wp:featuredmedia":[{"embeddable":true,"href":"http:\/\/vertienteglobal.com\/index.php?rest_route=\/wp\/v2\/media\/219150"}],"wp:attachment":[{"href":"http:\/\/vertienteglobal.com\/index.php?rest_route=%2Fwp%2Fv2%2Fmedia&parent=219149"}],"wp:term":[{"taxonomy":"category","embeddable":true,"href":"http:\/\/vertienteglobal.com\/index.php?rest_route=%2Fwp%2Fv2%2Fcategories&post=219149"},{"taxonomy":"post_tag","embeddable":true,"href":"http:\/\/vertienteglobal.com\/index.php?rest_route=%2Fwp%2Fv2%2Ftags&post=219149"}],"curies":[{"name":"wp","href":"https:\/\/api.w.org\/{rel}","templated":true}]}}