{"id":218983,"date":"2023-03-29T16:10:00","date_gmt":"2023-03-29T22:10:00","guid":{"rendered":"http:\/\/vertienteglobal.com\/?p=218983"},"modified":"2023-03-29T16:32:11","modified_gmt":"2023-03-29T22:32:11","slug":"impulsa-anahi-gonzalez-un-modelo-de-turismo-sostenible-e-incluyente","status":"publish","type":"post","link":"http:\/\/vertienteglobal.com\/?p=218983","title":{"rendered":"Impulsa Anahi Gonz\u00e1lez un modelo de Turismo sostenible e incluyente"},"content":{"rendered":"\n<div class=\"twitterbutton\" style=\"float: right; padding-left: 5px;\"><a href=\"http:\/\/twitter.com\/share\" class=\"twitter-share-button\" data-count=\"horizontal\" data-text=\"Impulsa Anahi Gonz\u00e1lez un modelo de Turismo sostenible e incluyente\" data-via=\"https:\/\/twitter.com\/VertienteGloba1\" data-url=\"http:\/\/vertienteglobal.com\/?p=218983\" data-lang=\"es\" data-related=\"Informaci\u00f3n general:S\u00edguenos para que est\u00e9ss informado\"><\/a><\/div>\n<figure class=\"wp-block-image size-large\"><img loading=\"lazy\" decoding=\"async\" width=\"721\" height=\"480\" src=\"http:\/\/vertienteglobal.com\/wp-content\/uploads\/2023\/03\/FB_IMG_1680129081033.jpg\" alt=\"\" class=\"wp-image-218984\" srcset=\"http:\/\/vertienteglobal.com\/wp-content\/uploads\/2023\/03\/FB_IMG_1680129081033.jpg 721w, http:\/\/vertienteglobal.com\/wp-content\/uploads\/2023\/03\/FB_IMG_1680129081033-300x200.jpg 300w, http:\/\/vertienteglobal.com\/wp-content\/uploads\/2023\/03\/FB_IMG_1680129081033-150x100.jpg 150w\" sizes=\"auto, (max-width: 721px) 100vw, 721px\" \/><\/figure>\n\n\n\n<p>(Redacci\u00f3n)<\/p>\n\n\n\n<p>Desde la Secretar\u00eda de la Comisi\u00f3n de Turismo impulsa importantes propuestas legislativas para fortalecer el sector<\/p>\n\n\n\n<p>Quintana Roo se ubica muy por encima de la media nacional en cuanto a visitantes extranjeros y ocupaci\u00f3n hotelera en sus distintos destinos<\/p>\n\n\n\n<p>Ciudad de M\u00e9xico, 29 de Marzo de 2023.- En su labor como legisladora federal Anah\u00ed Gonz\u00e1lez se declara promotora de repensar la actividad tur\u00edstica a partir de una nueva perspectiva de desarrollo.<\/p>\n\n\n\n<p>Para ello, considera que se debe fincar el precedente de un turismo equilibrado, en el que cambie la visi\u00f3n de concentraci\u00f3n en unos cuantos destinos por la de diversificaci\u00f3n, mediante pol\u00edticas p\u00fablicas de actualizaci\u00f3n en la Ley General de Turismo.<\/p>\n\n\n\n<p>En su calidad de Secretaria de la Comisi\u00f3n de Turismo en la C\u00e1mara Baja, la diputada quintanarroense ha presentado propuestas legislativas fundamentales como la instrumentaci\u00f3n de acciones que permitan la protecci\u00f3n de los turistas y la poblaci\u00f3n local que interact\u00faa con ellos, a trav\u00e9s de la coordinaci\u00f3n entre las secretar\u00edas de Salud y Turismo.<\/p>\n\n\n\n<p>Asimismo, como coordinadora de la Sub- Comisi\u00f3n de Turismo Rural, ha impulsado reformas para promover el desarrollo de las regiones, a fin de visibilizar nuevos destinos con vocaci\u00f3n rural de base comunitaria.<\/p>\n\n\n\n<p>Entre otras acciones, propone rehabilitar los caminos, las comunicaciones y transporte de interconexi\u00f3n que facilite su inclusi\u00f3n en la generaci\u00f3n de nuevas econom\u00edas.<\/p>\n\n\n\n<p>\u201cEl grupo parlamentario de Morena apoya todas las propuestas que fortalecen la industria tur\u00edstica con el objetivo de presentar a M\u00e9xico y al mundo un renovado modelo de desarrollo m\u00e1s justo, igualitario, sostenible e incluyente\u201d, subray\u00f3.<\/p>\n\n\n\n<p>A\u00f1adi\u00f3 que al ser originaria de Canc\u00fan, uno de los polos tur\u00edsticos m\u00e1s grandes del mundo, entiende bien lo que este destino representa como fuente de riqueza y desarrollo para el sur del pa\u00eds y una econom\u00eda de vital importancia para M\u00e9xico.<\/p>\n\n\n\n<p>Anah\u00ed Gonz\u00e1lez es integrante del Convenio de Colaboraci\u00f3n con la Secretar\u00eda de Turismo de Quintana Roo, mediante el cual, se busca reducir la venta ap\u00f3crifa de servicios tur\u00edsticos. \u201cDesde el legislativo he exhortado a las entidades competentes a hacer que la estrategia de monitoreo del mundo digital sea permanente para dar m\u00e1s certidumbre jur\u00eddica al sector\u201d, explic\u00f3.<\/p>\n\n\n\n<p>Indicadores claves<\/p>\n\n\n\n<p>El estado de Quintana Roo crece en materia tur\u00edstica y es pieza medular del turismo nacional e internacional al presentar una veloz recuperaci\u00f3n post pandemia y ubicarse por encima de la media nacional en cuanto a ocupaci\u00f3n hotelera y visitantes.<\/p>\n\n\n\n<p>Los n\u00fameros hablan por s\u00ed solos: Para el cierre de 2022, Quintana Roo recibi\u00f3 9.7 millones de turistas internacionales que representan el 38 por ciento del total de turistas de internaci\u00f3n que visitaron el pa\u00eds.<\/p>\n\n\n\n<p>Por otra parte, el gasto promedio de los turistas reportado en 2022 ascendi\u00f3 a $999 USD con un crecimiento del 14 por ciento por encima del a\u00f1o anterior.<\/p>\n","protected":false},"excerpt":{"rendered":"<p>(Redacci\u00f3n) Desde la Secretar\u00eda de la Comisi\u00f3n de Turismo impulsa importantes propuestas legislativas para fortalecer el sector Quintana Roo se ubica muy por encima de la media nacional en cuanto a visitantes extranjeros y ocupaci\u00f3n hotelera en sus distintos destinos Ciudad de M\u00e9xico, 29 de Marzo de 2023.- En su labor como legisladora federal Anah\u00ed [&hellip;]<\/p>\n","protected":false},"author":1,"featured_media":218984,"comment_status":"open","ping_status":"open","sticky":false,"template":"","format":"standard","meta":{"footnotes":""},"categories":[8,3],"tags":[],"class_list":["post-218983","post","type-post","status-publish","format-standard","has-post-thumbnail","hentry","category-pais","category-quintana-roo","entry","has-media"],"jetpack_featured_media_url":"http:\/\/vertienteglobal.com\/wp-content\/uploads\/2023\/03\/FB_IMG_1680129081033.jpg","_links":{"self":[{"href":"http:\/\/vertienteglobal.com\/index.php?rest_route=\/wp\/v2\/posts\/218983","targetHints":{"allow":["GET"]}}],"collection":[{"href":"http:\/\/vertienteglobal.com\/index.php?rest_route=\/wp\/v2\/posts"}],"about":[{"href":"http:\/\/vertienteglobal.com\/index.php?rest_route=\/wp\/v2\/types\/post"}],"author":[{"embeddable":true,"href":"http:\/\/vertienteglobal.com\/index.php?rest_route=\/wp\/v2\/users\/1"}],"replies":[{"embeddable":true,"href":"http:\/\/vertienteglobal.com\/index.php?rest_route=%2Fwp%2Fv2%2Fcomments&post=218983"}],"version-history":[{"count":0,"href":"http:\/\/vertienteglobal.com\/index.php?rest_route=\/wp\/v2\/posts\/218983\/revisions"}],"wp:featuredmedia":[{"embeddable":true,"href":"http:\/\/vertienteglobal.com\/index.php?rest_route=\/wp\/v2\/media\/218984"}],"wp:attachment":[{"href":"http:\/\/vertienteglobal.com\/index.php?rest_route=%2Fwp%2Fv2%2Fmedia&parent=218983"}],"wp:term":[{"taxonomy":"category","embeddable":true,"href":"http:\/\/vertienteglobal.com\/index.php?rest_route=%2Fwp%2Fv2%2Fcategories&post=218983"},{"taxonomy":"post_tag","embeddable":true,"href":"http:\/\/vertienteglobal.com\/index.php?rest_route=%2Fwp%2Fv2%2Ftags&post=218983"}],"curies":[{"name":"wp","href":"https:\/\/api.w.org\/{rel}","templated":true}]}}