{"id":218977,"date":"2023-03-29T15:51:00","date_gmt":"2023-03-29T21:51:00","guid":{"rendered":"http:\/\/vertienteglobal.com\/?p=218977"},"modified":"2023-03-29T16:31:05","modified_gmt":"2023-03-29T22:31:05","slug":"sian-kaan-entre-los-mejores-destinos-de-mexico","status":"publish","type":"post","link":"http:\/\/vertienteglobal.com\/?p=218977","title":{"rendered":"Sian ka&#8217;an entre los mejores destinos de Mexico"},"content":{"rendered":"\n<div class=\"twitterbutton\" style=\"float: right; padding-left: 5px;\"><a href=\"http:\/\/twitter.com\/share\" class=\"twitter-share-button\" data-count=\"horizontal\" data-text=\"Sian ka&#8217;an entre los mejores destinos de Mexico\" data-via=\"https:\/\/twitter.com\/VertienteGloba1\" data-url=\"http:\/\/vertienteglobal.com\/?p=218977\" data-lang=\"es\" data-related=\"Informaci\u00f3n general:S\u00edguenos para que est\u00e9ss informado\"><\/a><\/div>\n<figure class=\"wp-block-image size-large\"><img loading=\"lazy\" decoding=\"async\" width=\"720\" height=\"391\" src=\"http:\/\/vertienteglobal.com\/wp-content\/uploads\/2023\/03\/FB_IMG_1680128827701.jpg\" alt=\"\" class=\"wp-image-218978\" srcset=\"http:\/\/vertienteglobal.com\/wp-content\/uploads\/2023\/03\/FB_IMG_1680128827701.jpg 720w, http:\/\/vertienteglobal.com\/wp-content\/uploads\/2023\/03\/FB_IMG_1680128827701-300x163.jpg 300w, http:\/\/vertienteglobal.com\/wp-content\/uploads\/2023\/03\/FB_IMG_1680128827701-150x81.jpg 150w\" sizes=\"auto, (max-width: 720px) 100vw, 720px\" \/><\/figure>\n\n\n\n<p>(Redacci\u00f3n)<\/p>\n\n\n\n<p>Comparte cr\u00e9ditos con la Selva Lacandona en Chiapas y Pahuatl\u00e1n en Puebla<\/p>\n\n\n\n<p>Felipe Carrillo Puerto, el municipio que apenas recibi\u00f3 el anuncio oficial del Presidente de M\u00e9xico, Andr\u00e9s Manuel L\u00f3pez Obrador de la construcci\u00f3n del camino artesanal de Vig\u00eda Chico hasta llegar al mar, justo en la reserva, gestiones realizadas por la gobernadora, Mara Lezama<\/p>\n\n\n\n<p>Ciudad de M\u00e9xico, 29 de marzo 2023.- La riqueza natural del municipio de Felipe Carrillo Puerto, en este caso, la Reserva de la Biosfera de Sian Ka\u2019an, alcanz\u00f3 el nivel de finalista en la categor\u00eda \u2018Mejor destino para convivir con nuestras comunidades originarias\u2019, entre los galardones entregados en el marco del Tianguis Tur\u00edstico M\u00e9xico 2023.<\/p>\n\n\n\n<p>Y es que el posicionamiento que alcanza la Reserva de la Biosfera de Si\u00e1n Ka\u2019an, al haber sido uno de los tres finalistas en esta categor\u00eda, junto a la Selva Lacandona, en Chiapas y Pahuatl\u00e1n en Puebla, la coloca en los ojos del mundo.<\/p>\n\n\n\n<p>Por ello, la buena noticia es que la Reserva de la Biosfera de Sian Ka\u2019an, consta de una superficie de 528 mil 148 hect\u00e1reas, la mayor proporci\u00f3n, el 95 por ciento, m\u00e1s de 500 mil hect\u00e1reas est\u00e1n dentro de la geograf\u00eda municipal de Felipe Carrillo Puerto, el municipio que apenas recibi\u00f3 el anuncio oficial del Presidente de M\u00e9xico, Andr\u00e9s Manuel L\u00f3pez Obrador de la construcci\u00f3n del camino artesanal de Vig\u00eda Chico hasta llegar al mar, justo en la reserva, que por d\u00e9cadas fue reclamada como propia de los carrrilloportenses, quienes se saben con el derecho de disfrutarla, porque siempre fue la demanda, tener un camino que los conduzca a su mar, en un recorrido por su espesa selva, en \u00f3ptimas condiciones, como ocurre con todos los destinos de Quintana Roo.<\/p>\n\n\n\n<p>De ah\u00ed la importancia de Sian Ka\u2019an como finalista en los galardones entregados a \u2018Lo mejor de M\u00e9xico\u2019, que aun cuando no logro el galard\u00f3n, que fue entregado a la Selva Lacandona, nuestra reserva, obtuvo 140 mil votos de quienes consideran que este sitio pronto este 2023, tendr\u00e1 un camino artesanal que para entonces ser\u00e1 un mejor destino para convivir con nuestras comunidades originarias.<\/p>\n\n\n\n<p>Asimismo, este ser\u00e1 en los gobiernos de Mara Lezama y Maricarmen Hern\u00e1ndez cuando se atienda el reclamo de justicia social, exigida por d\u00e9cadas por los carrilloportenses.<\/p>\n\n\n\n<figure class=\"wp-block-image size-large\"><img loading=\"lazy\" decoding=\"async\" width=\"721\" height=\"480\" src=\"http:\/\/vertienteglobal.com\/wp-content\/uploads\/2023\/03\/FB_IMG_1680128841774.jpg\" alt=\"\" class=\"wp-image-218979\" srcset=\"http:\/\/vertienteglobal.com\/wp-content\/uploads\/2023\/03\/FB_IMG_1680128841774.jpg 721w, http:\/\/vertienteglobal.com\/wp-content\/uploads\/2023\/03\/FB_IMG_1680128841774-300x200.jpg 300w, http:\/\/vertienteglobal.com\/wp-content\/uploads\/2023\/03\/FB_IMG_1680128841774-150x100.jpg 150w\" sizes=\"auto, (max-width: 721px) 100vw, 721px\" \/><\/figure>\n\n\n\n<figure class=\"wp-block-image size-large\"><img loading=\"lazy\" decoding=\"async\" width=\"507\" height=\"1024\" src=\"http:\/\/vertienteglobal.com\/wp-content\/uploads\/2023\/03\/FB_IMG_1680128836694-507x1024.jpg\" alt=\"\" class=\"wp-image-218980\" srcset=\"http:\/\/vertienteglobal.com\/wp-content\/uploads\/2023\/03\/FB_IMG_1680128836694-507x1024.jpg 507w, http:\/\/vertienteglobal.com\/wp-content\/uploads\/2023\/03\/FB_IMG_1680128836694-149x300.jpg 149w, http:\/\/vertienteglobal.com\/wp-content\/uploads\/2023\/03\/FB_IMG_1680128836694-74x150.jpg 74w, http:\/\/vertienteglobal.com\/wp-content\/uploads\/2023\/03\/FB_IMG_1680128836694.jpg 720w\" sizes=\"auto, (max-width: 507px) 100vw, 507px\" \/><\/figure>\n\n\n\n<figure class=\"wp-block-image size-large\"><img loading=\"lazy\" decoding=\"async\" width=\"720\" height=\"472\" src=\"http:\/\/vertienteglobal.com\/wp-content\/uploads\/2023\/03\/FB_IMG_1680128831575.jpg\" alt=\"\" class=\"wp-image-218981\" srcset=\"http:\/\/vertienteglobal.com\/wp-content\/uploads\/2023\/03\/FB_IMG_1680128831575.jpg 720w, http:\/\/vertienteglobal.com\/wp-content\/uploads\/2023\/03\/FB_IMG_1680128831575-300x197.jpg 300w, http:\/\/vertienteglobal.com\/wp-content\/uploads\/2023\/03\/FB_IMG_1680128831575-150x98.jpg 150w\" sizes=\"auto, (max-width: 720px) 100vw, 720px\" \/><\/figure>\n","protected":false},"excerpt":{"rendered":"<p>(Redacci\u00f3n) Comparte cr\u00e9ditos con la Selva Lacandona en Chiapas y Pahuatl\u00e1n en Puebla Felipe Carrillo Puerto, el municipio que apenas recibi\u00f3 el anuncio oficial del Presidente de M\u00e9xico, Andr\u00e9s Manuel L\u00f3pez Obrador de la construcci\u00f3n del camino artesanal de Vig\u00eda Chico hasta llegar al mar, justo en la reserva, gestiones realizadas por la gobernadora, Mara [&hellip;]<\/p>\n","protected":false},"author":1,"featured_media":218978,"comment_status":"open","ping_status":"open","sticky":false,"template":"","format":"standard","meta":{"footnotes":""},"categories":[8,3],"tags":[],"class_list":["post-218977","post","type-post","status-publish","format-standard","has-post-thumbnail","hentry","category-pais","category-quintana-roo","entry","has-media"],"jetpack_featured_media_url":"http:\/\/vertienteglobal.com\/wp-content\/uploads\/2023\/03\/FB_IMG_1680128827701.jpg","_links":{"self":[{"href":"http:\/\/vertienteglobal.com\/index.php?rest_route=\/wp\/v2\/posts\/218977","targetHints":{"allow":["GET"]}}],"collection":[{"href":"http:\/\/vertienteglobal.com\/index.php?rest_route=\/wp\/v2\/posts"}],"about":[{"href":"http:\/\/vertienteglobal.com\/index.php?rest_route=\/wp\/v2\/types\/post"}],"author":[{"embeddable":true,"href":"http:\/\/vertienteglobal.com\/index.php?rest_route=\/wp\/v2\/users\/1"}],"replies":[{"embeddable":true,"href":"http:\/\/vertienteglobal.com\/index.php?rest_route=%2Fwp%2Fv2%2Fcomments&post=218977"}],"version-history":[{"count":0,"href":"http:\/\/vertienteglobal.com\/index.php?rest_route=\/wp\/v2\/posts\/218977\/revisions"}],"wp:featuredmedia":[{"embeddable":true,"href":"http:\/\/vertienteglobal.com\/index.php?rest_route=\/wp\/v2\/media\/218978"}],"wp:attachment":[{"href":"http:\/\/vertienteglobal.com\/index.php?rest_route=%2Fwp%2Fv2%2Fmedia&parent=218977"}],"wp:term":[{"taxonomy":"category","embeddable":true,"href":"http:\/\/vertienteglobal.com\/index.php?rest_route=%2Fwp%2Fv2%2Fcategories&post=218977"},{"taxonomy":"post_tag","embeddable":true,"href":"http:\/\/vertienteglobal.com\/index.php?rest_route=%2Fwp%2Fv2%2Ftags&post=218977"}],"curies":[{"name":"wp","href":"https:\/\/api.w.org\/{rel}","templated":true}]}}