{"id":218905,"date":"2023-03-28T22:09:41","date_gmt":"2023-03-29T04:09:41","guid":{"rendered":"http:\/\/vertienteglobal.com\/?p=218905"},"modified":"2023-03-29T11:58:45","modified_gmt":"2023-03-29T17:58:45","slug":"sedetus-encabeza-instalacion-y-primera-sesion-ordinaria-del-subcomite-sectorial-de-desarrollo-urbano-incluyente","status":"publish","type":"post","link":"http:\/\/vertienteglobal.com\/?p=218905","title":{"rendered":"SEDETUS encabeza instalaci\u00f3n y primera sesi\u00f3n ordinaria del subcomit\u00e9 sectorial de Desarrollo Urbano Incluyente"},"content":{"rendered":"\n<div class=\"twitterbutton\" style=\"float: right; padding-left: 5px;\"><a href=\"http:\/\/twitter.com\/share\" class=\"twitter-share-button\" data-count=\"horizontal\" data-text=\"SEDETUS encabeza instalaci\u00f3n y primera sesi\u00f3n ordinaria del subcomit\u00e9 sectori...\" data-via=\"https:\/\/twitter.com\/VertienteGloba1\" data-url=\"http:\/\/vertienteglobal.com\/?p=218905\" data-lang=\"es\" data-related=\"Informaci\u00f3n general:S\u00edguenos para que est\u00e9ss informado\"><\/a><\/div>\n<figure class=\"wp-block-image size-large\"><img loading=\"lazy\" decoding=\"async\" width=\"692\" height=\"360\" src=\"http:\/\/vertienteglobal.com\/wp-content\/uploads\/2023\/03\/6D54508F-EBED-4932-95FB-C67141338192-692x360-1.jpeg\" alt=\"\" class=\"wp-image-218906\" srcset=\"http:\/\/vertienteglobal.com\/wp-content\/uploads\/2023\/03\/6D54508F-EBED-4932-95FB-C67141338192-692x360-1.jpeg 692w, http:\/\/vertienteglobal.com\/wp-content\/uploads\/2023\/03\/6D54508F-EBED-4932-95FB-C67141338192-692x360-1-300x156.jpeg 300w, http:\/\/vertienteglobal.com\/wp-content\/uploads\/2023\/03\/6D54508F-EBED-4932-95FB-C67141338192-692x360-1-150x78.jpeg 150w\" sizes=\"auto, (max-width: 692px) 100vw, 692px\" \/><\/figure>\n\n\n\n<p>(Redacci\u00f3n)<\/p>\n\n\n\n<p>SEDETUS present\u00f3 avances del Programa Regional para el Desarrollo Insular y el Programa Regional para el desarrollo Metropolitano, as\u00ed como la regularizaci\u00f3n de la cartera de proyectos<\/p>\n\n\n\n<p>Chetumal, Quintana Roo 28 de marzo 2023.- El titular de Secretar\u00eda de Desarrollo Territorial Urbano Sustentable (SEDETUS), Armando Lara De Nigris encabez\u00f3 la Instalaci\u00f3n y Primera Sesi\u00f3n Ordinaria del Subcomit\u00e9 Sectorial de Desarrollo Urbano Incluyente; \u201cinstrumentos como este son parte del Nuevo Acuerdo por el Bienestar y el Desarrollo que impulsa la gobernadora Mara Lezama y que conjunta voluntades en objetivos comunes para beneficio de las y los quintanarroenses\u201d, precis\u00f3.<\/p>\n\n\n\n<p>El evento tuvo lugar en el edificio de la C\u00e1mara Mexicana de la Industria de la Construcci\u00f3n (CMIC) Chetumal, acto en el que la Comisi\u00f3n de Agua Potable y Alcantarillado (CAPA), el Instituto Nacional de Estad\u00edstica y Geograf\u00eda (INEGI) y la SEDETUS hicieron la presentaci\u00f3n de las acciones y programas que tienen a su cargo.<\/p>\n\n\n\n<p>La SEDETUS present\u00f3 los avances del Programa Regional para el Desarrollo Insular, el Programa Regional para el desarrollo Metropolitano; as\u00ed como la regularizaci\u00f3n de la cartera de proyectos.<\/p>\n\n\n\n<p>El secretario Armando Lara, declar\u00f3: \u201cel desarrollo de nuestras sociedades es un proceso natural y necesario, pero para ser positivo y que perdure requiere de orden que oriente y regule el crecimiento de las ciudades y centros de poblaci\u00f3n para una mejor calidad de vida de las y los quintanarroenses\u201d.<\/p>\n\n\n\n<p>\u201cEse es el nuevo acuerdo por el bienestar y el desarrollo que la gobernadora Mara Lezama est\u00e1 impulsando; el trabajo conjunto de los tres niveles de gobierno con obras y proyectos que beneficien a toda nuestra sociedad y la participaci\u00f3n de todas y todos: iniciativa privada, sociedad civil, sector acad\u00e9mico; todos los sectores con un objetivo com\u00fan en unidad\u201d, recalc\u00f3 el titular de la SEDETUS.<\/p>\n\n\n\n<p>Por su parte el subsecretario de Gesti\u00f3n Territorial, Carlos Aguilar Medrano, quien funge como Coordinador Operativo del Subcomit\u00e9 dijo \u201cvigilar que las obras de infraestructura y los proyectos de inversi\u00f3n garanticen la sostenibilidad y sustentabilidad del medio ambiente es la tarea que nos ha asignado nuestra gobernadora Mara Lezama y estamos comprometidos con ello\u201d.<\/p>\n\n\n\n<p>La sesi\u00f3n del Subcomit\u00e9 Sectorial de Desarrollo Urbano Incluyente, cont\u00f3 tambi\u00e9n con la participaci\u00f3n de la directora operativa del Comit\u00e9 de Planeaci\u00f3n para el Desarrollo (COPLADE), Lidia Isabel Aguilar Gorocica; la Coordinadora Operativa de la Unidad de Control y Evaluaci\u00f3n del COPLADE, Isla del Carmen Interi\u00e1n Ram\u00edrez y el titular de la unidad de Vivienda de la Secretar\u00eda de Desarrollo Agrario, Territorial y Urbano (SEDATU), Israel Caamal Solis.<\/p>\n\n\n\n<p>Adem\u00e1s de representantes del Instituto Nacional de Estad\u00edstica y Geograf\u00eda (INEGI); Instituto de Movilidad de Quintana Roo (IMOVEQROO); Comisi\u00f3n de Agua Potable y Alcantarillado (CAPA), Secretar\u00eda de Ecolog\u00eda y Medio Ambiente (SEMA) y del Colegio de Ingenieros Civiles de Quintana Roo Zona Sur.<\/p>\n","protected":false},"excerpt":{"rendered":"<p>(Redacci\u00f3n) SEDETUS present\u00f3 avances del Programa Regional para el Desarrollo Insular y el Programa Regional para el desarrollo Metropolitano, as\u00ed como la regularizaci\u00f3n de la cartera de proyectos Chetumal, Quintana Roo 28 de marzo 2023.- El titular de Secretar\u00eda de Desarrollo Territorial Urbano Sustentable (SEDETUS), Armando Lara De Nigris encabez\u00f3 la Instalaci\u00f3n y Primera Sesi\u00f3n [&hellip;]<\/p>\n","protected":false},"author":1,"featured_media":218906,"comment_status":"open","ping_status":"open","sticky":false,"template":"","format":"standard","meta":{"footnotes":""},"categories":[3],"tags":[],"class_list":["post-218905","post","type-post","status-publish","format-standard","has-post-thumbnail","hentry","category-quintana-roo","entry","has-media"],"jetpack_featured_media_url":"http:\/\/vertienteglobal.com\/wp-content\/uploads\/2023\/03\/6D54508F-EBED-4932-95FB-C67141338192-692x360-1.jpeg","_links":{"self":[{"href":"http:\/\/vertienteglobal.com\/index.php?rest_route=\/wp\/v2\/posts\/218905","targetHints":{"allow":["GET"]}}],"collection":[{"href":"http:\/\/vertienteglobal.com\/index.php?rest_route=\/wp\/v2\/posts"}],"about":[{"href":"http:\/\/vertienteglobal.com\/index.php?rest_route=\/wp\/v2\/types\/post"}],"author":[{"embeddable":true,"href":"http:\/\/vertienteglobal.com\/index.php?rest_route=\/wp\/v2\/users\/1"}],"replies":[{"embeddable":true,"href":"http:\/\/vertienteglobal.com\/index.php?rest_route=%2Fwp%2Fv2%2Fcomments&post=218905"}],"version-history":[{"count":0,"href":"http:\/\/vertienteglobal.com\/index.php?rest_route=\/wp\/v2\/posts\/218905\/revisions"}],"wp:featuredmedia":[{"embeddable":true,"href":"http:\/\/vertienteglobal.com\/index.php?rest_route=\/wp\/v2\/media\/218906"}],"wp:attachment":[{"href":"http:\/\/vertienteglobal.com\/index.php?rest_route=%2Fwp%2Fv2%2Fmedia&parent=218905"}],"wp:term":[{"taxonomy":"category","embeddable":true,"href":"http:\/\/vertienteglobal.com\/index.php?rest_route=%2Fwp%2Fv2%2Fcategories&post=218905"},{"taxonomy":"post_tag","embeddable":true,"href":"http:\/\/vertienteglobal.com\/index.php?rest_route=%2Fwp%2Fv2%2Ftags&post=218905"}],"curies":[{"name":"wp","href":"https:\/\/api.w.org\/{rel}","templated":true}]}}