{"id":218782,"date":"2023-03-28T06:02:00","date_gmt":"2023-03-28T12:02:00","guid":{"rendered":"http:\/\/vertienteglobal.com\/?p=218782"},"modified":"2023-03-28T10:31:57","modified_gmt":"2023-03-28T16:31:57","slug":"incendio-en-estacion-migratoria-de-ciudad-juarez-deja-39-migrantes-muertos","status":"publish","type":"post","link":"http:\/\/vertienteglobal.com\/?p=218782","title":{"rendered":"Incendio en estaci\u00f3n migratoria de Ciudad Ju\u00e1rez deja 39 migrantes muertos"},"content":{"rendered":"\n<div class=\"twitterbutton\" style=\"float: right; padding-left: 5px;\"><a href=\"http:\/\/twitter.com\/share\" class=\"twitter-share-button\" data-count=\"horizontal\" data-text=\"Incendio en estaci\u00f3n migratoria de Ciudad Ju\u00e1rez deja 39 migrantes muertos\" data-via=\"https:\/\/twitter.com\/VertienteGloba1\" data-url=\"http:\/\/vertienteglobal.com\/?p=218782\" data-lang=\"es\" data-related=\"Informaci\u00f3n general:S\u00edguenos para que est\u00e9ss informado\"><\/a><\/div>\n<figure class=\"wp-block-image size-large\"><img loading=\"lazy\" decoding=\"async\" width=\"1024\" height=\"636\" src=\"http:\/\/vertienteglobal.com\/wp-content\/uploads\/2023\/03\/202258.jpg\" alt=\"\" class=\"wp-image-218783\" srcset=\"http:\/\/vertienteglobal.com\/wp-content\/uploads\/2023\/03\/202258.jpg 1024w, http:\/\/vertienteglobal.com\/wp-content\/uploads\/2023\/03\/202258-300x186.jpg 300w, http:\/\/vertienteglobal.com\/wp-content\/uploads\/2023\/03\/202258-150x93.jpg 150w, http:\/\/vertienteglobal.com\/wp-content\/uploads\/2023\/03\/202258-768x477.jpg 768w\" sizes=\"auto, (max-width: 1024px) 100vw, 1024px\" \/><\/figure>\n\n\n\n<p>(Redacci\u00f3n)<\/p>\n\n\n\n<p>El Instituto Nacional de Migraci\u00f3n (INM) lament\u00f3 la muerte de los migrantes y se\u00f1al\u00f3 que el incendio se origin\u00f3 poco antes de las 22:00 horas de este lunes en el \u00e1rea de alojamiento de la Estancia Provisional de Ciudad Ju\u00e1rez, Chihuahua<\/p>\n\n\n\n<p>Ciudad de M\u00e9xico, 28 de marzo 2023.-irLa noche de este lunes 27 de marzo se registr\u00f3 un incendio en la estaci\u00f3n migratoria de Ciudad Ju\u00e1rez que hasta ahora ha dejado un saldo de 39 muertos y 29 hervidos, de acuerdo a reportes.<\/p>\n\n\n\n<p>En un comunicado el Instituto Nacional de Migraci\u00f3n (INM) lament\u00f3 la muerte de los migrantes y se\u00f1al\u00f3 que el incendio se origin\u00f3 poco antes de las 22:00 horas de este lunes en el \u00e1rea de alojamiento de la Estancia Provisional de Ciudad Ju\u00e1rez, Chihuahua.<\/p>\n\n\n\n<p>\u201cEl Instituto Nacional de Migraci\u00f3n rechaza en\u00e9rgicamente los actos que derivaron en esta tragedia\u201d, dice el texto, sin que precise si se trat\u00f3 de un acto intencional o un accidente.<\/p>\n\n\n\n<p>El INM interpuso una denuncia ante las autoridades correspondientes \u201cpara que se investigue lo sucedido y, en su caso, se proceda en consecuencia\u201d.<\/p>\n\n\n\n<p>Adem\u00e1s, dio vista a la Comisi\u00f3n Nacional de los Derechos Humanos (CNDH) para que intervenga en las diligencias de ley y de salvaguarda de los migrantes.<\/p>\n\n\n\n<p>El INM detall\u00f3 que en el albergue estaban alojados 68 hombres mayores de edad originarios de Centro y Sudam\u00e9rica.<\/p>\n\n\n\n<p>De ellos, 29 personas migrantes extranjeras m\u00e1s resultaron lesionadas por el siniestro y fueron trasladadas en estado delicado-grave a cuatro hospitales de la localidad para su atenci\u00f3n inmediata.<\/p>\n\n\n\n<p>El organismo de la Secretar\u00eda de Gobernaci\u00f3n (Segob) expres\u00f3 su disposici\u00f3n para coadyuvar en las investigaciones de ley, a fin de que se esclarezcan estos hechos.(Fuente: AN\/Agencias)<\/p>\n","protected":false},"excerpt":{"rendered":"<p>(Redacci\u00f3n) El Instituto Nacional de Migraci\u00f3n (INM) lament\u00f3 la muerte de los migrantes y se\u00f1al\u00f3 que el incendio se origin\u00f3 poco antes de las 22:00 horas de este lunes en el \u00e1rea de alojamiento de la Estancia Provisional de Ciudad Ju\u00e1rez, Chihuahua Ciudad de M\u00e9xico, 28 de marzo 2023.-irLa noche de este lunes 27 de [&hellip;]<\/p>\n","protected":false},"author":6,"featured_media":218783,"comment_status":"open","ping_status":"open","sticky":false,"template":"","format":"standard","meta":{"footnotes":""},"categories":[8],"tags":[],"class_list":["post-218782","post","type-post","status-publish","format-standard","has-post-thumbnail","hentry","category-pais","entry","has-media"],"jetpack_featured_media_url":"http:\/\/vertienteglobal.com\/wp-content\/uploads\/2023\/03\/202258.jpg","_links":{"self":[{"href":"http:\/\/vertienteglobal.com\/index.php?rest_route=\/wp\/v2\/posts\/218782","targetHints":{"allow":["GET"]}}],"collection":[{"href":"http:\/\/vertienteglobal.com\/index.php?rest_route=\/wp\/v2\/posts"}],"about":[{"href":"http:\/\/vertienteglobal.com\/index.php?rest_route=\/wp\/v2\/types\/post"}],"author":[{"embeddable":true,"href":"http:\/\/vertienteglobal.com\/index.php?rest_route=\/wp\/v2\/users\/6"}],"replies":[{"embeddable":true,"href":"http:\/\/vertienteglobal.com\/index.php?rest_route=%2Fwp%2Fv2%2Fcomments&post=218782"}],"version-history":[{"count":0,"href":"http:\/\/vertienteglobal.com\/index.php?rest_route=\/wp\/v2\/posts\/218782\/revisions"}],"wp:featuredmedia":[{"embeddable":true,"href":"http:\/\/vertienteglobal.com\/index.php?rest_route=\/wp\/v2\/media\/218783"}],"wp:attachment":[{"href":"http:\/\/vertienteglobal.com\/index.php?rest_route=%2Fwp%2Fv2%2Fmedia&parent=218782"}],"wp:term":[{"taxonomy":"category","embeddable":true,"href":"http:\/\/vertienteglobal.com\/index.php?rest_route=%2Fwp%2Fv2%2Fcategories&post=218782"},{"taxonomy":"post_tag","embeddable":true,"href":"http:\/\/vertienteglobal.com\/index.php?rest_route=%2Fwp%2Fv2%2Ftags&post=218782"}],"curies":[{"name":"wp","href":"https:\/\/api.w.org\/{rel}","templated":true}]}}