{"id":218717,"date":"2023-03-27T20:24:00","date_gmt":"2023-03-28T02:24:00","guid":{"rendered":"http:\/\/vertienteglobal.com\/?p=218717"},"modified":"2023-03-27T20:55:58","modified_gmt":"2023-03-28T02:55:58","slug":"encabeza-mara-lezama-una-intensa-agenda-turistica-para-quintana-roo","status":"publish","type":"post","link":"http:\/\/vertienteglobal.com\/?p=218717","title":{"rendered":"Encabeza Mara Lezama una intensa agenda tur\u00edstica para Quintana Roo"},"content":{"rendered":"\n<div class=\"twitterbutton\" style=\"float: right; padding-left: 5px;\"><a href=\"http:\/\/twitter.com\/share\" class=\"twitter-share-button\" data-count=\"horizontal\" data-text=\"Encabeza Mara Lezama una intensa agenda tur\u00edstica para Quintana Roo\" data-via=\"https:\/\/twitter.com\/VertienteGloba1\" data-url=\"http:\/\/vertienteglobal.com\/?p=218717\" data-lang=\"es\" data-related=\"Informaci\u00f3n general:S\u00edguenos para que est\u00e9ss informado\"><\/a><\/div>\n<figure class=\"wp-block-image size-large\"><img loading=\"lazy\" decoding=\"async\" width=\"692\" height=\"360\" src=\"http:\/\/vertienteglobal.com\/wp-content\/uploads\/2023\/03\/720CE0BD-05DA-4AB0-8ECB-E6B2B00362AB-692x360-1.jpeg\" alt=\"\" class=\"wp-image-218718\" srcset=\"http:\/\/vertienteglobal.com\/wp-content\/uploads\/2023\/03\/720CE0BD-05DA-4AB0-8ECB-E6B2B00362AB-692x360-1.jpeg 692w, http:\/\/vertienteglobal.com\/wp-content\/uploads\/2023\/03\/720CE0BD-05DA-4AB0-8ECB-E6B2B00362AB-692x360-1-300x156.jpeg 300w, http:\/\/vertienteglobal.com\/wp-content\/uploads\/2023\/03\/720CE0BD-05DA-4AB0-8ECB-E6B2B00362AB-692x360-1-150x78.jpeg 150w\" sizes=\"auto, (max-width: 692px) 100vw, 692px\" \/><\/figure>\n\n\n\n<p>(Redacci\u00f3n)<\/p>\n\n\n\n<p>La Gobernadora de Quintana Roo particip\u00f3 en la firma de un convenio de coordinaci\u00f3n entre la Secretar\u00eda de Turismo (Sectur) y el Gobierno del Estado para que a trav\u00e9s de los Angeles Verdes se proporcione atenci\u00f3n y apoyo vial a los turistas en los caminos y puentes federales y estatales<\/p>\n\n\n\n<p>Ciudad de M\u00e9xico, 27 de marzo 2033.- La Gobernadora de Quintana Roo, Mara Lezama Espinosa, encabez\u00f3 actividades para impulsar mayor conectividad a\u00e9rea para los municipios, as\u00ed como para dotar de internet de alta calidad a las zonas tur\u00edsticas del Estado y el intercambio de experiencias con perspectiva social, con la firma de importantes acuerdos en el marco del Tianguis Tur\u00edstico M\u00e9xico 2023.<\/p>\n\n\n\n<p>En este marco particip\u00f3 en la entrega de la ratificaci\u00f3n de Tulum como Pueblo M\u00e1gico, lo que consider\u00f3 un logro significativo para la ciudad y su desarrollo tur\u00edstico, que contribuir\u00e1 a la atracci\u00f3n de m\u00e1s turistas, la generaci\u00f3n de m\u00e1s empleo y prosperidad compartida para todas y todos, como se contempla en el Nuevo Acuerdo por el Bienestar y Desarrollo de Quintana Roo.<\/p>\n\n\n\n<p>De acuerdo con la Secretar\u00eda Estatal de Turismo, que encabeza Bernardo Cueto Riestra, la afluencia de turistas a Tulum casi se ha duplicado en tan solo un a\u00f1o.<\/p>\n\n\n\n<p>Los datos preliminares de 2023 indican que la afluencia de turistas a la ciudad ya ha superado los n\u00fameros del a\u00f1o anterior.<\/p>\n\n\n\n<p>Adem\u00e1s, la ocupaci\u00f3n hotelera ha sido alta, con una tasa del 69.6%.<\/p>\n\n\n\n<p>Los visitantes tambi\u00e9n han mostrado inter\u00e9s en la rica historia y cultura de Tulum, como se evidencia en el aumento del n\u00famero de personas que visitan la zona arqueol\u00f3gica.<\/p>\n\n\n\n<p>Asimismo, la Gobernadora de Quintana Roo particip\u00f3 en la firma de un convenio de coordinaci\u00f3n entre la Secretar\u00eda de Turismo (Sectur) y el Gobierno del Estado para que a trav\u00e9s de los Angeles Verdes se proporcione atenci\u00f3n y apoyo vial a los turistas en los caminos y puentes federales y estatales.<\/p>\n\n\n\n<p>El papel que ha tenido la Corporaci\u00f3n de los Angeles Verdes, hoy como parte de la Direcci\u00f3n General de Servicios al Turista, en Quintana Roo ha sido fundamental para el fortalecimiento del turismo carretero.<\/p>\n\n\n\n<p>En el a\u00f1o 2022 se otorgaron m\u00e1s de 10 mil servicios de auxilio mec\u00e1nico y fueron atendidos m\u00e1s de 18 mil turistas nacionales y extranjeros.<\/p>\n\n\n\n<p>Mara Lezama firm\u00f3 otro convenio con la empresa Gignet para mejorar la experiencia tur\u00edstica de los visitantes y promover el desarrollo tur\u00edstico del Estado, en materia de servicios de internet y tecnolog\u00edas de la informaci\u00f3n.<\/p>\n\n\n\n<p>Con el Gobierno de Oaxaca, la Gobernadora Mara Lezama suscribi\u00f3 un acuerdo de colaboraci\u00f3n tur\u00edstica para impulsar acciones conjuntas que permitan desarrollar la cooperaci\u00f3n interinstitucional, dado que comparten potencialidades, elementos naturales, culturales e intereses comunes en materia tur\u00edstica.<\/p>\n\n\n\n<p>Por la tarde, la Gobernadora Mara Lezama anunci\u00f3 un vuelo directo de la aerol\u00ednea Aerom\u00e9xico de la Ciudad de M\u00e9xico a Cozumel, de domingo a lunes, que representar\u00e1 mayor derrama econ\u00f3mica para Cozumel, as\u00ed como generaci\u00f3n de empleos y mayor conectividad de la isla con destinos nacionales e internacionales.<\/p>\n\n\n\n<p>Adem\u00e1s, generar\u00e1 un incremento en el n\u00famero de turistas y ahorro de tiempo y de inversi\u00f3n para los visitantes.<\/p>\n\n\n\n<p>En conferencia de prensa, la titular del Ejecutivo dio a conocer detalles de tres eventos que permiten promover el turismo a trav\u00e9s del deporte: Un medio marat\u00f3n el 16 de abril, el Triatl\u00f3n Astri Canc\u00fan 2023 a celebrarse el domingo 23 de abril en Puerto Canc\u00fan y el 25 de junio la carrera ciclista L\u2019etape Canc\u00fan by Tour de France.<\/p>\n\n\n\n<p>\u201cPedimos que este \u00e9xito tur\u00edstico permita llevar bienestar y prosperidad compartida a Quintana Roo\u201d, expres\u00f3 la Gobernadora Mara Lezama Espinosa.<\/p>\n\n\n\n<figure class=\"wp-block-image size-large\"><img loading=\"lazy\" decoding=\"async\" width=\"960\" height=\"529\" src=\"http:\/\/vertienteglobal.com\/wp-content\/uploads\/2023\/03\/FB_IMG_1679972080857.jpg\" alt=\"\" class=\"wp-image-218720\" srcset=\"http:\/\/vertienteglobal.com\/wp-content\/uploads\/2023\/03\/FB_IMG_1679972080857.jpg 960w, http:\/\/vertienteglobal.com\/wp-content\/uploads\/2023\/03\/FB_IMG_1679972080857-300x165.jpg 300w, http:\/\/vertienteglobal.com\/wp-content\/uploads\/2023\/03\/FB_IMG_1679972080857-150x83.jpg 150w, http:\/\/vertienteglobal.com\/wp-content\/uploads\/2023\/03\/FB_IMG_1679972080857-768x423.jpg 768w\" sizes=\"auto, (max-width: 960px) 100vw, 960px\" \/><\/figure>\n\n\n\n<figure class=\"wp-block-image size-large\"><img loading=\"lazy\" decoding=\"async\" width=\"1024\" height=\"559\" src=\"http:\/\/vertienteglobal.com\/wp-content\/uploads\/2023\/03\/FB_IMG_1679972085825-1024x559.jpg\" alt=\"\" class=\"wp-image-218719\" srcset=\"http:\/\/vertienteglobal.com\/wp-content\/uploads\/2023\/03\/FB_IMG_1679972085825-1024x559.jpg 1024w, http:\/\/vertienteglobal.com\/wp-content\/uploads\/2023\/03\/FB_IMG_1679972085825-300x164.jpg 300w, http:\/\/vertienteglobal.com\/wp-content\/uploads\/2023\/03\/FB_IMG_1679972085825-150x82.jpg 150w, http:\/\/vertienteglobal.com\/wp-content\/uploads\/2023\/03\/FB_IMG_1679972085825-768x420.jpg 768w, http:\/\/vertienteglobal.com\/wp-content\/uploads\/2023\/03\/FB_IMG_1679972085825.jpg 1080w\" sizes=\"auto, (max-width: 1024px) 100vw, 1024px\" \/><\/figure>\n\n\n\n<figure class=\"wp-block-image size-large\"><img loading=\"lazy\" decoding=\"async\" width=\"1024\" height=\"768\" src=\"http:\/\/vertienteglobal.com\/wp-content\/uploads\/2023\/03\/FB_IMG_1679972089962-1024x768.jpg\" alt=\"\" class=\"wp-image-218721\" srcset=\"http:\/\/vertienteglobal.com\/wp-content\/uploads\/2023\/03\/FB_IMG_1679972089962-1024x768.jpg 1024w, http:\/\/vertienteglobal.com\/wp-content\/uploads\/2023\/03\/FB_IMG_1679972089962-300x225.jpg 300w, http:\/\/vertienteglobal.com\/wp-content\/uploads\/2023\/03\/FB_IMG_1679972089962-150x113.jpg 150w, http:\/\/vertienteglobal.com\/wp-content\/uploads\/2023\/03\/FB_IMG_1679972089962-768x576.jpg 768w, http:\/\/vertienteglobal.com\/wp-content\/uploads\/2023\/03\/FB_IMG_1679972089962.jpg 1080w\" sizes=\"auto, (max-width: 1024px) 100vw, 1024px\" \/><\/figure>\n","protected":false},"excerpt":{"rendered":"<p>(Redacci\u00f3n) La Gobernadora de Quintana Roo particip\u00f3 en la firma de un convenio de coordinaci\u00f3n entre la Secretar\u00eda de Turismo (Sectur) y el Gobierno del Estado para que a trav\u00e9s de los Angeles Verdes se proporcione atenci\u00f3n y apoyo vial a los turistas en los caminos y puentes federales y estatales Ciudad de M\u00e9xico, 27 [&hellip;]<\/p>\n","protected":false},"author":1,"featured_media":218718,"comment_status":"open","ping_status":"open","sticky":false,"template":"","format":"standard","meta":{"footnotes":""},"categories":[8,3],"tags":[],"class_list":["post-218717","post","type-post","status-publish","format-standard","has-post-thumbnail","hentry","category-pais","category-quintana-roo","entry","has-media"],"jetpack_featured_media_url":"http:\/\/vertienteglobal.com\/wp-content\/uploads\/2023\/03\/720CE0BD-05DA-4AB0-8ECB-E6B2B00362AB-692x360-1.jpeg","_links":{"self":[{"href":"http:\/\/vertienteglobal.com\/index.php?rest_route=\/wp\/v2\/posts\/218717","targetHints":{"allow":["GET"]}}],"collection":[{"href":"http:\/\/vertienteglobal.com\/index.php?rest_route=\/wp\/v2\/posts"}],"about":[{"href":"http:\/\/vertienteglobal.com\/index.php?rest_route=\/wp\/v2\/types\/post"}],"author":[{"embeddable":true,"href":"http:\/\/vertienteglobal.com\/index.php?rest_route=\/wp\/v2\/users\/1"}],"replies":[{"embeddable":true,"href":"http:\/\/vertienteglobal.com\/index.php?rest_route=%2Fwp%2Fv2%2Fcomments&post=218717"}],"version-history":[{"count":0,"href":"http:\/\/vertienteglobal.com\/index.php?rest_route=\/wp\/v2\/posts\/218717\/revisions"}],"wp:featuredmedia":[{"embeddable":true,"href":"http:\/\/vertienteglobal.com\/index.php?rest_route=\/wp\/v2\/media\/218718"}],"wp:attachment":[{"href":"http:\/\/vertienteglobal.com\/index.php?rest_route=%2Fwp%2Fv2%2Fmedia&parent=218717"}],"wp:term":[{"taxonomy":"category","embeddable":true,"href":"http:\/\/vertienteglobal.com\/index.php?rest_route=%2Fwp%2Fv2%2Fcategories&post=218717"},{"taxonomy":"post_tag","embeddable":true,"href":"http:\/\/vertienteglobal.com\/index.php?rest_route=%2Fwp%2Fv2%2Ftags&post=218717"}],"curies":[{"name":"wp","href":"https:\/\/api.w.org\/{rel}","templated":true}]}}