{"id":218633,"date":"2023-03-27T08:51:00","date_gmt":"2023-03-27T14:51:00","guid":{"rendered":"http:\/\/vertienteglobal.com\/?p=218633"},"modified":"2023-03-27T14:28:50","modified_gmt":"2023-03-27T20:28:50","slug":"hay-un-plan-c-no-esten-pensando-que-ya-se-termino-todo-amlo","status":"publish","type":"post","link":"http:\/\/vertienteglobal.com\/?p=218633","title":{"rendered":"\u201cHay un Plan C, no est\u00e9n pensando que ya se termin\u00f3 todo\u201d: AMLO"},"content":{"rendered":"\n<div class=\"twitterbutton\" style=\"float: right; padding-left: 5px;\"><a href=\"http:\/\/twitter.com\/share\" class=\"twitter-share-button\" data-count=\"horizontal\" data-text=\"\u201cHay un Plan C, no est\u00e9n pensando que ya se termin\u00f3 todo\u201d: AMLO\" data-via=\"https:\/\/twitter.com\/VertienteGloba1\" data-url=\"http:\/\/vertienteglobal.com\/?p=218633\" data-lang=\"es\" data-related=\"Informaci\u00f3n general:S\u00edguenos para que est\u00e9ss informado\"><\/a><\/div>\n<figure class=\"wp-block-image size-large\"><img loading=\"lazy\" decoding=\"async\" width=\"1024\" height=\"572\" src=\"http:\/\/vertienteglobal.com\/wp-content\/uploads\/2023\/03\/20230327_152736-1024x572.jpg\" alt=\"\" class=\"wp-image-218634\" srcset=\"http:\/\/vertienteglobal.com\/wp-content\/uploads\/2023\/03\/20230327_152736-1024x572.jpg 1024w, http:\/\/vertienteglobal.com\/wp-content\/uploads\/2023\/03\/20230327_152736-300x168.jpg 300w, http:\/\/vertienteglobal.com\/wp-content\/uploads\/2023\/03\/20230327_152736-150x84.jpg 150w, http:\/\/vertienteglobal.com\/wp-content\/uploads\/2023\/03\/20230327_152736-768x429.jpg 768w, http:\/\/vertienteglobal.com\/wp-content\/uploads\/2023\/03\/20230327_152736.jpg 1037w\" sizes=\"auto, (max-width: 1024px) 100vw, 1024px\" \/><\/figure>\n\n\n\n<p>(Redacci\u00f3n)<\/p>\n\n\n\n<p>L\u00f3pez Obrador se\u00f1al\u00f3 que el ministro encargado de la suspensi\u00f3n se extralimit\u00f3, pues consider\u00f3 que no se trata de un asunto jur\u00eddico, sino pol\u00edtico o incluso hasta mercantil<\/p>\n\n\n\n<p>Ciudad de M\u00e9xico 27 de marzo 2023.-Despu\u00e9s de que la Suprema Corte de Justicia de la Naci\u00f3n (SCJN) anunciara la suspensi\u00f3n de la aplicaci\u00f3n del Plan B en materia electoral, este lunes 27 de marzo el presidente de M\u00e9xico, Andr\u00e9s Manuel L\u00f3pez Obrador, anunci\u00f3 un \u201cPlan C\u201d que consiste en no dar ni un voto a \u201cconservadores\u201d.<\/p>\n\n\n\n<p>L\u00f3pez Obrador se\u00f1al\u00f3 que el ministro encargado de la suspensi\u00f3n se extralimit\u00f3, pues consider\u00f3 que no se trata de un asunto jur\u00eddico, sino pol\u00edtico o incluso hasta mercantil.<\/p>\n\n\n\n<p>\u201cEste ministro se extralimit\u00f3, se excedi\u00f3 y pues se convierte en los hechos en el Poder Legislativo porque la decisi\u00f3n que tomaron los diputados y los senadores la anula, pueden haber interpretaciones a la Constituci\u00f3n, a las leyes, pero en realidad eso fue lo que hizo, lo importante es saber por qu\u00e9 act\u00faan as\u00ed\u201d, refiri\u00f3.<\/p>\n\n\n\n<p>Asimismo, AMLO se\u00f1al\u00f3 que lo que buscan algunas personas es que no se reduzcan los sueldos de altos funcionarios del INE, pues han afirmado que esa instituci\u00f3n \u201cno se toca\u201d.(Fuente: Grupo F\u00f3rmula\/Agencias)<\/p>\n","protected":false},"excerpt":{"rendered":"<p>(Redacci\u00f3n) L\u00f3pez Obrador se\u00f1al\u00f3 que el ministro encargado de la suspensi\u00f3n se extralimit\u00f3, pues consider\u00f3 que no se trata de un asunto jur\u00eddico, sino pol\u00edtico o incluso hasta mercantil Ciudad de M\u00e9xico 27 de marzo 2023.-Despu\u00e9s de que la Suprema Corte de Justicia de la Naci\u00f3n (SCJN) anunciara la suspensi\u00f3n de la aplicaci\u00f3n del Plan [&hellip;]<\/p>\n","protected":false},"author":1,"featured_media":218634,"comment_status":"open","ping_status":"open","sticky":false,"template":"","format":"standard","meta":{"footnotes":""},"categories":[8],"tags":[],"class_list":["post-218633","post","type-post","status-publish","format-standard","has-post-thumbnail","hentry","category-pais","entry","has-media"],"jetpack_featured_media_url":"http:\/\/vertienteglobal.com\/wp-content\/uploads\/2023\/03\/20230327_152736.jpg","_links":{"self":[{"href":"http:\/\/vertienteglobal.com\/index.php?rest_route=\/wp\/v2\/posts\/218633","targetHints":{"allow":["GET"]}}],"collection":[{"href":"http:\/\/vertienteglobal.com\/index.php?rest_route=\/wp\/v2\/posts"}],"about":[{"href":"http:\/\/vertienteglobal.com\/index.php?rest_route=\/wp\/v2\/types\/post"}],"author":[{"embeddable":true,"href":"http:\/\/vertienteglobal.com\/index.php?rest_route=\/wp\/v2\/users\/1"}],"replies":[{"embeddable":true,"href":"http:\/\/vertienteglobal.com\/index.php?rest_route=%2Fwp%2Fv2%2Fcomments&post=218633"}],"version-history":[{"count":0,"href":"http:\/\/vertienteglobal.com\/index.php?rest_route=\/wp\/v2\/posts\/218633\/revisions"}],"wp:featuredmedia":[{"embeddable":true,"href":"http:\/\/vertienteglobal.com\/index.php?rest_route=\/wp\/v2\/media\/218634"}],"wp:attachment":[{"href":"http:\/\/vertienteglobal.com\/index.php?rest_route=%2Fwp%2Fv2%2Fmedia&parent=218633"}],"wp:term":[{"taxonomy":"category","embeddable":true,"href":"http:\/\/vertienteglobal.com\/index.php?rest_route=%2Fwp%2Fv2%2Fcategories&post=218633"},{"taxonomy":"post_tag","embeddable":true,"href":"http:\/\/vertienteglobal.com\/index.php?rest_route=%2Fwp%2Fv2%2Ftags&post=218633"}],"curies":[{"name":"wp","href":"https:\/\/api.w.org\/{rel}","templated":true}]}}