{"id":218617,"date":"2023-03-26T21:09:00","date_gmt":"2023-03-27T03:09:00","guid":{"rendered":"http:\/\/vertienteglobal.com\/?p=218617"},"modified":"2023-03-26T22:11:27","modified_gmt":"2023-03-27T04:11:27","slug":"armando-guadiana-se-registra-como-candidato-de-morena-a-gobernador-en-coahuila","status":"publish","type":"post","link":"http:\/\/vertienteglobal.com\/?p=218617","title":{"rendered":"Armando Guadiana se registra como candidato de Morena a gobernador en Coahuila"},"content":{"rendered":"\n<div class=\"twitterbutton\" style=\"float: right; padding-left: 5px;\"><a href=\"http:\/\/twitter.com\/share\" class=\"twitter-share-button\" data-count=\"horizontal\" data-text=\"Armando Guadiana se registra como candidato de Morena a gobernador en Coahuila\" data-via=\"https:\/\/twitter.com\/VertienteGloba1\" data-url=\"http:\/\/vertienteglobal.com\/?p=218617\" data-lang=\"es\" data-related=\"Informaci\u00f3n general:S\u00edguenos para que est\u00e9ss informado\"><\/a><\/div>\n<figure class=\"wp-block-image size-large\"><img loading=\"lazy\" decoding=\"async\" width=\"1024\" height=\"666\" src=\"http:\/\/vertienteglobal.com\/wp-content\/uploads\/2023\/03\/202158.jpg\" alt=\"\" class=\"wp-image-218618\" srcset=\"http:\/\/vertienteglobal.com\/wp-content\/uploads\/2023\/03\/202158.jpg 1024w, http:\/\/vertienteglobal.com\/wp-content\/uploads\/2023\/03\/202158-300x195.jpg 300w, http:\/\/vertienteglobal.com\/wp-content\/uploads\/2023\/03\/202158-150x98.jpg 150w, http:\/\/vertienteglobal.com\/wp-content\/uploads\/2023\/03\/202158-768x500.jpg 768w\" sizes=\"auto, (max-width: 1024px) 100vw, 1024px\" \/><\/figure>\n\n\n\n<p>(Redacci\u00f3n)<\/p>\n\n\n\n<p>Armando Guadiana ser\u00e1 el abanderado del partido Movimiento Regeneraci\u00f3n Nacional (Morena), quienes buscar\u00e1n la alternancia en la entidad, actualmente gobernado por el PRI<\/p>\n\n\n\n<p>Ciudad de M\u00e9xico, 26 de marzo 2023.-Este domingo, Armando Guadiana present\u00f3 ante el Instituto Electoral de Coahuila su documentaci\u00f3n para el registro como candidato a gobernador el pr\u00f3ximo 4 de junio.<\/p>\n\n\n\n<p>Armando Guadiana ser\u00e1 el abanderado del partido Movimiento Regeneraci\u00f3n Nacional (Morena), quienes buscar\u00e1n la alternancia en la entidad, actualmente gobernado por el PRI.<\/p>\n\n\n\n<p>\u00abAqu\u00ed est\u00e1 la documentaci\u00f3n. Le hago entrega al consejero presidente, Rodrigo Paredes Lozano, de quien he estudiado su curriculum jur\u00eddico, y qu\u00e9, adem\u00e1s de todos los miembros, confiamos en su capacidad jur\u00eddica y sobre todo la \u00e9tica y moral que impere en todas sus decisiones\u00bb, coment\u00f3 Armando Guadiana.<\/p>\n\n\n\n<p>\u00abJam\u00e1s he pedido a una autoridad una decisi\u00f3n en contra del derecho, lo m\u00e1s que he pedido es una celeridad en la decisi\u00f3n de un tema, y como cuerpo colegiado, realmente nos sentimos orgullosos del Instituto Electoral de Coahuila, que est\u00e1 integrado por personas de valores \u00e9ticos y morales a toda prueba y principalmente el de su presidente el se\u00f1or Paredes Lozano. S\u00e9 que las decisiones de ustedes son en beneficio de la ciudadan\u00eda del estado de Coahuila\u00bb, agreg\u00f3.<\/p>\n\n\n\n<p>Posteriormente, entrego la documentaci\u00f3n se\u00f1alada por el IEC para contender por la gubernatura del Estado de Coahuila.(Fuente: Milenio\/Agencias)<\/p>\n","protected":false},"excerpt":{"rendered":"<p>(Redacci\u00f3n) Armando Guadiana ser\u00e1 el abanderado del partido Movimiento Regeneraci\u00f3n Nacional (Morena), quienes buscar\u00e1n la alternancia en la entidad, actualmente gobernado por el PRI Ciudad de M\u00e9xico, 26 de marzo 2023.-Este domingo, Armando Guadiana present\u00f3 ante el Instituto Electoral de Coahuila su documentaci\u00f3n para el registro como candidato a gobernador el pr\u00f3ximo 4 de junio. [&hellip;]<\/p>\n","protected":false},"author":1,"featured_media":218618,"comment_status":"open","ping_status":"open","sticky":false,"template":"","format":"standard","meta":{"footnotes":""},"categories":[8],"tags":[],"class_list":["post-218617","post","type-post","status-publish","format-standard","has-post-thumbnail","hentry","category-pais","entry","has-media"],"jetpack_featured_media_url":"http:\/\/vertienteglobal.com\/wp-content\/uploads\/2023\/03\/202158.jpg","_links":{"self":[{"href":"http:\/\/vertienteglobal.com\/index.php?rest_route=\/wp\/v2\/posts\/218617","targetHints":{"allow":["GET"]}}],"collection":[{"href":"http:\/\/vertienteglobal.com\/index.php?rest_route=\/wp\/v2\/posts"}],"about":[{"href":"http:\/\/vertienteglobal.com\/index.php?rest_route=\/wp\/v2\/types\/post"}],"author":[{"embeddable":true,"href":"http:\/\/vertienteglobal.com\/index.php?rest_route=\/wp\/v2\/users\/1"}],"replies":[{"embeddable":true,"href":"http:\/\/vertienteglobal.com\/index.php?rest_route=%2Fwp%2Fv2%2Fcomments&post=218617"}],"version-history":[{"count":0,"href":"http:\/\/vertienteglobal.com\/index.php?rest_route=\/wp\/v2\/posts\/218617\/revisions"}],"wp:featuredmedia":[{"embeddable":true,"href":"http:\/\/vertienteglobal.com\/index.php?rest_route=\/wp\/v2\/media\/218618"}],"wp:attachment":[{"href":"http:\/\/vertienteglobal.com\/index.php?rest_route=%2Fwp%2Fv2%2Fmedia&parent=218617"}],"wp:term":[{"taxonomy":"category","embeddable":true,"href":"http:\/\/vertienteglobal.com\/index.php?rest_route=%2Fwp%2Fv2%2Fcategories&post=218617"},{"taxonomy":"post_tag","embeddable":true,"href":"http:\/\/vertienteglobal.com\/index.php?rest_route=%2Fwp%2Fv2%2Ftags&post=218617"}],"curies":[{"name":"wp","href":"https:\/\/api.w.org\/{rel}","templated":true}]}}