{"id":218586,"date":"2023-03-26T17:52:00","date_gmt":"2023-03-26T23:52:00","guid":{"rendered":"http:\/\/vertienteglobal.com\/?p=218586"},"modified":"2023-03-26T21:48:55","modified_gmt":"2023-03-27T03:48:55","slug":"sefiplan-continua-cerrando-brechas-de-desigualdad-educativa-entre-las-y-los-servidores-publicos","status":"publish","type":"post","link":"http:\/\/vertienteglobal.com\/?p=218586","title":{"rendered":"SEFIPLAN contin\u00faa cerrando brechas de desigualdad educativa entre las y los servidores p\u00fablicos"},"content":{"rendered":"\n<div class=\"twitterbutton\" style=\"float: right; padding-left: 5px;\"><a href=\"http:\/\/twitter.com\/share\" class=\"twitter-share-button\" data-count=\"horizontal\" data-text=\"SEFIPLAN contin\u00faa cerrando brechas de desigualdad educativa entre las y los ser...\" data-via=\"https:\/\/twitter.com\/VertienteGloba1\" data-url=\"http:\/\/vertienteglobal.com\/?p=218586\" data-lang=\"es\" data-related=\"Informaci\u00f3n general:S\u00edguenos para que est\u00e9ss informado\"><\/a><\/div>\n<figure class=\"wp-block-image size-large\"><img loading=\"lazy\" decoding=\"async\" width=\"1024\" height=\"758\" src=\"http:\/\/vertienteglobal.com\/wp-content\/uploads\/2023\/03\/SEFIPLAN-Cerrando-01-1024x758.jpeg\" alt=\"\" class=\"wp-image-218587\" srcset=\"http:\/\/vertienteglobal.com\/wp-content\/uploads\/2023\/03\/SEFIPLAN-Cerrando-01-1024x758.jpeg 1024w, http:\/\/vertienteglobal.com\/wp-content\/uploads\/2023\/03\/SEFIPLAN-Cerrando-01-300x222.jpeg 300w, http:\/\/vertienteglobal.com\/wp-content\/uploads\/2023\/03\/SEFIPLAN-Cerrando-01-150x111.jpeg 150w, http:\/\/vertienteglobal.com\/wp-content\/uploads\/2023\/03\/SEFIPLAN-Cerrando-01-768x569.jpeg 768w, http:\/\/vertienteglobal.com\/wp-content\/uploads\/2023\/03\/SEFIPLAN-Cerrando-01-1536x1138.jpeg 1536w, http:\/\/vertienteglobal.com\/wp-content\/uploads\/2023\/03\/SEFIPLAN-Cerrando-01.jpeg 1600w\" sizes=\"auto, (max-width: 1024px) 100vw, 1024px\" \/><\/figure>\n\n\n\n<p>(Redacci\u00f3n)<\/p>\n\n\n\n<p>Contin\u00faa la campa\u00f1a de profesionalizaci\u00f3n para personal de las dependencias y organismos de la Administraci\u00f3n P\u00fablica<\/p>\n\n\n\n<p>Chetumal, Quintana Roo 26 de marzo 2023.- Para combatir el rezago educativo y coadyuvar con el Nuevo Acuerdo por el Bienestar y Desarrollo de Quintana Roo, que impulsa la gobernadora Mara Lezama Espinosa, ocupa un lugar preponderante la superaci\u00f3n personal y acad\u00e9mica de las y los quintanarroenses para cerrar las brechas de desigualdad educativa incluyendo la de los servidores p\u00fablicos.<\/p>\n\n\n\n<p>Al respecto la Secretar\u00eda de Finanzas y Planeaci\u00f3n (SEFIPLAN), que encabeza Eugenio Segura V\u00e1zquez, ha emprendido una campa\u00f1a de profesionalizaci\u00f3n dirigida a las y los empleados de las dependencias y organismos estatales.<\/p>\n\n\n\n<p>En el marco de esta iniciativa, el Oficial Mayor, Jos\u00e9 Adri\u00e1n D\u00edaz Villanueva firm\u00f3 un convenio de colaboraci\u00f3n con Erika del Roc\u00edo Mu\u00f1oz Salazar, Rectora del Instituto Universitario de Alta Formaci\u00f3n (IUAF S.C.), que ofrecer\u00e1 a quienes trabajan en el Gobierno del Estado, facilidades y descuentos para cursar una licenciatura, dos maestr\u00edas y dos doctorados, en este centro educativo.<\/p>\n\n\n\n<p>El Oficial Mayor, agradeci\u00f3 a la ectora el apoyo y dijo que Mara Lezama ha exhortado a que se trabaje de manera coordinada con las casas de estudios superiores de la entidad para que quienes forman parte de la plantilla laboral puedan concluir o iniciar su educaci\u00f3n superior con licenciaturas y posgrados para mejorar su calidad de vida.<\/p>\n\n\n\n<p>D\u00edaz Villanueva indic\u00f3 que, con estas acciones adem\u00e1s de procurar la preparaci\u00f3n y superaci\u00f3n del personal, se pretende mejorar la prestaci\u00f3n de los servicios en las dependencias y organismos de la Administraci\u00f3n P\u00fablica Estatal a la comunidad quintanarroense.<\/p>\n\n\n\n<figure class=\"wp-block-image size-large\"><img loading=\"lazy\" decoding=\"async\" width=\"585\" height=\"390\" src=\"http:\/\/vertienteglobal.com\/wp-content\/uploads\/2023\/03\/SEFIPLAN-Cerrando-02-585x390-1.jpeg\" alt=\"\" class=\"wp-image-218588\" srcset=\"http:\/\/vertienteglobal.com\/wp-content\/uploads\/2023\/03\/SEFIPLAN-Cerrando-02-585x390-1.jpeg 585w, http:\/\/vertienteglobal.com\/wp-content\/uploads\/2023\/03\/SEFIPLAN-Cerrando-02-585x390-1-300x200.jpeg 300w, http:\/\/vertienteglobal.com\/wp-content\/uploads\/2023\/03\/SEFIPLAN-Cerrando-02-585x390-1-150x100.jpeg 150w\" sizes=\"auto, (max-width: 585px) 100vw, 585px\" \/><\/figure>\n\n\n\n<figure class=\"wp-block-image size-large\"><img loading=\"lazy\" decoding=\"async\" width=\"585\" height=\"470\" src=\"http:\/\/vertienteglobal.com\/wp-content\/uploads\/2023\/03\/SEFIPLAN-Cerrando-03-585x470-1.jpeg\" alt=\"\" class=\"wp-image-218589\" srcset=\"http:\/\/vertienteglobal.com\/wp-content\/uploads\/2023\/03\/SEFIPLAN-Cerrando-03-585x470-1.jpeg 585w, http:\/\/vertienteglobal.com\/wp-content\/uploads\/2023\/03\/SEFIPLAN-Cerrando-03-585x470-1-300x241.jpeg 300w, http:\/\/vertienteglobal.com\/wp-content\/uploads\/2023\/03\/SEFIPLAN-Cerrando-03-585x470-1-150x121.jpeg 150w\" sizes=\"auto, (max-width: 585px) 100vw, 585px\" \/><\/figure>\n","protected":false},"excerpt":{"rendered":"<p>(Redacci\u00f3n) Contin\u00faa la campa\u00f1a de profesionalizaci\u00f3n para personal de las dependencias y organismos de la Administraci\u00f3n P\u00fablica Chetumal, Quintana Roo 26 de marzo 2023.- Para combatir el rezago educativo y coadyuvar con el Nuevo Acuerdo por el Bienestar y Desarrollo de Quintana Roo, que impulsa la gobernadora Mara Lezama Espinosa, ocupa un lugar preponderante la [&hellip;]<\/p>\n","protected":false},"author":1,"featured_media":218587,"comment_status":"open","ping_status":"open","sticky":false,"template":"","format":"standard","meta":{"footnotes":""},"categories":[3],"tags":[],"class_list":["post-218586","post","type-post","status-publish","format-standard","has-post-thumbnail","hentry","category-quintana-roo","entry","has-media"],"jetpack_featured_media_url":"http:\/\/vertienteglobal.com\/wp-content\/uploads\/2023\/03\/SEFIPLAN-Cerrando-01.jpeg","_links":{"self":[{"href":"http:\/\/vertienteglobal.com\/index.php?rest_route=\/wp\/v2\/posts\/218586","targetHints":{"allow":["GET"]}}],"collection":[{"href":"http:\/\/vertienteglobal.com\/index.php?rest_route=\/wp\/v2\/posts"}],"about":[{"href":"http:\/\/vertienteglobal.com\/index.php?rest_route=\/wp\/v2\/types\/post"}],"author":[{"embeddable":true,"href":"http:\/\/vertienteglobal.com\/index.php?rest_route=\/wp\/v2\/users\/1"}],"replies":[{"embeddable":true,"href":"http:\/\/vertienteglobal.com\/index.php?rest_route=%2Fwp%2Fv2%2Fcomments&post=218586"}],"version-history":[{"count":0,"href":"http:\/\/vertienteglobal.com\/index.php?rest_route=\/wp\/v2\/posts\/218586\/revisions"}],"wp:featuredmedia":[{"embeddable":true,"href":"http:\/\/vertienteglobal.com\/index.php?rest_route=\/wp\/v2\/media\/218587"}],"wp:attachment":[{"href":"http:\/\/vertienteglobal.com\/index.php?rest_route=%2Fwp%2Fv2%2Fmedia&parent=218586"}],"wp:term":[{"taxonomy":"category","embeddable":true,"href":"http:\/\/vertienteglobal.com\/index.php?rest_route=%2Fwp%2Fv2%2Fcategories&post=218586"},{"taxonomy":"post_tag","embeddable":true,"href":"http:\/\/vertienteglobal.com\/index.php?rest_route=%2Fwp%2Fv2%2Ftags&post=218586"}],"curies":[{"name":"wp","href":"https:\/\/api.w.org\/{rel}","templated":true}]}}