{"id":218446,"date":"2023-03-25T09:51:00","date_gmt":"2023-03-25T15:51:00","guid":{"rendered":"http:\/\/vertienteglobal.com\/?p=218446"},"modified":"2023-03-26T09:00:21","modified_gmt":"2023-03-26T15:00:21","slug":"mexico-esta-de-luto-muere-xavier-lopez-chabelo-a-los-88-anos-de-edad-quen-paz-descanse","status":"publish","type":"post","link":"http:\/\/vertienteglobal.com\/?p=218446","title":{"rendered":"M\u00e9xico est\u00e1 de luto: Muere Xavier L\u00f3pez \u00abChabelo\u00bb a los 88 a\u00f1os de edad en paz descanse"},"content":{"rendered":"\n<div class=\"twitterbutton\" style=\"float: right; padding-left: 5px;\"><a href=\"http:\/\/twitter.com\/share\" class=\"twitter-share-button\" data-count=\"horizontal\" data-text=\"M\u00e9xico est\u00e1 de luto: Muere Xavier L\u00f3pez \u00abChabelo\u00bb a los 88 a\u00f1os de edad en...\" data-via=\"https:\/\/twitter.com\/VertienteGloba1\" data-url=\"http:\/\/vertienteglobal.com\/?p=218446\" data-lang=\"es\" data-related=\"Informaci\u00f3n general:S\u00edguenos para que est\u00e9ss informado\"><\/a><\/div>\n<figure class=\"wp-block-image size-large\"><img loading=\"lazy\" decoding=\"async\" width=\"1024\" height=\"683\" src=\"http:\/\/vertienteglobal.com\/wp-content\/uploads\/2023\/03\/202072.jpg\" alt=\"\" class=\"wp-image-218447\" srcset=\"http:\/\/vertienteglobal.com\/wp-content\/uploads\/2023\/03\/202072.jpg 1024w, http:\/\/vertienteglobal.com\/wp-content\/uploads\/2023\/03\/202072-300x200.jpg 300w, http:\/\/vertienteglobal.com\/wp-content\/uploads\/2023\/03\/202072-150x100.jpg 150w, http:\/\/vertienteglobal.com\/wp-content\/uploads\/2023\/03\/202072-768x512.jpg 768w\" sizes=\"auto, (max-width: 1024px) 100vw, 1024px\" \/><\/figure>\n\n\n\n<p>(Redacci\u00f3n)<\/p>\n\n\n\n<p>Xavier L\u00f3pez, mejor conocido por su entra\u00f1able personaje de \u2018Chabelo\u2019, muri\u00f3. El actor fue el titular del programa \u00abEn familia con Chabelo\u00bb por m\u00e1s de 40 a\u00f1os<\/p>\n\n\n\n<p>Ciudad de M\u00e9xico, 25 de marzo 2023.- El actor Xavier L\u00f3pez, quien es conocido por su personaje de Chabelo, muri\u00f3, as\u00ed lo dieron a conocer por medio de sus redes sociales. El conductor marc\u00f3 toda una \u00e9poca en la televisi\u00f3n, ya que por m\u00e1s de 40 a\u00f1os acompa\u00f1\u00f3 a los mexicanos todos los domingos por la ma\u00f1ana con el programa En familia con Chabelo.<\/p>\n\n\n\n<p>Xavier L\u00f3pez naci\u00f3 en Chicago, Illinois el 17 de febrero de 1935 aunque sus padres son de Le\u00f3n, Guanajuato. A la edad de un a\u00f1o, \u00e9l junto con sus pap\u00e1s regresaron a su estado de origen, lugar donde vivi\u00f3 sus primeros ocho a\u00f1os para despu\u00e9s mudarse a la Ciudad de M\u00e9xico.<\/p>\n\n\n\n<p>La historia detr\u00e1s de Chabelo<\/p>\n\n\n\n<p>Con los a\u00f1os, Xavier L\u00f3pez conoci\u00f3 a Ramiro Gamboa, mejor conocido como el T\u00edo Gambo\u00edn, quien en ese momento era el titular del programa Carrusel musical.<\/p>\n\n\n\n<p>El T\u00edo Gambo\u00edn le dio la oportunidad de participar en el programa en el que cont\u00f3 un chiste que era protagonizado por un personaje llamado Chabelo, nombre que adopt\u00f3 Xavier L\u00f3pez.<\/p>\n\n\n\n<p>Xavier L\u00f3pez comenz\u00f3 a ganar fama con el personaje de Chabelo con el que particip\u00f3 en pel\u00edculas como Chistelandia, El extra producci\u00f3n que protagoniz\u00f3 Cantinflas, El criado malcriado y El aviso inoportuno, entre otras.<\/p>\n\n\n\n<p>Sin embargo, se gan\u00f3 el cari\u00f1o del p\u00fablico, especialmente de los ni\u00f1os, cuando el 26 de noviembre de 1967 se transmiti\u00f3 por primera vez En familia con Chabelo, un programa familiar que se transmiti\u00f3 los domingos por la ma\u00f1ana por m\u00e1s de 40 a\u00f1os. En este, Chabelo realizaba concursos en los que los participantes pod\u00edan ganar a trav\u00e9s de la Catafixia premios como muebles, electrodom\u00e9sticos, juguetes o dinero en efectivo.<\/p>\n\n\n\n<p>Despu\u00e9s de 48 a\u00f1os al aire, En familia con Chabelo tuvo su \u00faltima emisi\u00f3n el 20 de diciembre del 2015.(Fuente: Agencias)<\/p>\n","protected":false},"excerpt":{"rendered":"<p>(Redacci\u00f3n) Xavier L\u00f3pez, mejor conocido por su entra\u00f1able personaje de \u2018Chabelo\u2019, muri\u00f3. El actor fue el titular del programa \u00abEn familia con Chabelo\u00bb por m\u00e1s de 40 a\u00f1os Ciudad de M\u00e9xico, 25 de marzo 2023.- El actor Xavier L\u00f3pez, quien es conocido por su personaje de Chabelo, muri\u00f3, as\u00ed lo dieron a conocer por medio [&hellip;]<\/p>\n","protected":false},"author":1,"featured_media":218447,"comment_status":"open","ping_status":"open","sticky":false,"template":"","format":"standard","meta":{"footnotes":""},"categories":[10,8],"tags":[],"class_list":["post-218446","post","type-post","status-publish","format-standard","has-post-thumbnail","hentry","category-espectaculos","category-pais","entry","has-media"],"jetpack_featured_media_url":"http:\/\/vertienteglobal.com\/wp-content\/uploads\/2023\/03\/202072.jpg","_links":{"self":[{"href":"http:\/\/vertienteglobal.com\/index.php?rest_route=\/wp\/v2\/posts\/218446","targetHints":{"allow":["GET"]}}],"collection":[{"href":"http:\/\/vertienteglobal.com\/index.php?rest_route=\/wp\/v2\/posts"}],"about":[{"href":"http:\/\/vertienteglobal.com\/index.php?rest_route=\/wp\/v2\/types\/post"}],"author":[{"embeddable":true,"href":"http:\/\/vertienteglobal.com\/index.php?rest_route=\/wp\/v2\/users\/1"}],"replies":[{"embeddable":true,"href":"http:\/\/vertienteglobal.com\/index.php?rest_route=%2Fwp%2Fv2%2Fcomments&post=218446"}],"version-history":[{"count":0,"href":"http:\/\/vertienteglobal.com\/index.php?rest_route=\/wp\/v2\/posts\/218446\/revisions"}],"wp:featuredmedia":[{"embeddable":true,"href":"http:\/\/vertienteglobal.com\/index.php?rest_route=\/wp\/v2\/media\/218447"}],"wp:attachment":[{"href":"http:\/\/vertienteglobal.com\/index.php?rest_route=%2Fwp%2Fv2%2Fmedia&parent=218446"}],"wp:term":[{"taxonomy":"category","embeddable":true,"href":"http:\/\/vertienteglobal.com\/index.php?rest_route=%2Fwp%2Fv2%2Fcategories&post=218446"},{"taxonomy":"post_tag","embeddable":true,"href":"http:\/\/vertienteglobal.com\/index.php?rest_route=%2Fwp%2Fv2%2Ftags&post=218446"}],"curies":[{"name":"wp","href":"https:\/\/api.w.org\/{rel}","templated":true}]}}