{"id":218330,"date":"2023-03-23T22:52:00","date_gmt":"2023-03-24T04:52:00","guid":{"rendered":"http:\/\/vertienteglobal.com\/?p=218330"},"modified":"2023-03-23T23:09:41","modified_gmt":"2023-03-24T05:09:41","slug":"amlo-asiste-a-encuentro-con-carlos-slim-y-larry-fink","status":"publish","type":"post","link":"http:\/\/vertienteglobal.com\/?p=218330","title":{"rendered":"AMLO asiste a encuentro con Carlos Slim y Larry Fink"},"content":{"rendered":"\n<div class=\"twitterbutton\" style=\"float: right; padding-left: 5px;\"><a href=\"http:\/\/twitter.com\/share\" class=\"twitter-share-button\" data-count=\"horizontal\" data-text=\"AMLO asiste a encuentro con Carlos Slim y Larry Fink\" data-via=\"https:\/\/twitter.com\/VertienteGloba1\" data-url=\"http:\/\/vertienteglobal.com\/?p=218330\" data-lang=\"es\" data-related=\"Informaci\u00f3n general:S\u00edguenos para que est\u00e9ss informado\"><\/a><\/div>\n<figure class=\"wp-block-image size-large\"><img loading=\"lazy\" decoding=\"async\" width=\"1024\" height=\"683\" src=\"http:\/\/vertienteglobal.com\/wp-content\/uploads\/2023\/03\/201970.jpg\" alt=\"\" class=\"wp-image-218331\" srcset=\"http:\/\/vertienteglobal.com\/wp-content\/uploads\/2023\/03\/201970.jpg 1024w, http:\/\/vertienteglobal.com\/wp-content\/uploads\/2023\/03\/201970-300x200.jpg 300w, http:\/\/vertienteglobal.com\/wp-content\/uploads\/2023\/03\/201970-150x100.jpg 150w, http:\/\/vertienteglobal.com\/wp-content\/uploads\/2023\/03\/201970-768x512.jpg 768w\" sizes=\"auto, (max-width: 1024px) 100vw, 1024px\" \/><\/figure>\n\n\n\n<p>(Redacci\u00f3n)<\/p>\n\n\n\n<p>Detall\u00f3 que tambi\u00e9n se reuni\u00f3 con Larry Fink, coincidiendo, en ambos casos, en \u201clas inmejorables oportunidades para M\u00e9xico\u201d<\/p>\n\n\n\n<p>Ciudad de M\u00e9xico 23 de marzo 2023.-El presidente Andr\u00e9s Manuel L\u00f3pez Obrador se reuni\u00f3 este jueves 23 de marzo con los empresarios Carlos Slim Hel\u00fa, de Grupo Carso y Larry Fink, presidente y director de BlackRock.<\/p>\n\n\n\n<p>\u201cHoy expuse la situaci\u00f3n del pa\u00eds en el \u2018Encuentro XVIII padres e hijos empresarios\u2019 que promueve, entre otros, Carlos Slim\u201d, escribi\u00f3 el presidente L\u00f3pez Obrador en redes sociales.<\/p>\n\n\n\n<p>Detall\u00f3 que tambi\u00e9n se reuni\u00f3 con Larry Fink, coincidiendo, en ambos casos, en \u201clas inmejorables oportunidades para M\u00e9xico\u201d.<\/p>\n\n\n\n<p>Por \u00faltimo, el ttabasque\u00f1o asegur\u00f3 que con los dos empresarios hay amistad.(Fuente:ElUniversal\/Agencias)<\/p>\n","protected":false},"excerpt":{"rendered":"<p>(Redacci\u00f3n) Detall\u00f3 que tambi\u00e9n se reuni\u00f3 con Larry Fink, coincidiendo, en ambos casos, en \u201clas inmejorables oportunidades para M\u00e9xico\u201d Ciudad de M\u00e9xico 23 de marzo 2023.-El presidente Andr\u00e9s Manuel L\u00f3pez Obrador se reuni\u00f3 este jueves 23 de marzo con los empresarios Carlos Slim Hel\u00fa, de Grupo Carso y Larry Fink, presidente y director de BlackRock. [&hellip;]<\/p>\n","protected":false},"author":1,"featured_media":218331,"comment_status":"open","ping_status":"open","sticky":false,"template":"","format":"standard","meta":{"footnotes":""},"categories":[8],"tags":[],"class_list":["post-218330","post","type-post","status-publish","format-standard","has-post-thumbnail","hentry","category-pais","entry","has-media"],"jetpack_featured_media_url":"http:\/\/vertienteglobal.com\/wp-content\/uploads\/2023\/03\/201970.jpg","_links":{"self":[{"href":"http:\/\/vertienteglobal.com\/index.php?rest_route=\/wp\/v2\/posts\/218330","targetHints":{"allow":["GET"]}}],"collection":[{"href":"http:\/\/vertienteglobal.com\/index.php?rest_route=\/wp\/v2\/posts"}],"about":[{"href":"http:\/\/vertienteglobal.com\/index.php?rest_route=\/wp\/v2\/types\/post"}],"author":[{"embeddable":true,"href":"http:\/\/vertienteglobal.com\/index.php?rest_route=\/wp\/v2\/users\/1"}],"replies":[{"embeddable":true,"href":"http:\/\/vertienteglobal.com\/index.php?rest_route=%2Fwp%2Fv2%2Fcomments&post=218330"}],"version-history":[{"count":0,"href":"http:\/\/vertienteglobal.com\/index.php?rest_route=\/wp\/v2\/posts\/218330\/revisions"}],"wp:featuredmedia":[{"embeddable":true,"href":"http:\/\/vertienteglobal.com\/index.php?rest_route=\/wp\/v2\/media\/218331"}],"wp:attachment":[{"href":"http:\/\/vertienteglobal.com\/index.php?rest_route=%2Fwp%2Fv2%2Fmedia&parent=218330"}],"wp:term":[{"taxonomy":"category","embeddable":true,"href":"http:\/\/vertienteglobal.com\/index.php?rest_route=%2Fwp%2Fv2%2Fcategories&post=218330"},{"taxonomy":"post_tag","embeddable":true,"href":"http:\/\/vertienteglobal.com\/index.php?rest_route=%2Fwp%2Fv2%2Ftags&post=218330"}],"curies":[{"name":"wp","href":"https:\/\/api.w.org\/{rel}","templated":true}]}}