{"id":218252,"date":"2023-03-23T19:53:41","date_gmt":"2023-03-24T01:53:41","guid":{"rendered":"http:\/\/vertienteglobal.com\/?p=218252"},"modified":"2023-03-23T19:53:41","modified_gmt":"2023-03-24T01:53:41","slug":"trabajo-permanente-para-combatir-la-violencia-y-sus-origenes-mara-lezama","status":"publish","type":"post","link":"http:\/\/vertienteglobal.com\/?p=218252","title":{"rendered":"Trabajo permanente para combatir la violencia y sus or\u00edgenes: Mara Lezama"},"content":{"rendered":"\n<div class=\"twitterbutton\" style=\"float: right; padding-left: 5px;\"><a href=\"http:\/\/twitter.com\/share\" class=\"twitter-share-button\" data-count=\"horizontal\" data-text=\"Trabajo permanente para combatir la violencia y sus or\u00edgenes: Mara Lezama\" data-via=\"https:\/\/twitter.com\/VertienteGloba1\" data-url=\"http:\/\/vertienteglobal.com\/?p=218252\" data-lang=\"es\" data-related=\"Informaci\u00f3n general:S\u00edguenos para que est\u00e9ss informado\"><\/a><\/div>\n<figure class=\"wp-block-image size-large\"><img loading=\"lazy\" decoding=\"async\" width=\"1024\" height=\"768\" src=\"http:\/\/vertienteglobal.com\/wp-content\/uploads\/2023\/03\/ML-TrabajoPermanente-01-1024x768.jpeg\" alt=\"\" class=\"wp-image-218253\" srcset=\"http:\/\/vertienteglobal.com\/wp-content\/uploads\/2023\/03\/ML-TrabajoPermanente-01-1024x768.jpeg 1024w, http:\/\/vertienteglobal.com\/wp-content\/uploads\/2023\/03\/ML-TrabajoPermanente-01-300x225.jpeg 300w, http:\/\/vertienteglobal.com\/wp-content\/uploads\/2023\/03\/ML-TrabajoPermanente-01-150x113.jpeg 150w, http:\/\/vertienteglobal.com\/wp-content\/uploads\/2023\/03\/ML-TrabajoPermanente-01-768x576.jpeg 768w, http:\/\/vertienteglobal.com\/wp-content\/uploads\/2023\/03\/ML-TrabajoPermanente-01-1536x1153.jpeg 1536w, http:\/\/vertienteglobal.com\/wp-content\/uploads\/2023\/03\/ML-TrabajoPermanente-01.jpeg 1599w\" sizes=\"auto, (max-width: 1024px) 100vw, 1024px\" \/><\/figure>\n\n\n\n<p>(Redacci\u00f3n)<\/p>\n\n\n\n<p>Puso en marcha un Punto de Monitoreo Inteligente en Villas Otoch<\/p>\n\n\n\n<p>Canc\u00fan, Quintana Roo 23 de marzo 2023.- La gobernadora Mara Lezama Espinosa inaugur\u00f3 el Punto de Monitoreo Inteligente (PMI) en la supermanzana 259, que permitir\u00e1 a la Secretar\u00eda de Seguridad P\u00fablica fortalecer las acciones de videovigilancia, que se suman a las de prevenci\u00f3n que se realizan en la F\u00e1brica de Artes y Oficios (FARO).<\/p>\n\n\n\n<p>Este Punto de Monitoreo est\u00e1 dotado de tres c\u00e1maras de videovigilancia, internet gratuito para los habitantes en un radio de 150 metros y un meg\u00e1fono para la emisi\u00f3n de mensajes grabados de inter\u00e9s, orientaci\u00f3n y prevenci\u00f3n a la poblaci\u00f3n en general.<\/p>\n\n\n\n<p>En FARO Quintana Roo se imparten talleres gratuitos dirigidos a la ciudadan\u00eda, tales como cursos de guitarra, meditaci\u00f3n, defensa personal, karate y rap. Asimismo, en coordinaci\u00f3n con los Servicios Estatales de Salud (SESA), se cuenta con grupos reflexivos para mujeres y hombres, donde se informa sobre el derecho a una vida libre de violencia, empoderamiento y toma de decisiones.<\/p>\n\n\n\n<p>Adem\u00e1s, se orienta sobre el acceso a instituciones de atenci\u00f3n en situaciones de violencia, resoluci\u00f3n de conflictos a trav\u00e9s del di\u00e1logo, entre otros temas. Estas acciones contribuyen a reconstruir el tejido social y prevenir el delito, objetivo de la F\u00e1brica.<\/p>\n\n\n\n<p>Mara Lezama destac\u00f3 que la seguridad p\u00fablica es uno de los m\u00e1s sentidos reclamos sociales. Dijo que la gente, con toda raz\u00f3n, quiere vivir en paz, sentirse segura en casa y andar tranquila por la calle. Para ello, asegur\u00f3 que este gobierno del cambio verdadero trabaja para construir la paz a partir de la atenci\u00f3n a las causas de la inseguridad con empleo, bienestar y m\u00e1s oportunidades para todas y todos.<\/p>\n\n\n\n<p>Pero tambi\u00e9n exhort\u00f3 a no permitir que nos sigan ganando el terreno aquellos que nos quieren hacer da\u00f1o. \u201cLos buenos somos mucho m\u00e1s. Trabajemos en equipo, trabajemos en conjunto, nos tienen aqu\u00ed cerca. Somos un gobierno de territorio, no de escritorio. Y tienen o\u00eddo que los voy a escuchar, y tienen una voz que le va a hacer eco a su voz hoy y siempre\u201d enfatiz\u00f3.<\/p>\n\n\n\n<p>Dijo que en el Plan Estatal de Desarrollo se contempla el fortalecimiento de capacidades de las instituciones de seguridad p\u00fablica y justicia que garanticen el Estado de Derecho, adem\u00e1s, la Polic\u00eda de Proximidad que, en contacto con la ciudadan\u00eda, prevenga la comisi\u00f3n de delitos y genere confianza en ellas.<\/p>\n\n\n\n<p>\u201cLa incidencia delictiva es el enemigo permanente que debemos erradicar y cortar de tajo, para que no siga da\u00f1ando nuestro tejido social ni se normalice vivir con miedo y zozobra\u201d expres\u00f3 al poner en marcha este Punto de Monitoreo Inteligente que requiri\u00f3 650 mil pesos de inversi\u00f3n.<\/p>\n\n\n\n<p>Enfatiz\u00f3 que con este sistema se actuar\u00e1 preventiva y disuasivamente para inhibir a potenciales delincuentes al saberse vigilados, y tambi\u00e9n para detectar de inmediato actividades sospechosas, cuando \u00e9stas se presenten.<\/p>\n\n\n\n<p>Tras escuchar las explicaciones del capit\u00e1n de corbeta IM Jos\u00e9 Pablo Mathey Cruz, secretario municipal de Seguridad P\u00fablica y Tr\u00e1nsito de Benito Ju\u00e1rez, las autoridades vieron y escucharon una demostraci\u00f3n del funcionamiento del Punto de Monitoreo Inteligente.<\/p>\n\n\n\n<figure class=\"wp-block-image size-large\"><img loading=\"lazy\" decoding=\"async\" width=\"585\" height=\"386\" src=\"http:\/\/vertienteglobal.com\/wp-content\/uploads\/2023\/03\/ML-TrabajoPermanente-02-585x386-1.jpeg\" alt=\"\" class=\"wp-image-218254\" srcset=\"http:\/\/vertienteglobal.com\/wp-content\/uploads\/2023\/03\/ML-TrabajoPermanente-02-585x386-1.jpeg 585w, http:\/\/vertienteglobal.com\/wp-content\/uploads\/2023\/03\/ML-TrabajoPermanente-02-585x386-1-300x198.jpeg 300w, http:\/\/vertienteglobal.com\/wp-content\/uploads\/2023\/03\/ML-TrabajoPermanente-02-585x386-1-150x99.jpeg 150w\" sizes=\"auto, (max-width: 585px) 100vw, 585px\" \/><\/figure>\n\n\n\n<figure class=\"wp-block-image size-large\"><img loading=\"lazy\" decoding=\"async\" width=\"585\" height=\"329\" src=\"http:\/\/vertienteglobal.com\/wp-content\/uploads\/2023\/03\/ML-TrabajoPermanente-04-585x329-1.jpeg\" alt=\"\" class=\"wp-image-218255\" srcset=\"http:\/\/vertienteglobal.com\/wp-content\/uploads\/2023\/03\/ML-TrabajoPermanente-04-585x329-1.jpeg 585w, http:\/\/vertienteglobal.com\/wp-content\/uploads\/2023\/03\/ML-TrabajoPermanente-04-585x329-1-300x169.jpeg 300w, http:\/\/vertienteglobal.com\/wp-content\/uploads\/2023\/03\/ML-TrabajoPermanente-04-585x329-1-150x84.jpeg 150w\" sizes=\"auto, (max-width: 585px) 100vw, 585px\" \/><\/figure>\n\n\n\n<figure class=\"wp-block-image size-large\"><img loading=\"lazy\" decoding=\"async\" width=\"585\" height=\"878\" src=\"http:\/\/vertienteglobal.com\/wp-content\/uploads\/2023\/03\/ML-TrabajoPermanente-03-585x878-1.jpeg\" alt=\"\" class=\"wp-image-218256\" srcset=\"http:\/\/vertienteglobal.com\/wp-content\/uploads\/2023\/03\/ML-TrabajoPermanente-03-585x878-1.jpeg 585w, http:\/\/vertienteglobal.com\/wp-content\/uploads\/2023\/03\/ML-TrabajoPermanente-03-585x878-1-200x300.jpeg 200w, http:\/\/vertienteglobal.com\/wp-content\/uploads\/2023\/03\/ML-TrabajoPermanente-03-585x878-1-100x150.jpeg 100w\" sizes=\"auto, (max-width: 585px) 100vw, 585px\" \/><\/figure>\n","protected":false},"excerpt":{"rendered":"<p>(Redacci\u00f3n) Puso en marcha un Punto de Monitoreo Inteligente en Villas Otoch Canc\u00fan, Quintana Roo 23 de marzo 2023.- La gobernadora Mara Lezama Espinosa inaugur\u00f3 el Punto de Monitoreo Inteligente (PMI) en la supermanzana 259, que permitir\u00e1 a la Secretar\u00eda de Seguridad P\u00fablica fortalecer las acciones de videovigilancia, que se suman a las de prevenci\u00f3n [&hellip;]<\/p>\n","protected":false},"author":1,"featured_media":218253,"comment_status":"open","ping_status":"open","sticky":false,"template":"","format":"standard","meta":{"footnotes":""},"categories":[3],"tags":[],"class_list":["post-218252","post","type-post","status-publish","format-standard","has-post-thumbnail","hentry","category-quintana-roo","entry","has-media"],"jetpack_featured_media_url":"http:\/\/vertienteglobal.com\/wp-content\/uploads\/2023\/03\/ML-TrabajoPermanente-01.jpeg","_links":{"self":[{"href":"http:\/\/vertienteglobal.com\/index.php?rest_route=\/wp\/v2\/posts\/218252","targetHints":{"allow":["GET"]}}],"collection":[{"href":"http:\/\/vertienteglobal.com\/index.php?rest_route=\/wp\/v2\/posts"}],"about":[{"href":"http:\/\/vertienteglobal.com\/index.php?rest_route=\/wp\/v2\/types\/post"}],"author":[{"embeddable":true,"href":"http:\/\/vertienteglobal.com\/index.php?rest_route=\/wp\/v2\/users\/1"}],"replies":[{"embeddable":true,"href":"http:\/\/vertienteglobal.com\/index.php?rest_route=%2Fwp%2Fv2%2Fcomments&post=218252"}],"version-history":[{"count":0,"href":"http:\/\/vertienteglobal.com\/index.php?rest_route=\/wp\/v2\/posts\/218252\/revisions"}],"wp:featuredmedia":[{"embeddable":true,"href":"http:\/\/vertienteglobal.com\/index.php?rest_route=\/wp\/v2\/media\/218253"}],"wp:attachment":[{"href":"http:\/\/vertienteglobal.com\/index.php?rest_route=%2Fwp%2Fv2%2Fmedia&parent=218252"}],"wp:term":[{"taxonomy":"category","embeddable":true,"href":"http:\/\/vertienteglobal.com\/index.php?rest_route=%2Fwp%2Fv2%2Fcategories&post=218252"},{"taxonomy":"post_tag","embeddable":true,"href":"http:\/\/vertienteglobal.com\/index.php?rest_route=%2Fwp%2Fv2%2Ftags&post=218252"}],"curies":[{"name":"wp","href":"https:\/\/api.w.org\/{rel}","templated":true}]}}