{"id":218216,"date":"2023-03-23T12:48:00","date_gmt":"2023-03-23T18:48:00","guid":{"rendered":"http:\/\/vertienteglobal.com\/?p=218216"},"modified":"2023-03-23T18:51:52","modified_gmt":"2023-03-24T00:51:52","slug":"cancun-ahora-es-tu-turno-la-pop-up-stores-de-shein-ya-esta-aqui","status":"publish","type":"post","link":"http:\/\/vertienteglobal.com\/?p=218216","title":{"rendered":"Canc\u00fan, \u00a1Ahora es tu turno! la Pop-Up Stores de Shein ya est\u00e1 aqu\u00ed"},"content":{"rendered":"\n<div class=\"twitterbutton\" style=\"float: right; padding-left: 5px;\"><a href=\"http:\/\/twitter.com\/share\" class=\"twitter-share-button\" data-count=\"horizontal\" data-text=\"Canc\u00fan, \u00a1Ahora es tu turno! la Pop-Up Stores de Shein ya est\u00e1 aqu\u00ed\" data-via=\"https:\/\/twitter.com\/VertienteGloba1\" data-url=\"http:\/\/vertienteglobal.com\/?p=218216\" data-lang=\"es\" data-related=\"Informaci\u00f3n general:S\u00edguenos para que est\u00e9ss informado\"><\/a><\/div>\n<figure class=\"wp-block-image size-large\"><img loading=\"lazy\" decoding=\"async\" width=\"720\" height=\"540\" src=\"http:\/\/vertienteglobal.com\/wp-content\/uploads\/2023\/03\/FB_IMG_1679618864255.jpg\" alt=\"\" class=\"wp-image-218217\" srcset=\"http:\/\/vertienteglobal.com\/wp-content\/uploads\/2023\/03\/FB_IMG_1679618864255.jpg 720w, http:\/\/vertienteglobal.com\/wp-content\/uploads\/2023\/03\/FB_IMG_1679618864255-300x225.jpg 300w, http:\/\/vertienteglobal.com\/wp-content\/uploads\/2023\/03\/FB_IMG_1679618864255-150x113.jpg 150w\" sizes=\"auto, (max-width: 720px) 100vw, 720px\" \/><\/figure>\n\n\n\n<p>(Redacci\u00f3n)<\/p>\n\n\n\n<p>Si hay sol, hay playa, si hay playa, hay \u00a1La Nueva Pop- Up Atore de Shein!<\/p>\n\n\n\n<p>Canc\u00fan, Quintana Roo a 23 de marzo 2023.- \u00bfQui\u00e9n no gusta de disfrutar de un ba\u00f1o de sol y las olas del Mar Caribe? Sobre todo si esto viene acompa\u00f1ado de los mejores looks para esta primavera. Por supuesto, en SHEIN nos encanta hacer esto posible y por eso tenemos un nuevo destino para nuestro #SHEINMXTOUR: \u00a1Canc\u00fan!<\/p>\n\n\n\n<p>El a\u00f1o pasado, esta iniciativa llev\u00f3 con \u00e9xito las mejores tendencias oto\u00f1o-invierno a Monterrey, Le\u00f3n, CDMX y Guadalajara, lo que dej\u00f3 encantadxs a nuestrxs seguidores y m\u00e1s fervientes conocedores de la moda y el estilo. Por esa raz\u00f3n, quisimos llegar hasta el sureste y traerte todo para inaugurar la \u00e9poca m\u00e1s hot del a\u00f1o.<\/p>\n\n\n\n<p>En este espacio encontrar\u00e1s los mejores outfits para acaparar las miradas en la playa y, \u00bfpor qu\u00e9 no?, en tus pr\u00f3ximas vacaciones. Y como en SHEIN pensamos en todxs, contaremos con una amplia variedad de prendas para mujer, ni\u00f1o, hombre, nuestras colecciones curvy, yoga y lo mejor de nuestras colaboraciones especiales m\u00e1s recientes como SHEIN X y SHEIN X FRIDA KAHLO y, \u00a1por primera vez!, ropa para mascotas.<\/p>\n\n\n\n<p>Adem\u00e1s, en este espacio podr\u00e1s participar en nuestra iniciativa \u201cThe Next Cycle\u201d, en el que daremos una segunda vida a las prendas que ya no quieras en alianza con Texeco, compa\u00f1\u00eda experta en reciclaje textil. Dependiendo de la calidad de la ropa que recibamos, las prendas se donar\u00e1n a albergues o casas de dise\u00f1o expertas en upcycling y o se procesar\u00e1 en las instalaciones de esta empresa mexicana.<\/p>\n\n\n\n<p>Para esta ocasi\u00f3n, estaremos desde el 23 hasta el 26 de marzo con un horario de 11:00 a 18:00 horas en Urban Center Canc\u00fan ubicado en Av. Nichupte S\/N, entre Acanceh y Tulum, Supermanzana 15-A Manzana 4, Lote 1, 77500 Canc\u00fan, Q.R. Recuerda que esta es una experiencia de tiempo limitado en la que encontrar\u00e1s grandes sorpresas.<\/p>\n\n\n\n<p>No pierdas la oportunidad de visitarnos y descubrir las mejores l\u00edneas de SHEIN. Conoce m\u00e1s dando click aqu\u00ed o en nuestra app. \u00a1Estamos ansiosxs de inaugurar la temporada junto contigo!<\/p>\n\n\n\n<p>Acerca de SHEIN<\/p>\n\n\n\n<p>Fundada en 2012, SHEIN es un retailer electr\u00f3nico global de moda y estilo de vida. La marca est\u00e1 comprometida con hacer que la moda sea accesible para todos. En SHEIN utilizamos la tecnolog\u00eda de fabricaci\u00f3n bajo demanda para conectar a los proveedores con nuestra \u00e1gil cadena de suministro, lo que reduce el desperdicio de inventario y nos permite entregar una variedad de productos asequibles a clientes de todo el mundo. Desde nuestras oficinas globales, llegamos a clientes de m\u00e1s de 150 pa\u00edses.<\/p>\n\n\n\n<p>Para saber m\u00e1s sobre SHEIN visita shein.com.mx, o s\u00edguenos en:<\/p>\n\n\n\n<p>Facebook: https:\/\/www.facebook.com\/SHEINMexico<\/p>\n\n\n\n<p>Instagram: https:\/\/instagram.com\/shein_mex<\/p>\n\n\n\n<p>YouTube: https:\/\/youtube.com\/c\/SHEIN2018<\/p>\n\n\n\n<figure class=\"wp-block-image size-large\"><img loading=\"lazy\" decoding=\"async\" width=\"1024\" height=\"562\" src=\"http:\/\/vertienteglobal.com\/wp-content\/uploads\/2023\/03\/FB_IMG_1679618872999-1024x562.jpg\" alt=\"\" class=\"wp-image-218218\" srcset=\"http:\/\/vertienteglobal.com\/wp-content\/uploads\/2023\/03\/FB_IMG_1679618872999-1024x562.jpg 1024w, http:\/\/vertienteglobal.com\/wp-content\/uploads\/2023\/03\/FB_IMG_1679618872999-300x165.jpg 300w, http:\/\/vertienteglobal.com\/wp-content\/uploads\/2023\/03\/FB_IMG_1679618872999-150x82.jpg 150w, http:\/\/vertienteglobal.com\/wp-content\/uploads\/2023\/03\/FB_IMG_1679618872999-768x422.jpg 768w, http:\/\/vertienteglobal.com\/wp-content\/uploads\/2023\/03\/FB_IMG_1679618872999.jpg 1080w\" sizes=\"auto, (max-width: 1024px) 100vw, 1024px\" \/><\/figure>\n\n\n\n<figure class=\"wp-block-image size-large\"><img loading=\"lazy\" decoding=\"async\" width=\"576\" height=\"1024\" src=\"http:\/\/vertienteglobal.com\/wp-content\/uploads\/2023\/03\/FB_IMG_1679618868526-576x1024.jpg\" alt=\"\" class=\"wp-image-218219\" srcset=\"http:\/\/vertienteglobal.com\/wp-content\/uploads\/2023\/03\/FB_IMG_1679618868526-576x1024.jpg 576w, http:\/\/vertienteglobal.com\/wp-content\/uploads\/2023\/03\/FB_IMG_1679618868526-169x300.jpg 169w, http:\/\/vertienteglobal.com\/wp-content\/uploads\/2023\/03\/FB_IMG_1679618868526-84x150.jpg 84w, http:\/\/vertienteglobal.com\/wp-content\/uploads\/2023\/03\/FB_IMG_1679618868526-768x1366.jpg 768w, http:\/\/vertienteglobal.com\/wp-content\/uploads\/2023\/03\/FB_IMG_1679618868526-864x1536.jpg 864w, http:\/\/vertienteglobal.com\/wp-content\/uploads\/2023\/03\/FB_IMG_1679618868526.jpg 899w\" sizes=\"auto, (max-width: 576px) 100vw, 576px\" \/><\/figure>\n","protected":false},"excerpt":{"rendered":"<p>(Redacci\u00f3n) Si hay sol, hay playa, si hay playa, hay \u00a1La Nueva Pop- Up Atore de Shein! Canc\u00fan, Quintana Roo a 23 de marzo 2023.- \u00bfQui\u00e9n no gusta de disfrutar de un ba\u00f1o de sol y las olas del Mar Caribe? Sobre todo si esto viene acompa\u00f1ado de los mejores looks para esta primavera. Por [&hellip;]<\/p>\n","protected":false},"author":1,"featured_media":218217,"comment_status":"open","ping_status":"open","sticky":false,"template":"","format":"standard","meta":{"footnotes":""},"categories":[10,3],"tags":[],"class_list":["post-218216","post","type-post","status-publish","format-standard","has-post-thumbnail","hentry","category-espectaculos","category-quintana-roo","entry","has-media"],"jetpack_featured_media_url":"http:\/\/vertienteglobal.com\/wp-content\/uploads\/2023\/03\/FB_IMG_1679618864255.jpg","_links":{"self":[{"href":"http:\/\/vertienteglobal.com\/index.php?rest_route=\/wp\/v2\/posts\/218216","targetHints":{"allow":["GET"]}}],"collection":[{"href":"http:\/\/vertienteglobal.com\/index.php?rest_route=\/wp\/v2\/posts"}],"about":[{"href":"http:\/\/vertienteglobal.com\/index.php?rest_route=\/wp\/v2\/types\/post"}],"author":[{"embeddable":true,"href":"http:\/\/vertienteglobal.com\/index.php?rest_route=\/wp\/v2\/users\/1"}],"replies":[{"embeddable":true,"href":"http:\/\/vertienteglobal.com\/index.php?rest_route=%2Fwp%2Fv2%2Fcomments&post=218216"}],"version-history":[{"count":0,"href":"http:\/\/vertienteglobal.com\/index.php?rest_route=\/wp\/v2\/posts\/218216\/revisions"}],"wp:featuredmedia":[{"embeddable":true,"href":"http:\/\/vertienteglobal.com\/index.php?rest_route=\/wp\/v2\/media\/218217"}],"wp:attachment":[{"href":"http:\/\/vertienteglobal.com\/index.php?rest_route=%2Fwp%2Fv2%2Fmedia&parent=218216"}],"wp:term":[{"taxonomy":"category","embeddable":true,"href":"http:\/\/vertienteglobal.com\/index.php?rest_route=%2Fwp%2Fv2%2Fcategories&post=218216"},{"taxonomy":"post_tag","embeddable":true,"href":"http:\/\/vertienteglobal.com\/index.php?rest_route=%2Fwp%2Fv2%2Ftags&post=218216"}],"curies":[{"name":"wp","href":"https:\/\/api.w.org\/{rel}","templated":true}]}}