{"id":218110,"date":"2023-03-21T16:36:00","date_gmt":"2023-03-21T22:36:00","guid":{"rendered":"http:\/\/vertienteglobal.com\/?p=218110"},"modified":"2023-03-21T21:11:59","modified_gmt":"2023-03-22T03:11:59","slug":"impulsa-la-secretaria-de-bienestar-proyectos-artistico-culturales-para-recomponer-el-tejido-social","status":"publish","type":"post","link":"http:\/\/vertienteglobal.com\/?p=218110","title":{"rendered":"Impulsa la Secretar\u00eda de Bienestar proyectos art\u00edstico-culturales para recomponer el tejido social"},"content":{"rendered":"\n<div class=\"twitterbutton\" style=\"float: right; padding-left: 5px;\"><a href=\"http:\/\/twitter.com\/share\" class=\"twitter-share-button\" data-count=\"horizontal\" data-text=\"Impulsa la Secretar\u00eda de Bienestar proyectos art\u00edstico-culturales para recompo...\" data-via=\"https:\/\/twitter.com\/VertienteGloba1\" data-url=\"http:\/\/vertienteglobal.com\/?p=218110\" data-lang=\"es\" data-related=\"Informaci\u00f3n general:S\u00edguenos para que est\u00e9ss informado\"><\/a><\/div>\n<figure class=\"wp-block-image size-large\"><img loading=\"lazy\" decoding=\"async\" width=\"1024\" height=\"768\" src=\"http:\/\/vertienteglobal.com\/wp-content\/uploads\/2023\/03\/SB-Proyectos-01.jpeg\" alt=\"\" class=\"wp-image-218111\" srcset=\"http:\/\/vertienteglobal.com\/wp-content\/uploads\/2023\/03\/SB-Proyectos-01.jpeg 1024w, http:\/\/vertienteglobal.com\/wp-content\/uploads\/2023\/03\/SB-Proyectos-01-300x225.jpeg 300w, http:\/\/vertienteglobal.com\/wp-content\/uploads\/2023\/03\/SB-Proyectos-01-150x113.jpeg 150w, http:\/\/vertienteglobal.com\/wp-content\/uploads\/2023\/03\/SB-Proyectos-01-768x576.jpeg 768w\" sizes=\"auto, (max-width: 1024px) 100vw, 1024px\" \/><\/figure>\n\n\n\n<p>(Redacci\u00f3n)<\/p>\n\n\n\n<p>A trav\u00e9s del programa Fortalecimiento Socioecon\u00f3mico Cultural, en su modalidad Impulso Sociocultural Comunitario, se beneficiaron m\u00e1s de 3 mil 800 ni\u00f1as, ni\u00f1os, j\u00f3venes, adultas y adultos en los municipios de Quintana Roo<\/p>\n\n\n\n<p>Canc\u00fan, Quintana Roo 21 de marzo 2023.- En coordinaci\u00f3n con Organizaciones de la Sociedad Civil (OSC), la Secretar\u00eda de Bienestar del Gobierno de Quintana Roo, impuls\u00f3 doce proyectos art\u00edstico-culturales como parte del programa Fortalecimiento Socioecon\u00f3mico Cultural, en su modalidad Impulso Sociocultural Comunitario, el cual benefici\u00f3 de manera directa a m\u00e1s de 3 mil 800 ni\u00f1as, ni\u00f1os, j\u00f3venes, adultas y adultos quintanarroenses, lo que cumple con la visi\u00f3n y el compromiso de la gobernadora Mara Lezama Espinosa de recomponer el tejido social.<\/p>\n\n\n\n<p>El secretario de Bienestar en Quintana Roo, Pablo Bustamante, destac\u00f3 que estas acciones que tambi\u00e9n abonan a la construcci\u00f3n de la paz en Quintana Roo, fueron implementadas con capacitaci\u00f3n y actividades digitales, art\u00edsticas y culturales en los municipios de Solidaridad, Benito Ju\u00e1rez, Puerto Morelos, Cozumel, L\u00e1zaro C\u00e1rdenas, Oth\u00f3n P. Blanco e Isla Mujeres, as\u00ed como en Jos\u00e9 Mar\u00eda Morelos, Felipe Carrillo Puerto y Bacalar.<\/p>\n\n\n\n<p>Cabe resaltar que parte de estas actividades se desarrollaron en la F\u00e1brica de Artes y Oficios (FARO) Quintana Roo, ubicada en la regi\u00f3n 259 de Canc\u00fan, ya que se trata de un espacio p\u00fablico que impulsa la participaci\u00f3n ciudadana y permite a las personas adquirir nuevas habilidades, enfocadas principalmente en medios audiovisuales, as\u00ed como conocimientos para emprender, lo que contribuye a mejorar sus condiciones de vida.<\/p>\n\n\n\n<p>Los 12 proyectos desarrollados fueron: Inmarcesible: escuela-documental para aprender filmando; el Cineclub; Circuito sabatino de t\u00edteres; Realiza tu primer cortometraje; Villa de colores; Compartiendo saberes: divulgaci\u00f3n de cortometrajes; Varios barrios solferino 2022; \u00c1nima-Ko\u2019olel; Xunaan K\u2019\u00e1an: mujeres con capacidades digitales para tejer la vida digna y la paz; Compartiendo el saber maya; Laboratorio multimedia para el fomento de una cultura de paz y Taller de cine hecho en casa.<\/p>\n\n\n\n<p>Como parte de este proyecto innovador, las Organizaciones de la Sociedad Civil recibieron una capacitaci\u00f3n previa en temas de contralor\u00eda social, para realizar la integraci\u00f3n de sus comit\u00e9s y vigilar la correcta aplicaci\u00f3n de los recursos p\u00fablicos, garantizando que los apoyos se realicen con calidad, transparencia y eficacia.<\/p>\n\n\n\n<figure class=\"wp-block-image size-large\"><img loading=\"lazy\" decoding=\"async\" width=\"585\" height=\"431\" src=\"http:\/\/vertienteglobal.com\/wp-content\/uploads\/2023\/03\/SB-Proyectos-02-585x431-1.jpeg\" alt=\"\" class=\"wp-image-218112\" srcset=\"http:\/\/vertienteglobal.com\/wp-content\/uploads\/2023\/03\/SB-Proyectos-02-585x431-1.jpeg 585w, http:\/\/vertienteglobal.com\/wp-content\/uploads\/2023\/03\/SB-Proyectos-02-585x431-1-300x221.jpeg 300w, http:\/\/vertienteglobal.com\/wp-content\/uploads\/2023\/03\/SB-Proyectos-02-585x431-1-150x111.jpeg 150w\" sizes=\"auto, (max-width: 585px) 100vw, 585px\" \/><\/figure>\n\n\n\n<figure class=\"wp-block-image size-large\"><img loading=\"lazy\" decoding=\"async\" width=\"585\" height=\"328\" src=\"http:\/\/vertienteglobal.com\/wp-content\/uploads\/2023\/03\/SB-Proyectos-03-585x328-1.jpeg\" alt=\"\" class=\"wp-image-218113\" srcset=\"http:\/\/vertienteglobal.com\/wp-content\/uploads\/2023\/03\/SB-Proyectos-03-585x328-1.jpeg 585w, http:\/\/vertienteglobal.com\/wp-content\/uploads\/2023\/03\/SB-Proyectos-03-585x328-1-300x168.jpeg 300w, http:\/\/vertienteglobal.com\/wp-content\/uploads\/2023\/03\/SB-Proyectos-03-585x328-1-150x84.jpeg 150w\" sizes=\"auto, (max-width: 585px) 100vw, 585px\" \/><\/figure>\n\n\n\n<figure class=\"wp-block-image size-large\"><img loading=\"lazy\" decoding=\"async\" width=\"585\" height=\"390\" src=\"http:\/\/vertienteglobal.com\/wp-content\/uploads\/2023\/03\/SB-Proyectos-04-585x390-1.jpeg\" alt=\"\" class=\"wp-image-218114\" srcset=\"http:\/\/vertienteglobal.com\/wp-content\/uploads\/2023\/03\/SB-Proyectos-04-585x390-1.jpeg 585w, http:\/\/vertienteglobal.com\/wp-content\/uploads\/2023\/03\/SB-Proyectos-04-585x390-1-300x200.jpeg 300w, http:\/\/vertienteglobal.com\/wp-content\/uploads\/2023\/03\/SB-Proyectos-04-585x390-1-150x100.jpeg 150w\" sizes=\"auto, (max-width: 585px) 100vw, 585px\" \/><\/figure>\n","protected":false},"excerpt":{"rendered":"<p>(Redacci\u00f3n) A trav\u00e9s del programa Fortalecimiento Socioecon\u00f3mico Cultural, en su modalidad Impulso Sociocultural Comunitario, se beneficiaron m\u00e1s de 3 mil 800 ni\u00f1as, ni\u00f1os, j\u00f3venes, adultas y adultos en los municipios de Quintana Roo Canc\u00fan, Quintana Roo 21 de marzo 2023.- En coordinaci\u00f3n con Organizaciones de la Sociedad Civil (OSC), la Secretar\u00eda de Bienestar del Gobierno [&hellip;]<\/p>\n","protected":false},"author":1,"featured_media":218111,"comment_status":"open","ping_status":"open","sticky":false,"template":"","format":"standard","meta":{"footnotes":""},"categories":[3],"tags":[],"class_list":["post-218110","post","type-post","status-publish","format-standard","has-post-thumbnail","hentry","category-quintana-roo","entry","has-media"],"jetpack_featured_media_url":"http:\/\/vertienteglobal.com\/wp-content\/uploads\/2023\/03\/SB-Proyectos-01.jpeg","_links":{"self":[{"href":"http:\/\/vertienteglobal.com\/index.php?rest_route=\/wp\/v2\/posts\/218110","targetHints":{"allow":["GET"]}}],"collection":[{"href":"http:\/\/vertienteglobal.com\/index.php?rest_route=\/wp\/v2\/posts"}],"about":[{"href":"http:\/\/vertienteglobal.com\/index.php?rest_route=\/wp\/v2\/types\/post"}],"author":[{"embeddable":true,"href":"http:\/\/vertienteglobal.com\/index.php?rest_route=\/wp\/v2\/users\/1"}],"replies":[{"embeddable":true,"href":"http:\/\/vertienteglobal.com\/index.php?rest_route=%2Fwp%2Fv2%2Fcomments&post=218110"}],"version-history":[{"count":0,"href":"http:\/\/vertienteglobal.com\/index.php?rest_route=\/wp\/v2\/posts\/218110\/revisions"}],"wp:featuredmedia":[{"embeddable":true,"href":"http:\/\/vertienteglobal.com\/index.php?rest_route=\/wp\/v2\/media\/218111"}],"wp:attachment":[{"href":"http:\/\/vertienteglobal.com\/index.php?rest_route=%2Fwp%2Fv2%2Fmedia&parent=218110"}],"wp:term":[{"taxonomy":"category","embeddable":true,"href":"http:\/\/vertienteglobal.com\/index.php?rest_route=%2Fwp%2Fv2%2Fcategories&post=218110"},{"taxonomy":"post_tag","embeddable":true,"href":"http:\/\/vertienteglobal.com\/index.php?rest_route=%2Fwp%2Fv2%2Ftags&post=218110"}],"curies":[{"name":"wp","href":"https:\/\/api.w.org\/{rel}","templated":true}]}}