{"id":218107,"date":"2023-03-21T19:21:00","date_gmt":"2023-03-22T01:21:00","guid":{"rendered":"http:\/\/vertienteglobal.com\/?p=218107"},"modified":"2023-03-21T21:05:11","modified_gmt":"2023-03-22T03:05:11","slug":"benito-juarez-municipio-prospero-unido-solido-y-de-paz-ana-patricia-peralta","status":"publish","type":"post","link":"http:\/\/vertienteglobal.com\/?p=218107","title":{"rendered":"Benito Ju\u00e1rez, municipio pr\u00f3spero, unido, s\u00f3lido y de paz: Ana Patricia Peralta"},"content":{"rendered":"\n<div class=\"twitterbutton\" style=\"float: right; padding-left: 5px;\"><a href=\"http:\/\/twitter.com\/share\" class=\"twitter-share-button\" data-count=\"horizontal\" data-text=\"Benito Ju\u00e1rez, municipio pr\u00f3spero, unido, s\u00f3lido y de paz: Ana Patricia Peral...\" data-via=\"https:\/\/twitter.com\/VertienteGloba1\" data-url=\"http:\/\/vertienteglobal.com\/?p=218107\" data-lang=\"es\" data-related=\"Informaci\u00f3n general:S\u00edguenos para que est\u00e9ss informado\"><\/a><\/div>\n<figure class=\"wp-block-image size-large\"><img loading=\"lazy\" decoding=\"async\" width=\"692\" height=\"360\" src=\"http:\/\/vertienteglobal.com\/wp-content\/uploads\/2023\/03\/A106303C-751B-4A99-BAE0-0AD7156B909A-692x360-1.jpeg\" alt=\"\" class=\"wp-image-218108\" srcset=\"http:\/\/vertienteglobal.com\/wp-content\/uploads\/2023\/03\/A106303C-751B-4A99-BAE0-0AD7156B909A-692x360-1.jpeg 692w, http:\/\/vertienteglobal.com\/wp-content\/uploads\/2023\/03\/A106303C-751B-4A99-BAE0-0AD7156B909A-692x360-1-300x156.jpeg 300w, http:\/\/vertienteglobal.com\/wp-content\/uploads\/2023\/03\/A106303C-751B-4A99-BAE0-0AD7156B909A-692x360-1-150x78.jpeg 150w\" sizes=\"auto, (max-width: 692px) 100vw, 692px\" \/><\/figure>\n\n\n\n<p>(Redacci\u00f3n)<\/p>\n\n\n\n<p>Acude a diferentes ceremonias por el 217 Aniversario del natalicio del Benem\u00e9rito de las Am\u00e9ricas en Oaxaca<\/p>\n\n\n\n<p>Refrenda el hermanamiento de Canc\u00fan con el Ayuntamiento de Oaxaca de Ju\u00e1rez<\/p>\n\n\n\n<p>Oaxaca de Ju\u00e1rez, 21 de marzo 2023.- La Presidenta Municipal de Benito Ju\u00e1rez, Ana Patricia Peralta, realiz\u00f3 una gira de trabajo en Oaxaca de Ju\u00e1rez, Oaxaca, para acudir a diferentes actividades por el 217 Aniversario del natalicio del Benem\u00e9rito de las Am\u00e9ricas, Benito Ju\u00e1rez Garc\u00eda, realizadas por el gobierno municipal de dicha localidad y el Gobierno de M\u00e9xico, adem\u00e1s de que refrend\u00f3 el acuerdo de hermanamiento con el Ayuntamiento de esa demarcaci\u00f3n.<\/p>\n\n\n\n<p>Primeramente acudi\u00f3 al evento c\u00edvico en el Parque Ju\u00e1rez \u201cEl Llano\u201d, en el cual resalt\u00f3 los avances alcanzados en Quintana Roo, gracias al trabajo coordinado entre la gobernadora Mara Lezama y el Presidente Andr\u00e9s Manuel L\u00f3pez Obrador, un mandatario juarista, quien se ha inspirado en el ilustre oaxaque\u00f1o para defender la soberan\u00eda, promover la justicia social y el bienestar para toda la poblaci\u00f3n, y como ejemplo, ha otorgado un importante apoyo a los estados y municipios del sureste del pa\u00eds.<\/p>\n\n\n\n<p>\u201cEs un doble orgullo para m\u00ed, porque represento a las y los ciudadanos que vivimos en un municipio pr\u00f3spero, unido, s\u00f3lido y sobre todo, un municipio de paz, que hace honor a los ideales del gran pr\u00f3cer de la patria del cual toma su nombre: Benito Ju\u00e1rez Garc\u00eda. Las y los invito a que sigamos honrando su memoria, enarbolando sus principios de un buen gobierno, que sea nuestro referente y nuestra inspiraci\u00f3n. Nuestro compromiso hist\u00f3rico es continuar con ese legado, mejorar el presente y construir un futuro de mayor esperanza para nuestras ni\u00f1as y ni\u00f1os\u201d, exhort\u00f3.<\/p>\n\n\n\n<p>Ante hom\u00f3logos y servidores p\u00fablicos de otros municipios, la Primera Autoridad Municipal de Benito Ju\u00e1rez reiter\u00f3 que Canc\u00fan les seguir\u00e1 abriendo las puertas tanto a la comunidad y familias oaxaque\u00f1as que llegaron a radicar desde 1974, han sido parte de la construcci\u00f3n de ese destino tur\u00edstico y actualmente ya son considerados benitojuarenses; as\u00ed como a los cientos de mexicanos, entre ellos miembros de las comunidades ind\u00edgenas mayas, que como lo hiciera el Benem\u00e9rito de las Am\u00e9ricas de Guelatao a Oaxaca, migran a las grandes urbes para buscar empleo y estudio.<\/p>\n\n\n\n<p>\u201cNuestro municipio lleva con orgullo el nombre del Presidente Ju\u00e1rez; es una ciudad que desde su origen estuvo destinada a ser el hogar de miles de personas de diferentes nacionalidades, por eso es el mejor ejemplo de que: \u00b4Entre los individuos, como entre las naciones, el respeto al derecho ajeno es la paz\u00b4\u201d, resalt\u00f3.<\/p>\n\n\n\n<p>En ese sitio, la Presidenta Municipal de Benito Ju\u00e1rez particip\u00f3 tambi\u00e9n en el homenaje al L\u00e1baro Patrio, en el dep\u00f3sito de la ofrenda floral a los pies del monumento y guardia de honor, junto con el embajador de Estados Unidos en M\u00e9xico, Ken Salazar; los presidentes de Oaxaca de Ju\u00e1rez, Oaxaca, Francisco Mart\u00ednez Neri; de Acapulco de Ju\u00e1rez, Guerrero, Abelina L\u00f3pez Rodr\u00edguez; y de Jojulta de Ju\u00e1rez, Morelos, Juan \u00c1ngel Flores Bustamante.<\/p>\n\n\n\n<p>Posteriormente, realiz\u00f3 un recorrido en el Museo de Sitio \u201cCasa de Ju\u00e1rez\u201d, recinto hist\u00f3rico en el que vivi\u00f3 el ilustre personaje de 1819 a 1828 y adem\u00e1s, re\u00fane documentos y objetos personales que dan fe de su estancia en Guelatao, ya que ah\u00ed estuvo bajo la protecci\u00f3n de Antonio Salanueva y aprendi\u00f3 a desempe\u00f1arse como sirviente, encuadernador, abogado y gobernador.<\/p>\n\n\n\n<p>Al final del d\u00eda en Sesi\u00f3n Solemne de Cabildo en la localidad oaxaque\u00f1a, la Primera Autoridad Municipal refrend\u00f3 el hermanamiento entre el Ayuntamiento de Benito Ju\u00e1rez y el de Oaxaca de Ju\u00e1rez, Oaxaca, que se firm\u00f3 el 28 de octubre de 1994 y fue ratificado por primera ocasi\u00f3n el 25 de abril de 1995, con el fin de volver a estrechar lazos entre ambos sitios e intercambiar ideas de gobierno que den pie a intercambios culturales, gastron\u00f3micos, tur\u00edsticos y de seguridad.<\/p>\n","protected":false},"excerpt":{"rendered":"<p>(Redacci\u00f3n) Acude a diferentes ceremonias por el 217 Aniversario del natalicio del Benem\u00e9rito de las Am\u00e9ricas en Oaxaca Refrenda el hermanamiento de Canc\u00fan con el Ayuntamiento de Oaxaca de Ju\u00e1rez Oaxaca de Ju\u00e1rez, 21 de marzo 2023.- La Presidenta Municipal de Benito Ju\u00e1rez, Ana Patricia Peralta, realiz\u00f3 una gira de trabajo en Oaxaca de Ju\u00e1rez, [&hellip;]<\/p>\n","protected":false},"author":1,"featured_media":218108,"comment_status":"open","ping_status":"open","sticky":false,"template":"","format":"standard","meta":{"footnotes":""},"categories":[8,3],"tags":[],"class_list":["post-218107","post","type-post","status-publish","format-standard","has-post-thumbnail","hentry","category-pais","category-quintana-roo","entry","has-media"],"jetpack_featured_media_url":"http:\/\/vertienteglobal.com\/wp-content\/uploads\/2023\/03\/A106303C-751B-4A99-BAE0-0AD7156B909A-692x360-1.jpeg","_links":{"self":[{"href":"http:\/\/vertienteglobal.com\/index.php?rest_route=\/wp\/v2\/posts\/218107","targetHints":{"allow":["GET"]}}],"collection":[{"href":"http:\/\/vertienteglobal.com\/index.php?rest_route=\/wp\/v2\/posts"}],"about":[{"href":"http:\/\/vertienteglobal.com\/index.php?rest_route=\/wp\/v2\/types\/post"}],"author":[{"embeddable":true,"href":"http:\/\/vertienteglobal.com\/index.php?rest_route=\/wp\/v2\/users\/1"}],"replies":[{"embeddable":true,"href":"http:\/\/vertienteglobal.com\/index.php?rest_route=%2Fwp%2Fv2%2Fcomments&post=218107"}],"version-history":[{"count":0,"href":"http:\/\/vertienteglobal.com\/index.php?rest_route=\/wp\/v2\/posts\/218107\/revisions"}],"wp:featuredmedia":[{"embeddable":true,"href":"http:\/\/vertienteglobal.com\/index.php?rest_route=\/wp\/v2\/media\/218108"}],"wp:attachment":[{"href":"http:\/\/vertienteglobal.com\/index.php?rest_route=%2Fwp%2Fv2%2Fmedia&parent=218107"}],"wp:term":[{"taxonomy":"category","embeddable":true,"href":"http:\/\/vertienteglobal.com\/index.php?rest_route=%2Fwp%2Fv2%2Fcategories&post=218107"},{"taxonomy":"post_tag","embeddable":true,"href":"http:\/\/vertienteglobal.com\/index.php?rest_route=%2Fwp%2Fv2%2Ftags&post=218107"}],"curies":[{"name":"wp","href":"https:\/\/api.w.org\/{rel}","templated":true}]}}