{"id":217974,"date":"2023-03-20T15:21:00","date_gmt":"2023-03-20T21:21:00","guid":{"rendered":"http:\/\/vertienteglobal.com\/?p=217974"},"modified":"2023-03-20T20:50:00","modified_gmt":"2023-03-21T02:50:00","slug":"respalda-marybel-villegas-al-presidente-amlo-en-defensa-de-la-soberania-nacional","status":"publish","type":"post","link":"http:\/\/vertienteglobal.com\/?p=217974","title":{"rendered":"Respalda Marybel Villegas al Presidente AMLO en defensa de la Soberania Nacional"},"content":{"rendered":"\n<div class=\"twitterbutton\" style=\"float: right; padding-left: 5px;\"><a href=\"http:\/\/twitter.com\/share\" class=\"twitter-share-button\" data-count=\"horizontal\" data-text=\"Respalda Marybel Villegas al Presidente AMLO en defensa de la Soberania Nacional\" data-via=\"https:\/\/twitter.com\/VertienteGloba1\" data-url=\"http:\/\/vertienteglobal.com\/?p=217974\" data-lang=\"es\" data-related=\"Informaci\u00f3n general:S\u00edguenos para que est\u00e9ss informado\"><\/a><\/div>\n<figure class=\"wp-block-image size-large\"><img loading=\"lazy\" decoding=\"async\" width=\"1024\" height=\"683\" src=\"http:\/\/vertienteglobal.com\/wp-content\/uploads\/2023\/03\/FB_IMG_1679366847222-1024x683.jpg\" alt=\"\" class=\"wp-image-217975\" srcset=\"http:\/\/vertienteglobal.com\/wp-content\/uploads\/2023\/03\/FB_IMG_1679366847222-1024x683.jpg 1024w, http:\/\/vertienteglobal.com\/wp-content\/uploads\/2023\/03\/FB_IMG_1679366847222-300x200.jpg 300w, http:\/\/vertienteglobal.com\/wp-content\/uploads\/2023\/03\/FB_IMG_1679366847222-150x100.jpg 150w, http:\/\/vertienteglobal.com\/wp-content\/uploads\/2023\/03\/FB_IMG_1679366847222-768x512.jpg 768w, http:\/\/vertienteglobal.com\/wp-content\/uploads\/2023\/03\/FB_IMG_1679366847222.jpg 1080w\" sizes=\"auto, (max-width: 1024px) 100vw, 1024px\" \/><\/figure>\n\n\n\n<p>(Redacci\u00f3n)<\/p>\n\n\n\n<p>Ciudad de M\u00e9xico, 20 de marzo de 2023.- La senadora de Morena por Quintana Roo, Marybel Villegas, refrend\u00f3 su lealtad con el presidente de la Rep\u00fablica, Andr\u00e9s Manuel L\u00f3pez Obrador, tras la movilizaci\u00f3n convocada por el 85 aniversario de la Expropiaci\u00f3n Petrolera.<\/p>\n\n\n\n<p>La morenista indic\u00f3 que la Cuarta Transformaci\u00f3n, encabezada por el presidente L\u00f3pez Obrador ha garantizado la soberan\u00eda nacional, sobre todo con lo que tiene que ver con los recursos del pa\u00eds y ha quedado reflejado en las acciones legislativas realizadas en favor de la defensa y protecci\u00f3n de estos recursos.<\/p>\n\n\n\n<p>\u201cRecordemos que el a\u00f1o pasado aprobamos diversas reformas que contribuyen a la protecci\u00f3n y garant\u00eda de la propiedad de nuestros recursos, como la Reforma a la Ley Minera con la que defendimos la soberan\u00eda del litio nacional porque como lo ha dicho nuestro presidente, M\u00e9xico tiene el dominio directo y la propiedad inalienable e imprescriptible de todos los hidrocarburos en el subsuelo del territorio nacional\u201d, indic\u00f3 la legisladora.<\/p>\n\n\n\n<p>\u201cLa Cuarta Transformaci\u00f3n ha garantizado la soberan\u00eda del petr\u00f3leo, ha fortalecido a la Comisi\u00f3n Federal de Electricidad (CFE) y logr\u00f3 la nacionalizaci\u00f3n del Litio, un mineral de suma importancia para la construcci\u00f3n de bater\u00edas y sistema de los autos el\u00e9ctricos, con todo ello, el compromiso de conservar los derechos de M\u00e9xico sobre sus recursos se ha cumplido y continuaremos por ese camino\u201d, asegur\u00f3 Marybel Villegas.<\/p>\n\n\n\n<p>\u201cEl prop\u00f3sito del Gobierno Federal es alcanzar la autosuficiencia alimentaria y energ\u00e9tica en beneficio de las y los mexicanos y no nos detendremos hasta lograrlo; hemos dado pasos muy grandes hacia este objetivo con la construcci\u00f3n de obras como la Refiner\u00eda de Dos Bocas, inaugurada en julio del a\u00f1o pasado, que aumentar\u00e1 la producci\u00f3n de combustible nacional y, en mi caso, desde el Senado, he contribuido con el respaldo a la legislaci\u00f3n correspondiente para las reformas a la Constituci\u00f3n que permitan el manejo de los recursos de M\u00e9xico, \u00fanica y exclusivamente por los mexicanos. No nos detendremos en nuestra tarea hasta que se mejoren las condiciones de vida de millones de ciudadanos en este pa\u00eds\u201d, puntualiz\u00f3 la morenista.<\/p>\n","protected":false},"excerpt":{"rendered":"<p>(Redacci\u00f3n) Ciudad de M\u00e9xico, 20 de marzo de 2023.- La senadora de Morena por Quintana Roo, Marybel Villegas, refrend\u00f3 su lealtad con el presidente de la Rep\u00fablica, Andr\u00e9s Manuel L\u00f3pez Obrador, tras la movilizaci\u00f3n convocada por el 85 aniversario de la Expropiaci\u00f3n Petrolera. La morenista indic\u00f3 que la Cuarta Transformaci\u00f3n, encabezada por el presidente L\u00f3pez [&hellip;]<\/p>\n","protected":false},"author":1,"featured_media":217975,"comment_status":"open","ping_status":"open","sticky":false,"template":"","format":"standard","meta":{"footnotes":""},"categories":[8,3],"tags":[],"class_list":["post-217974","post","type-post","status-publish","format-standard","has-post-thumbnail","hentry","category-pais","category-quintana-roo","entry","has-media"],"jetpack_featured_media_url":"http:\/\/vertienteglobal.com\/wp-content\/uploads\/2023\/03\/FB_IMG_1679366847222.jpg","_links":{"self":[{"href":"http:\/\/vertienteglobal.com\/index.php?rest_route=\/wp\/v2\/posts\/217974","targetHints":{"allow":["GET"]}}],"collection":[{"href":"http:\/\/vertienteglobal.com\/index.php?rest_route=\/wp\/v2\/posts"}],"about":[{"href":"http:\/\/vertienteglobal.com\/index.php?rest_route=\/wp\/v2\/types\/post"}],"author":[{"embeddable":true,"href":"http:\/\/vertienteglobal.com\/index.php?rest_route=\/wp\/v2\/users\/1"}],"replies":[{"embeddable":true,"href":"http:\/\/vertienteglobal.com\/index.php?rest_route=%2Fwp%2Fv2%2Fcomments&post=217974"}],"version-history":[{"count":0,"href":"http:\/\/vertienteglobal.com\/index.php?rest_route=\/wp\/v2\/posts\/217974\/revisions"}],"wp:featuredmedia":[{"embeddable":true,"href":"http:\/\/vertienteglobal.com\/index.php?rest_route=\/wp\/v2\/media\/217975"}],"wp:attachment":[{"href":"http:\/\/vertienteglobal.com\/index.php?rest_route=%2Fwp%2Fv2%2Fmedia&parent=217974"}],"wp:term":[{"taxonomy":"category","embeddable":true,"href":"http:\/\/vertienteglobal.com\/index.php?rest_route=%2Fwp%2Fv2%2Fcategories&post=217974"},{"taxonomy":"post_tag","embeddable":true,"href":"http:\/\/vertienteglobal.com\/index.php?rest_route=%2Fwp%2Fv2%2Ftags&post=217974"}],"curies":[{"name":"wp","href":"https:\/\/api.w.org\/{rel}","templated":true}]}}