{"id":217954,"date":"2023-03-20T12:51:00","date_gmt":"2023-03-20T18:51:00","guid":{"rendered":"http:\/\/vertienteglobal.com\/?p=217954"},"modified":"2023-03-20T13:39:07","modified_gmt":"2023-03-20T19:39:07","slug":"bienvenida-la-primavera-y-tambien-las-alergias-conoce-los-sintomas","status":"publish","type":"post","link":"http:\/\/vertienteglobal.com\/?p=217954","title":{"rendered":"Bienvenida la primavera\u2026 \u00a1Y tambi\u00e9n las alergias! Conoce los s\u00edntomas"},"content":{"rendered":"\n<div class=\"twitterbutton\" style=\"float: right; padding-left: 5px;\"><a href=\"http:\/\/twitter.com\/share\" class=\"twitter-share-button\" data-count=\"horizontal\" data-text=\"Bienvenida la primavera\u2026 \u00a1Y tambi\u00e9n las alergias! Conoce los s\u00edntomas\" data-via=\"https:\/\/twitter.com\/VertienteGloba1\" data-url=\"http:\/\/vertienteglobal.com\/?p=217954\" data-lang=\"es\" data-related=\"Informaci\u00f3n general:S\u00edguenos para que est\u00e9ss informado\"><\/a><\/div>\n<figure class=\"wp-block-image size-large\"><img loading=\"lazy\" decoding=\"async\" width=\"812\" height=\"360\" src=\"http:\/\/vertienteglobal.com\/wp-content\/uploads\/2023\/03\/alergia-primaveral-sintomas-y-tratamientos.jpg\" alt=\"\" class=\"wp-image-217956\" srcset=\"http:\/\/vertienteglobal.com\/wp-content\/uploads\/2023\/03\/alergia-primaveral-sintomas-y-tratamientos.jpg 812w, http:\/\/vertienteglobal.com\/wp-content\/uploads\/2023\/03\/alergia-primaveral-sintomas-y-tratamientos-300x133.jpg 300w, http:\/\/vertienteglobal.com\/wp-content\/uploads\/2023\/03\/alergia-primaveral-sintomas-y-tratamientos-150x67.jpg 150w, http:\/\/vertienteglobal.com\/wp-content\/uploads\/2023\/03\/alergia-primaveral-sintomas-y-tratamientos-768x340.jpg 768w\" sizes=\"auto, (max-width: 812px) 100vw, 812px\" \/><\/figure>\n\n\n\n<p>(Redacci\u00f3n)<\/p>\n\n\n\n<p>Problemas respiratorios de v\u00edas bajas: tos, disnea, comez\u00f3n en la nariz, estornudos frecuentes, secreci\u00f3n nasal u obstrucci\u00f3n, falta de aire, sensaci\u00f3n de ahogo o pecho que silba<\/p>\n\n\n\n<p>Ciudad de M\u00e9xico 20 de marzo 2023.-La llegada de la primavera este lunes 20 de marzo, no s\u00f3lo propicia un ambiente m\u00e1s c\u00e1lido y que broten las flores; tambi\u00e9n implica un sin n\u00famero de alergias generadas por las plantas que se reproducen por polen y que afecta al 25 por ciento de la poblaci\u00f3n.<\/p>\n\n\n\n<p>Y es que de acuerdo con especialistas, durante la primavera, en M\u00e9xico circulan alrededor de 50 tipos de polen y es considerado como uno de los agentes causales m\u00e1s importantes de las enfermedades al\u00e9rgicas, siendo considerada como la causa m\u00e1s frecuente de rinoconjuntivitis y responsable de m\u00e1s del 30% de los casos de asma bronquial.<\/p>\n\n\n\n<p>\u00bfCu\u00e1les son las alergias m\u00e1s comunes en primavera?<\/p>\n\n\n\n<p>Conjuntivitis: Prurito ocular, lagrimeo, ojos rojos, comez\u00f3n e inflamaci\u00f3n.<\/p>\n\n\n\n<p>Rinitis: Estornudos, obstrucci\u00f3n nasal, rinorrea, prurito nasal.<\/p>\n\n\n\n<p>Problemas respiratorios de v\u00edas bajas: tos, disnea, comez\u00f3n en la nariz, estornudos frecuentes, secreci\u00f3n nasal u obstrucci\u00f3n, falta de aire, sensaci\u00f3n de ahogo o pecho que silba.<\/p>\n\n\n\n<p>Urticaria y\/o angioedema: Ronchas en la piel, picor intenso.<\/p>\n\n\n\n<p>\u00bfC\u00f3mo saber si tienes alergia en primavera?<\/p>\n\n\n\n<p>Si tienes congesti\u00f3n nasal.<br>O si presentas rinorrea (aumento de mucosidad nasal).<\/p>\n\n\n\n<p>Tambi\u00e9n te dan estornudos.<\/p>\n\n\n\n<p>Puedes presentar lagrimeo y enrojecimiento de los ojos.<\/p>\n\n\n\n<p>Te puede dar tos seca.<\/p>\n\n\n\n<p>Puedes presentar p\u00edtidos en el pecho al respirar.<\/p>\n\n\n\n<p>Tambi\u00e9n puedes tener dificultad respiratoria.<br>Si detectas cualquiera de estos s\u00edntomas, es necesario que acudas al m\u00e9dico y averigua si realmente eres al\u00e9rgico. As\u00ed, el especialista te recetar\u00e1 antihistam\u00ednicos orales que te pueden ayudar a aliviar la incomodidad de los estornudos, el goteo nasal y la picaz\u00f3n y lagrimeo de los ojos.(Fuente: Exc\u00e9lsior)<\/p>\n","protected":false},"excerpt":{"rendered":"<p>(Redacci\u00f3n) Problemas respiratorios de v\u00edas bajas: tos, disnea, comez\u00f3n en la nariz, estornudos frecuentes, secreci\u00f3n nasal u obstrucci\u00f3n, falta de aire, sensaci\u00f3n de ahogo o pecho que silba Ciudad de M\u00e9xico 20 de marzo 2023.-La llegada de la primavera este lunes 20 de marzo, no s\u00f3lo propicia un ambiente m\u00e1s c\u00e1lido y que broten las [&hellip;]<\/p>\n","protected":false},"author":1,"featured_media":217956,"comment_status":"open","ping_status":"open","sticky":false,"template":"","format":"standard","meta":{"footnotes":""},"categories":[8],"tags":[],"class_list":["post-217954","post","type-post","status-publish","format-standard","has-post-thumbnail","hentry","category-pais","entry","has-media"],"jetpack_featured_media_url":"http:\/\/vertienteglobal.com\/wp-content\/uploads\/2023\/03\/alergia-primaveral-sintomas-y-tratamientos.jpg","_links":{"self":[{"href":"http:\/\/vertienteglobal.com\/index.php?rest_route=\/wp\/v2\/posts\/217954","targetHints":{"allow":["GET"]}}],"collection":[{"href":"http:\/\/vertienteglobal.com\/index.php?rest_route=\/wp\/v2\/posts"}],"about":[{"href":"http:\/\/vertienteglobal.com\/index.php?rest_route=\/wp\/v2\/types\/post"}],"author":[{"embeddable":true,"href":"http:\/\/vertienteglobal.com\/index.php?rest_route=\/wp\/v2\/users\/1"}],"replies":[{"embeddable":true,"href":"http:\/\/vertienteglobal.com\/index.php?rest_route=%2Fwp%2Fv2%2Fcomments&post=217954"}],"version-history":[{"count":0,"href":"http:\/\/vertienteglobal.com\/index.php?rest_route=\/wp\/v2\/posts\/217954\/revisions"}],"wp:featuredmedia":[{"embeddable":true,"href":"http:\/\/vertienteglobal.com\/index.php?rest_route=\/wp\/v2\/media\/217956"}],"wp:attachment":[{"href":"http:\/\/vertienteglobal.com\/index.php?rest_route=%2Fwp%2Fv2%2Fmedia&parent=217954"}],"wp:term":[{"taxonomy":"category","embeddable":true,"href":"http:\/\/vertienteglobal.com\/index.php?rest_route=%2Fwp%2Fv2%2Fcategories&post=217954"},{"taxonomy":"post_tag","embeddable":true,"href":"http:\/\/vertienteglobal.com\/index.php?rest_route=%2Fwp%2Fv2%2Ftags&post=217954"}],"curies":[{"name":"wp","href":"https:\/\/api.w.org\/{rel}","templated":true}]}}