{"id":217937,"date":"2023-03-20T08:24:00","date_gmt":"2023-03-20T14:24:00","guid":{"rendered":"http:\/\/vertienteglobal.com\/?p=217937"},"modified":"2023-03-20T11:25:23","modified_gmt":"2023-03-20T17:25:23","slug":"tramo-1-del-tren-maya-con-70-km-de-via-terminada-y-100-de-riel-requerido","status":"publish","type":"post","link":"http:\/\/vertienteglobal.com\/?p=217937","title":{"rendered":"Tramo 1 del Tren Maya, con 70 km de v\u00eda terminada y 100% de riel requerido"},"content":{"rendered":"\n<div class=\"twitterbutton\" style=\"float: right; padding-left: 5px;\"><a href=\"http:\/\/twitter.com\/share\" class=\"twitter-share-button\" data-count=\"horizontal\" data-text=\"Tramo 1 del Tren Maya, con 70 km de v\u00eda terminada y 100% de riel requerido\" data-via=\"https:\/\/twitter.com\/VertienteGloba1\" data-url=\"http:\/\/vertienteglobal.com\/?p=217937\" data-lang=\"es\" data-related=\"Informaci\u00f3n general:S\u00edguenos para que est\u00e9ss informado\"><\/a><\/div>\n<figure class=\"wp-block-image size-large\"><img loading=\"lazy\" decoding=\"async\" width=\"1024\" height=\"683\" src=\"http:\/\/vertienteglobal.com\/wp-content\/uploads\/2023\/03\/201588.jpg\" alt=\"\" class=\"wp-image-217938\" srcset=\"http:\/\/vertienteglobal.com\/wp-content\/uploads\/2023\/03\/201588.jpg 1024w, http:\/\/vertienteglobal.com\/wp-content\/uploads\/2023\/03\/201588-300x200.jpg 300w, http:\/\/vertienteglobal.com\/wp-content\/uploads\/2023\/03\/201588-150x100.jpg 150w, http:\/\/vertienteglobal.com\/wp-content\/uploads\/2023\/03\/201588-768x512.jpg 768w\" sizes=\"auto, (max-width: 1024px) 100vw, 1024px\" \/><\/figure>\n\n\n\n<p>(Redacci\u00f3n)<\/p>\n\n\n\n<p>May Rodr\u00edguez resalt\u00f3 que los trabajos de la obra avanzan a buen ritmo, pues incluso, hay turnos de trabajo nocturnos, a fin de agilizar las labores<\/p>\n\n\n\n<p>Tuxtla Guti\u00e9rrez, Chiapas, 20 de marzo 2023.-El director de Fonatur, Javier May Rodr\u00edguez, destac\u00f3 que el tramo 1 del Tren Maya, el cual comunicar\u00e1 a Palenque, Chiapas, con Esc\u00e1rcega, Campeche, ya tiene 70 kil\u00f3metros de v\u00eda terminada y cuenta con el 100 por ciento del riel requerido para la v\u00eda.<\/p>\n\n\n\n<p>May Rodr\u00edguez resalt\u00f3 que los trabajos de la obra avanzan a buen ritmo, pues incluso, hay turnos de trabajo nocturnos, a fin de agilizar las labores.<\/p>\n\n\n\n<p>\u201cEn el tramo 1 los trabajos avanzan a buen ritmo, con turnos incluso en la noche, por lo que se est\u00e1n cumpliendo metas de avance. Ya hay 70 kil\u00f3metros de v\u00eda terminada y en pocos meses iremos viendo c\u00f3mo se contemplan m\u00e1s kil\u00f3metros hasta conclusi\u00f3n\u201d, se\u00f1al\u00f3.<\/p>\n\n\n\n<p>Adem\u00e1s, inform\u00f3 que los 12 puentes que se construyen llevan un avance del 60 por ciento, mientras que las 382 obras de drenaje registran un avance del 91 por ciento.(Fuente: Exc\u00e9lsior)<\/p>\n","protected":false},"excerpt":{"rendered":"<p>(Redacci\u00f3n) May Rodr\u00edguez resalt\u00f3 que los trabajos de la obra avanzan a buen ritmo, pues incluso, hay turnos de trabajo nocturnos, a fin de agilizar las labores Tuxtla Guti\u00e9rrez, Chiapas, 20 de marzo 2023.-El director de Fonatur, Javier May Rodr\u00edguez, destac\u00f3 que el tramo 1 del Tren Maya, el cual comunicar\u00e1 a Palenque, Chiapas, con [&hellip;]<\/p>\n","protected":false},"author":1,"featured_media":217938,"comment_status":"open","ping_status":"open","sticky":false,"template":"","format":"standard","meta":{"footnotes":""},"categories":[4,6,8,3,5],"tags":[],"class_list":["post-217937","post","type-post","status-publish","format-standard","has-post-thumbnail","hentry","category-campeche","category-chiapas","category-pais","category-quintana-roo","category-tabasco","entry","has-media"],"jetpack_featured_media_url":"http:\/\/vertienteglobal.com\/wp-content\/uploads\/2023\/03\/201588.jpg","_links":{"self":[{"href":"http:\/\/vertienteglobal.com\/index.php?rest_route=\/wp\/v2\/posts\/217937","targetHints":{"allow":["GET"]}}],"collection":[{"href":"http:\/\/vertienteglobal.com\/index.php?rest_route=\/wp\/v2\/posts"}],"about":[{"href":"http:\/\/vertienteglobal.com\/index.php?rest_route=\/wp\/v2\/types\/post"}],"author":[{"embeddable":true,"href":"http:\/\/vertienteglobal.com\/index.php?rest_route=\/wp\/v2\/users\/1"}],"replies":[{"embeddable":true,"href":"http:\/\/vertienteglobal.com\/index.php?rest_route=%2Fwp%2Fv2%2Fcomments&post=217937"}],"version-history":[{"count":0,"href":"http:\/\/vertienteglobal.com\/index.php?rest_route=\/wp\/v2\/posts\/217937\/revisions"}],"wp:featuredmedia":[{"embeddable":true,"href":"http:\/\/vertienteglobal.com\/index.php?rest_route=\/wp\/v2\/media\/217938"}],"wp:attachment":[{"href":"http:\/\/vertienteglobal.com\/index.php?rest_route=%2Fwp%2Fv2%2Fmedia&parent=217937"}],"wp:term":[{"taxonomy":"category","embeddable":true,"href":"http:\/\/vertienteglobal.com\/index.php?rest_route=%2Fwp%2Fv2%2Fcategories&post=217937"},{"taxonomy":"post_tag","embeddable":true,"href":"http:\/\/vertienteglobal.com\/index.php?rest_route=%2Fwp%2Fv2%2Ftags&post=217937"}],"curies":[{"name":"wp","href":"https:\/\/api.w.org\/{rel}","templated":true}]}}