{"id":217898,"date":"2023-03-19T19:24:00","date_gmt":"2023-03-20T01:24:00","guid":{"rendered":"http:\/\/vertienteglobal.com\/?p=217898"},"modified":"2023-03-19T19:37:15","modified_gmt":"2023-03-20T01:37:15","slug":"artesanos-de-quintana-roo-estaran-en-las-vitrinas-del-mundo-mara-lezama","status":"publish","type":"post","link":"http:\/\/vertienteglobal.com\/?p=217898","title":{"rendered":"Artesanos de Quintana Roo estar\u00e1n en las vitrinas del mundo: Mara Lezama"},"content":{"rendered":"\n<div class=\"twitterbutton\" style=\"float: right; padding-left: 5px;\"><a href=\"http:\/\/twitter.com\/share\" class=\"twitter-share-button\" data-count=\"horizontal\" data-text=\"Artesanos de Quintana Roo estar\u00e1n en las vitrinas del mundo: Mara Lezama\" data-via=\"https:\/\/twitter.com\/VertienteGloba1\" data-url=\"http:\/\/vertienteglobal.com\/?p=217898\" data-lang=\"es\" data-related=\"Informaci\u00f3n general:S\u00edguenos para que est\u00e9ss informado\"><\/a><\/div>\n<figure class=\"wp-block-image size-large\"><img loading=\"lazy\" decoding=\"async\" width=\"1024\" height=\"564\" src=\"http:\/\/vertienteglobal.com\/wp-content\/uploads\/2023\/03\/ArtesanosQROO-01-1024x564.jpeg\" alt=\"\" class=\"wp-image-217899\" srcset=\"http:\/\/vertienteglobal.com\/wp-content\/uploads\/2023\/03\/ArtesanosQROO-01-1024x564.jpeg 1024w, http:\/\/vertienteglobal.com\/wp-content\/uploads\/2023\/03\/ArtesanosQROO-01-300x165.jpeg 300w, http:\/\/vertienteglobal.com\/wp-content\/uploads\/2023\/03\/ArtesanosQROO-01-150x83.jpeg 150w, http:\/\/vertienteglobal.com\/wp-content\/uploads\/2023\/03\/ArtesanosQROO-01-768x423.jpeg 768w, http:\/\/vertienteglobal.com\/wp-content\/uploads\/2023\/03\/ArtesanosQROO-01.jpeg 1080w\" sizes=\"auto, (max-width: 1024px) 100vw, 1024px\" \/><\/figure>\n\n\n\n<p>(Redacci\u00f3n)<\/p>\n\n\n\n<p>La Gobernadora dijo que es necesario que se reconozca y valore el trabajo de los artesanos, por ello el impulso que les da este gobierno<\/p>\n\n\n\n<p>Chetumal, Quintana Roo 19 de marzo 2023.- En el marco del D\u00eda Internacional del Artesano, la gobernadora Mara Lezama Espinosa, afirm\u00f3 que este nuevo gobierno impulsa acciones para que se reconozca el arte y el trabajo de quienes d\u00eda a d\u00eda con su creatividad, ingenio y talento crean piezas \u00fanicas y originales.<\/p>\n\n\n\n<p>Destac\u00f3 que para apoyar a las y los creadores del estado, con la gesti\u00f3n de recursos econ\u00f3micos o en especie, se integr\u00f3 el Programa para el Fortalecimiento Productivo Artesanal, que se ejecuta a trav\u00e9s de la Secretar\u00eda de Desarrollo Econ\u00f3mico (SEDE).<\/p>\n\n\n\n<p>\u201cEn este gobierno del cambio verdadero trabajamos para transformar la vida de las personas, como son los artesanos, para lograr la generaci\u00f3n de su propio desarrollo econ\u00f3mico, social y cultural, con base en el Nuevo Acuerdo por el Bienestar y Desarrollo\u201d expres\u00f3 la gobernadora Mara Lezama.<\/p>\n\n\n\n<p>En los 11 municipios de la entidad hay artesanos que elaboran art\u00edculos con materiales diversos, como lo es la concha marina, caracoles, coral negro, fibras vegetales, madera, textiles, alfarer\u00eda, cer\u00e1mica, piedra, hueso y cuerno de toro.<\/p>\n\n\n\n<p>De acuerdo con la SEDE, a la presente fecha existen en Quintana Roo tres mil 138 artesanos debidamente registrados en un padr\u00f3n, de los cuales dos mil 636 son mujeres, que significa que tienen un papel clave no solo en la elaboraci\u00f3n sino tambi\u00e9n en el traspaso directo de los conocimientos a las nuevas generaciones.<\/p>\n\n\n\n<p>Cabe destacar que Felipe Carrillo Puerto es el municipio que cuenta con m\u00e1s mujeres artesanas, pues del total de mil 214, mil 087 son f\u00e9minas.<\/p>\n\n\n\n<p>De esta manera se recalca la importancia que representa para la trasmisi\u00f3n de la cultura el papel que desarrollan las mujeres, y debe reconocerse el esfuerzo que han realizado por insertarse en un mercado laboral de manera estructurada, como agentes trasformadores de la econom\u00eda familiar y de sus comunidades.<\/p>\n\n\n\n<p>El gobierno de Quintana Roo a trav\u00e9s de la SEDE se ha consolidado el programa para el fortalecimiento de la capacidad productiva y de apertura de espacios para la exposici\u00f3n y venta de estas piezas artesanales en las diferentes muestras, ferias y exposiciones.<\/p>\n\n\n\n<p>Un resultado de las gestiones de Mara Lezama, para que la prosperidad sea compartida, es la presencia de 17 grupos de artesanas y artesanos en el Punto M\u00e9xico, de Ciudad de M\u00e9xico, un espacio abierto por primera vez para una magna exposici\u00f3n con el distintivo Hecho en Quintana Roo.<\/p>\n\n\n\n<p>Otras acciones a favor del gremio artesanal es la entrega de 22 paquetes de materiales a artesanas bordadoras de Bacalar, y se gestionaron recursos para tres intervenciones dentro del Programa de Acciones Culturales Multilingues y Comunitarias (PACMyC), que entreg\u00f3 la Gobernadora en beneficio de 37 mujeres.<\/p>\n\n\n\n<p>Asimismo, con el firme compromiso de reconocer la trayectoria y labor de las manos creativas de nuestras artesanas y artesanos, el 15 de marzo se llev\u00f3 a cabo la sesi\u00f3n de Calificaci\u00f3n y Selecci\u00f3n del XVIII Concurso Estatal \u201cEl Artesano del A\u00f1o\u201d 2023, cuya premiaci\u00f3n ser\u00e1 el pr\u00f3ximo d\u00eda 29.<\/p>\n\n\n\n<p>La presente administraci\u00f3n tiene considerado el XXVI Concurso Estatal de Artesan\u00edas \u201cDeja que te lo Cuenten mis manos 2023\u201d, en agosto pr\u00f3ximo y el VI Concurso Estatal de Textil 2023 CHUUY K\u00b4KAAB a realizarse en el mes de octubre.<\/p>\n\n\n\n<figure class=\"wp-block-image size-large\"><img loading=\"lazy\" decoding=\"async\" width=\"684\" height=\"1024\" src=\"http:\/\/vertienteglobal.com\/wp-content\/uploads\/2023\/03\/ArtesanosQROO-02-684x1024.jpeg\" alt=\"\" class=\"wp-image-217900\" srcset=\"http:\/\/vertienteglobal.com\/wp-content\/uploads\/2023\/03\/ArtesanosQROO-02-684x1024.jpeg 684w, http:\/\/vertienteglobal.com\/wp-content\/uploads\/2023\/03\/ArtesanosQROO-02-200x300.jpeg 200w, http:\/\/vertienteglobal.com\/wp-content\/uploads\/2023\/03\/ArtesanosQROO-02-100x150.jpeg 100w, http:\/\/vertienteglobal.com\/wp-content\/uploads\/2023\/03\/ArtesanosQROO-02-768x1151.jpeg 768w, http:\/\/vertienteglobal.com\/wp-content\/uploads\/2023\/03\/ArtesanosQROO-02-1025x1536.jpeg 1025w, http:\/\/vertienteglobal.com\/wp-content\/uploads\/2023\/03\/ArtesanosQROO-02.jpeg 1068w\" sizes=\"auto, (max-width: 684px) 100vw, 684px\" \/><\/figure>\n\n\n\n<figure class=\"wp-block-image size-large\"><img loading=\"lazy\" decoding=\"async\" width=\"1024\" height=\"658\" src=\"http:\/\/vertienteglobal.com\/wp-content\/uploads\/2023\/03\/ArtesanosQROO-03-1024x658.jpeg\" alt=\"\" class=\"wp-image-217901\" srcset=\"http:\/\/vertienteglobal.com\/wp-content\/uploads\/2023\/03\/ArtesanosQROO-03-1024x658.jpeg 1024w, http:\/\/vertienteglobal.com\/wp-content\/uploads\/2023\/03\/ArtesanosQROO-03-300x193.jpeg 300w, http:\/\/vertienteglobal.com\/wp-content\/uploads\/2023\/03\/ArtesanosQROO-03-150x96.jpeg 150w, http:\/\/vertienteglobal.com\/wp-content\/uploads\/2023\/03\/ArtesanosQROO-03-768x493.jpeg 768w, http:\/\/vertienteglobal.com\/wp-content\/uploads\/2023\/03\/ArtesanosQROO-03-1536x987.jpeg 1536w, http:\/\/vertienteglobal.com\/wp-content\/uploads\/2023\/03\/ArtesanosQROO-03.jpeg 1600w\" sizes=\"auto, (max-width: 1024px) 100vw, 1024px\" \/><\/figure>\n\n\n\n<figure class=\"wp-block-image size-large\"><img loading=\"lazy\" decoding=\"async\" width=\"1024\" height=\"684\" src=\"http:\/\/vertienteglobal.com\/wp-content\/uploads\/2023\/03\/ArtesanosQROO-04-1024x684.jpeg\" alt=\"\" class=\"wp-image-217902\" srcset=\"http:\/\/vertienteglobal.com\/wp-content\/uploads\/2023\/03\/ArtesanosQROO-04-1024x684.jpeg 1024w, http:\/\/vertienteglobal.com\/wp-content\/uploads\/2023\/03\/ArtesanosQROO-04-300x200.jpeg 300w, http:\/\/vertienteglobal.com\/wp-content\/uploads\/2023\/03\/ArtesanosQROO-04-150x100.jpeg 150w, http:\/\/vertienteglobal.com\/wp-content\/uploads\/2023\/03\/ArtesanosQROO-04-768x513.jpeg 768w, http:\/\/vertienteglobal.com\/wp-content\/uploads\/2023\/03\/ArtesanosQROO-04-1536x1025.jpeg 1536w, http:\/\/vertienteglobal.com\/wp-content\/uploads\/2023\/03\/ArtesanosQROO-04.jpeg 1600w\" sizes=\"auto, (max-width: 1024px) 100vw, 1024px\" \/><\/figure>\n\n\n\n<figure class=\"wp-block-image size-large\"><img loading=\"lazy\" decoding=\"async\" width=\"1024\" height=\"684\" src=\"http:\/\/vertienteglobal.com\/wp-content\/uploads\/2023\/03\/ArtesanosQROO-05-1024x684.jpeg\" alt=\"\" class=\"wp-image-217903\" srcset=\"http:\/\/vertienteglobal.com\/wp-content\/uploads\/2023\/03\/ArtesanosQROO-05-1024x684.jpeg 1024w, http:\/\/vertienteglobal.com\/wp-content\/uploads\/2023\/03\/ArtesanosQROO-05-300x200.jpeg 300w, http:\/\/vertienteglobal.com\/wp-content\/uploads\/2023\/03\/ArtesanosQROO-05-150x100.jpeg 150w, http:\/\/vertienteglobal.com\/wp-content\/uploads\/2023\/03\/ArtesanosQROO-05-768x513.jpeg 768w, http:\/\/vertienteglobal.com\/wp-content\/uploads\/2023\/03\/ArtesanosQROO-05-1536x1025.jpeg 1536w, http:\/\/vertienteglobal.com\/wp-content\/uploads\/2023\/03\/ArtesanosQROO-05.jpeg 1600w\" sizes=\"auto, (max-width: 1024px) 100vw, 1024px\" \/><\/figure>\n","protected":false},"excerpt":{"rendered":"<p>(Redacci\u00f3n) La Gobernadora dijo que es necesario que se reconozca y valore el trabajo de los artesanos, por ello el impulso que les da este gobierno Chetumal, Quintana Roo 19 de marzo 2023.- En el marco del D\u00eda Internacional del Artesano, la gobernadora Mara Lezama Espinosa, afirm\u00f3 que este nuevo gobierno impulsa acciones para que [&hellip;]<\/p>\n","protected":false},"author":1,"featured_media":217899,"comment_status":"open","ping_status":"open","sticky":false,"template":"","format":"standard","meta":{"footnotes":""},"categories":[3],"tags":[],"class_list":["post-217898","post","type-post","status-publish","format-standard","has-post-thumbnail","hentry","category-quintana-roo","entry","has-media"],"jetpack_featured_media_url":"http:\/\/vertienteglobal.com\/wp-content\/uploads\/2023\/03\/ArtesanosQROO-01.jpeg","_links":{"self":[{"href":"http:\/\/vertienteglobal.com\/index.php?rest_route=\/wp\/v2\/posts\/217898","targetHints":{"allow":["GET"]}}],"collection":[{"href":"http:\/\/vertienteglobal.com\/index.php?rest_route=\/wp\/v2\/posts"}],"about":[{"href":"http:\/\/vertienteglobal.com\/index.php?rest_route=\/wp\/v2\/types\/post"}],"author":[{"embeddable":true,"href":"http:\/\/vertienteglobal.com\/index.php?rest_route=\/wp\/v2\/users\/1"}],"replies":[{"embeddable":true,"href":"http:\/\/vertienteglobal.com\/index.php?rest_route=%2Fwp%2Fv2%2Fcomments&post=217898"}],"version-history":[{"count":0,"href":"http:\/\/vertienteglobal.com\/index.php?rest_route=\/wp\/v2\/posts\/217898\/revisions"}],"wp:featuredmedia":[{"embeddable":true,"href":"http:\/\/vertienteglobal.com\/index.php?rest_route=\/wp\/v2\/media\/217899"}],"wp:attachment":[{"href":"http:\/\/vertienteglobal.com\/index.php?rest_route=%2Fwp%2Fv2%2Fmedia&parent=217898"}],"wp:term":[{"taxonomy":"category","embeddable":true,"href":"http:\/\/vertienteglobal.com\/index.php?rest_route=%2Fwp%2Fv2%2Fcategories&post=217898"},{"taxonomy":"post_tag","embeddable":true,"href":"http:\/\/vertienteglobal.com\/index.php?rest_route=%2Fwp%2Fv2%2Ftags&post=217898"}],"curies":[{"name":"wp","href":"https:\/\/api.w.org\/{rel}","templated":true}]}}