{"id":217865,"date":"2023-03-18T12:32:00","date_gmt":"2023-03-18T18:32:00","guid":{"rendered":"http:\/\/vertienteglobal.com\/?p=217865"},"modified":"2023-03-18T13:34:16","modified_gmt":"2023-03-18T19:34:16","slug":"refuerzan-la-vigilancia-en-playas-de-puerto-morelos-por-fin-de-semana-largo","status":"publish","type":"post","link":"http:\/\/vertienteglobal.com\/?p=217865","title":{"rendered":"Refuerzan la vigilancia en Playas de Puerto Morelos por fin de semana largo"},"content":{"rendered":"\n<div class=\"twitterbutton\" style=\"float: right; padding-left: 5px;\"><a href=\"http:\/\/twitter.com\/share\" class=\"twitter-share-button\" data-count=\"horizontal\" data-text=\"Refuerzan la vigilancia en Playas de Puerto Morelos por fin de semana largo\" data-via=\"https:\/\/twitter.com\/VertienteGloba1\" data-url=\"http:\/\/vertienteglobal.com\/?p=217865\" data-lang=\"es\" data-related=\"Informaci\u00f3n general:S\u00edguenos para que est\u00e9ss informado\"><\/a><\/div>\n<figure class=\"wp-block-image size-large\"><img loading=\"lazy\" decoding=\"async\" width=\"720\" height=\"480\" src=\"http:\/\/vertienteglobal.com\/wp-content\/uploads\/2023\/03\/FB_IMG_1679167914497.jpg\" alt=\"\" class=\"wp-image-217866\" srcset=\"http:\/\/vertienteglobal.com\/wp-content\/uploads\/2023\/03\/FB_IMG_1679167914497.jpg 720w, http:\/\/vertienteglobal.com\/wp-content\/uploads\/2023\/03\/FB_IMG_1679167914497-300x200.jpg 300w, http:\/\/vertienteglobal.com\/wp-content\/uploads\/2023\/03\/FB_IMG_1679167914497-150x100.jpg 150w\" sizes=\"auto, (max-width: 720px) 100vw, 720px\" \/><\/figure>\n\n\n\n<p>(Redacci\u00f3n)<\/p>\n\n\n\n<p>Indic\u00f3 que habr\u00e1 14 personas, entre guardavidas y elementos de la Coordinaci\u00f3n, que se ubicar\u00e1n en estos d\u00edas en la playa de La Ventana al Mar para invitar a los ba\u00f1istas a tener precauci\u00f3n al entrar al mar, evitar hacerlo si han ingerido bebidas alcoh\u00f3licas y atender el llamado de los guardavidas en caso necesario o de visualizar alg\u00fan riesgo<\/p>\n\n\n\n<p>Puerto Morelos, Quintana Roo, 18 de marzo de 2023.-En el marco del segundo fin de semana largo del a\u00f1o, en el que se espera la llegada de turismo nacional y extranjero y alcanzar una ocupaci\u00f3n superior al 80 por ciento en las m\u00e1s de 7 mil habitaciones hoteleras con las que cuenta el municipio, se reforzar\u00e1 la vigilancia y seguridad, principalmente en las playas.<\/p>\n\n\n\n<p>El coordinador municipal de Protecci\u00f3n Civil municipal, Guillermo Morales L\u00f3pez, indic\u00f3 que se mantiene estrecha coordinaci\u00f3n entre la Secretar\u00eda de Seguridad P\u00fablica y Tr\u00e1nsito, Bomberos, Marina y Guardia Nacional, para garantizar a los visitantes una estancia tranquila en este fin de semana largo, por lo que se mantienen dos bases para agilizar la atenci\u00f3n a emergencias.<\/p>\n\n\n\n<p>\u201cNuestro fin primordial es garantizar y resguardar la vida de los turistas locales y extranjeros, al igual que de la poblaci\u00f3n que acude a las playas en estas fechas de asueto. Adem\u00e1s, continuar\u00e1n las acciones cotidianas de protecci\u00f3n a los ciudadanos\u201d, destac\u00f3.<\/p>\n\n\n\n<p>Indic\u00f3 que habr\u00e1 14 personas, entre guardavidas y elementos de la Coordinaci\u00f3n, que se ubicar\u00e1n en estos d\u00edas en la playa de La Ventana al Mar para invitar a los ba\u00f1istas a tener precauci\u00f3n al entrar al mar, evitar hacerlo si han ingerido bebidas alcoh\u00f3licas y atender el llamado de los guardavidas en caso necesario o de visualizar alg\u00fan riesgo.<\/p>\n\n\n\n<p>A su vez, el secretario municipal de Seguridad P\u00fablica y Tr\u00e1nsito, Alfredo Edgardo Valdez de Le\u00f3n, manifest\u00f3 que los dispositivos de vigilancia contar\u00e1n con personal pie-tierra y filtros aleatorios en los puntos de mayor afluencia de ba\u00f1istas. Tambi\u00e9n se consideran recorridos con cuatrimotos en playas como la de la Ventana al Mar, Bah\u00eda Petempich y El Cid, as\u00ed como recorridos por la Ruta de los Cenotes.<\/p>\n\n\n\n<p>Por su parte, el secretario municipal de Turismo Sustentable, Miguel C\u00e1mara Ruiz, coment\u00f3 que se espera un aumento en la ocupaci\u00f3n de las casi 7 mil habitaciones hoteleras con que cuenta la cabecera municipal, que en las \u00faltimas semanas fue del 78 por ciento en promedio.<\/p>\n\n\n\n<p>Se espera un repunte importante en las actividades n\u00e1uticas, en la Ruta de los Cenotes y en la demanda de servicio en el sector gastron\u00f3mico, al que se le ha dado fuerte impulso en esta administraci\u00f3n, explic\u00f3.<\/p>\n\n\n\n<p>En cuando a la limpieza de playas y recolecci\u00f3n de sargazo, el director general de Servicios P\u00fablicos, Leonel Salazar Trejo, dijo que el programa se mantendr\u00e1 con el apoyo de dos tractores, dos barredoras y siete trabajadores.<\/p>\n\n\n\n<p>La labor ha sido constante y gracias a esos tenemos al alga bajo control, explic\u00f3. Hay que considerar que, adicionalmente, la Zofemat tiene personal encargado de la limpieza de playas.<\/p>\n\n\n\n<figure class=\"wp-block-image size-large\"><img loading=\"lazy\" decoding=\"async\" width=\"720\" height=\"480\" src=\"http:\/\/vertienteglobal.com\/wp-content\/uploads\/2023\/03\/FB_IMG_1679167925562.jpg\" alt=\"\" class=\"wp-image-217867\" srcset=\"http:\/\/vertienteglobal.com\/wp-content\/uploads\/2023\/03\/FB_IMG_1679167925562.jpg 720w, http:\/\/vertienteglobal.com\/wp-content\/uploads\/2023\/03\/FB_IMG_1679167925562-300x200.jpg 300w, http:\/\/vertienteglobal.com\/wp-content\/uploads\/2023\/03\/FB_IMG_1679167925562-150x100.jpg 150w\" sizes=\"auto, (max-width: 720px) 100vw, 720px\" \/><\/figure>\n\n\n\n<figure class=\"wp-block-image size-large\"><img loading=\"lazy\" decoding=\"async\" width=\"720\" height=\"480\" src=\"http:\/\/vertienteglobal.com\/wp-content\/uploads\/2023\/03\/FB_IMG_1679167918137.jpg\" alt=\"\" class=\"wp-image-217868\" srcset=\"http:\/\/vertienteglobal.com\/wp-content\/uploads\/2023\/03\/FB_IMG_1679167918137.jpg 720w, http:\/\/vertienteglobal.com\/wp-content\/uploads\/2023\/03\/FB_IMG_1679167918137-300x200.jpg 300w, http:\/\/vertienteglobal.com\/wp-content\/uploads\/2023\/03\/FB_IMG_1679167918137-150x100.jpg 150w\" sizes=\"auto, (max-width: 720px) 100vw, 720px\" \/><\/figure>\n\n\n\n<figure class=\"wp-block-image size-large\"><img loading=\"lazy\" decoding=\"async\" width=\"720\" height=\"480\" src=\"http:\/\/vertienteglobal.com\/wp-content\/uploads\/2023\/03\/FB_IMG_1679167921734.jpg\" alt=\"\" class=\"wp-image-217869\" srcset=\"http:\/\/vertienteglobal.com\/wp-content\/uploads\/2023\/03\/FB_IMG_1679167921734.jpg 720w, http:\/\/vertienteglobal.com\/wp-content\/uploads\/2023\/03\/FB_IMG_1679167921734-300x200.jpg 300w, http:\/\/vertienteglobal.com\/wp-content\/uploads\/2023\/03\/FB_IMG_1679167921734-150x100.jpg 150w\" sizes=\"auto, (max-width: 720px) 100vw, 720px\" \/><\/figure>\n","protected":false},"excerpt":{"rendered":"<p>(Redacci\u00f3n) Indic\u00f3 que habr\u00e1 14 personas, entre guardavidas y elementos de la Coordinaci\u00f3n, que se ubicar\u00e1n en estos d\u00edas en la playa de La Ventana al Mar para invitar a los ba\u00f1istas a tener precauci\u00f3n al entrar al mar, evitar hacerlo si han ingerido bebidas alcoh\u00f3licas y atender el llamado de los guardavidas en caso [&hellip;]<\/p>\n","protected":false},"author":1,"featured_media":217866,"comment_status":"open","ping_status":"open","sticky":false,"template":"","format":"standard","meta":{"footnotes":""},"categories":[3],"tags":[],"class_list":["post-217865","post","type-post","status-publish","format-standard","has-post-thumbnail","hentry","category-quintana-roo","entry","has-media"],"jetpack_featured_media_url":"http:\/\/vertienteglobal.com\/wp-content\/uploads\/2023\/03\/FB_IMG_1679167914497.jpg","_links":{"self":[{"href":"http:\/\/vertienteglobal.com\/index.php?rest_route=\/wp\/v2\/posts\/217865","targetHints":{"allow":["GET"]}}],"collection":[{"href":"http:\/\/vertienteglobal.com\/index.php?rest_route=\/wp\/v2\/posts"}],"about":[{"href":"http:\/\/vertienteglobal.com\/index.php?rest_route=\/wp\/v2\/types\/post"}],"author":[{"embeddable":true,"href":"http:\/\/vertienteglobal.com\/index.php?rest_route=\/wp\/v2\/users\/1"}],"replies":[{"embeddable":true,"href":"http:\/\/vertienteglobal.com\/index.php?rest_route=%2Fwp%2Fv2%2Fcomments&post=217865"}],"version-history":[{"count":0,"href":"http:\/\/vertienteglobal.com\/index.php?rest_route=\/wp\/v2\/posts\/217865\/revisions"}],"wp:featuredmedia":[{"embeddable":true,"href":"http:\/\/vertienteglobal.com\/index.php?rest_route=\/wp\/v2\/media\/217866"}],"wp:attachment":[{"href":"http:\/\/vertienteglobal.com\/index.php?rest_route=%2Fwp%2Fv2%2Fmedia&parent=217865"}],"wp:term":[{"taxonomy":"category","embeddable":true,"href":"http:\/\/vertienteglobal.com\/index.php?rest_route=%2Fwp%2Fv2%2Fcategories&post=217865"},{"taxonomy":"post_tag","embeddable":true,"href":"http:\/\/vertienteglobal.com\/index.php?rest_route=%2Fwp%2Fv2%2Ftags&post=217865"}],"curies":[{"name":"wp","href":"https:\/\/api.w.org\/{rel}","templated":true}]}}