{"id":217717,"date":"2023-03-16T17:33:00","date_gmt":"2023-03-16T23:33:00","guid":{"rendered":"http:\/\/vertienteglobal.com\/?p=217717"},"modified":"2023-03-16T22:23:52","modified_gmt":"2023-03-17T04:23:52","slug":"lorenzo-cordova-recibira-1-93-mdp-de-compensacion-por-termino-laboral-informa-ine","status":"publish","type":"post","link":"http:\/\/vertienteglobal.com\/?p=217717","title":{"rendered":"Lorenzo C\u00f3rdova recibir\u00e1 1.93 mdp de compensaci\u00f3n por t\u00e9rmino laboral, informa INE"},"content":{"rendered":"\n<div class=\"twitterbutton\" style=\"float: right; padding-left: 5px;\"><a href=\"http:\/\/twitter.com\/share\" class=\"twitter-share-button\" data-count=\"horizontal\" data-text=\"Lorenzo C\u00f3rdova recibir\u00e1 1.93 mdp de compensaci\u00f3n por t\u00e9rmino laboral, infor...\" data-via=\"https:\/\/twitter.com\/VertienteGloba1\" data-url=\"http:\/\/vertienteglobal.com\/?p=217717\" data-lang=\"es\" data-related=\"Informaci\u00f3n general:S\u00edguenos para que est\u00e9ss informado\"><\/a><\/div>\n<figure class=\"wp-block-image size-large\"><img loading=\"lazy\" decoding=\"async\" width=\"1024\" height=\"683\" src=\"http:\/\/vertienteglobal.com\/wp-content\/uploads\/2023\/03\/201380.jpg\" alt=\"\" class=\"wp-image-217718\" srcset=\"http:\/\/vertienteglobal.com\/wp-content\/uploads\/2023\/03\/201380.jpg 1024w, http:\/\/vertienteglobal.com\/wp-content\/uploads\/2023\/03\/201380-300x200.jpg 300w, http:\/\/vertienteglobal.com\/wp-content\/uploads\/2023\/03\/201380-150x100.jpg 150w, http:\/\/vertienteglobal.com\/wp-content\/uploads\/2023\/03\/201380-768x512.jpg 768w\" sizes=\"auto, (max-width: 1024px) 100vw, 1024px\" \/><\/figure>\n\n\n\n<p>(Redacci\u00f3n)<\/p>\n\n\n\n<p>De acuerdo a un comunicado, el INE detall\u00f3 que &#8216;otorga a todas las personas que laboran en la instituci\u00f3n una Compensaci\u00f3n por Terminaci\u00f3n de la Relaci\u00f3n Laboral (CTRL)&#8217;<\/p>\n\n\n\n<p>Ciudad de M\u00e9xico 16 de marzo 2023.-Este jueves 16 de marzo, el Instituto Nacional Electoral (INE) dio a conocer la cantidad que recibir\u00e1n los consejeros y la consejera que terminar\u00e1n su administraci\u00f3n el pr\u00f3ximo 3 de abril.<\/p>\n\n\n\n<p>De acuerdo a un comunicado, el INE detall\u00f3 que &#8216;otorga a todas las personas que laboran en la instituci\u00f3n una Compensaci\u00f3n por Terminaci\u00f3n de la Relaci\u00f3n Laboral (CTRL)&#8217;.<\/p>\n\n\n\n<p>Asimismo, el INE detall\u00f3 que &#8216;en el caso del consejero presidente Lorenzo C\u00f3rdova aplica el mismo c\u00e1lculo para los nueve a\u00f1os en su encargo. M\u00e1s debe tomarse en cuenta que fue designado Consejero Electoral del Instituto Federal Electoral el 15 de diciembre de 2011 sin que, al t\u00e9rmino de ese encargo, percibiera alg\u00fan monto de compensaci\u00f3n por conclusi\u00f3n del mismo&#8217;.<\/p>\n\n\n\n<p>Tambi\u00e9n, el instituto precis\u00f3 que &#8216;al monto antes mencionado debe sumarse 270 mil 991.76, para un total de un mill\u00f3n 934 mil 380.28 pesos&#8217;.<\/p>\n\n\n\n<p>Mientras, para la consejera Adriana Favela y para los consejeros Ciro Murayama y Jos\u00e9 Roberto Ruiz, la compensaci\u00f3n por terminaci\u00f3n de la relaci\u00f3n laboral ser\u00e1 de un mill\u00f3n 663 mil 288-52 pesos, considerando el periodo del 4 de abril de 2014 al 3 de abril de 2023.(Fuente:Excelsior-Milenio\/Agencias)<\/p>\n","protected":false},"excerpt":{"rendered":"<p>(Redacci\u00f3n) De acuerdo a un comunicado, el INE detall\u00f3 que &#8216;otorga a todas las personas que laboran en la instituci\u00f3n una Compensaci\u00f3n por Terminaci\u00f3n de la Relaci\u00f3n Laboral (CTRL)&#8217; Ciudad de M\u00e9xico 16 de marzo 2023.-Este jueves 16 de marzo, el Instituto Nacional Electoral (INE) dio a conocer la cantidad que recibir\u00e1n los consejeros y [&hellip;]<\/p>\n","protected":false},"author":1,"featured_media":217718,"comment_status":"open","ping_status":"open","sticky":false,"template":"","format":"standard","meta":{"footnotes":""},"categories":[8],"tags":[],"class_list":["post-217717","post","type-post","status-publish","format-standard","has-post-thumbnail","hentry","category-pais","entry","has-media"],"jetpack_featured_media_url":"http:\/\/vertienteglobal.com\/wp-content\/uploads\/2023\/03\/201380.jpg","_links":{"self":[{"href":"http:\/\/vertienteglobal.com\/index.php?rest_route=\/wp\/v2\/posts\/217717","targetHints":{"allow":["GET"]}}],"collection":[{"href":"http:\/\/vertienteglobal.com\/index.php?rest_route=\/wp\/v2\/posts"}],"about":[{"href":"http:\/\/vertienteglobal.com\/index.php?rest_route=\/wp\/v2\/types\/post"}],"author":[{"embeddable":true,"href":"http:\/\/vertienteglobal.com\/index.php?rest_route=\/wp\/v2\/users\/1"}],"replies":[{"embeddable":true,"href":"http:\/\/vertienteglobal.com\/index.php?rest_route=%2Fwp%2Fv2%2Fcomments&post=217717"}],"version-history":[{"count":0,"href":"http:\/\/vertienteglobal.com\/index.php?rest_route=\/wp\/v2\/posts\/217717\/revisions"}],"wp:featuredmedia":[{"embeddable":true,"href":"http:\/\/vertienteglobal.com\/index.php?rest_route=\/wp\/v2\/media\/217718"}],"wp:attachment":[{"href":"http:\/\/vertienteglobal.com\/index.php?rest_route=%2Fwp%2Fv2%2Fmedia&parent=217717"}],"wp:term":[{"taxonomy":"category","embeddable":true,"href":"http:\/\/vertienteglobal.com\/index.php?rest_route=%2Fwp%2Fv2%2Fcategories&post=217717"},{"taxonomy":"post_tag","embeddable":true,"href":"http:\/\/vertienteglobal.com\/index.php?rest_route=%2Fwp%2Fv2%2Ftags&post=217717"}],"curies":[{"name":"wp","href":"https:\/\/api.w.org\/{rel}","templated":true}]}}