{"id":217705,"date":"2023-03-16T19:21:00","date_gmt":"2023-03-17T01:21:00","guid":{"rendered":"http:\/\/vertienteglobal.com\/?p=217705"},"modified":"2023-03-16T22:12:46","modified_gmt":"2023-03-17T04:12:46","slug":"ut-cancun-organiza-feria-de-reclutamiento-para-sus-estudiantes","status":"publish","type":"post","link":"http:\/\/vertienteglobal.com\/?p=217705","title":{"rendered":"UT Canc\u00fan organiza feria de reclutamiento para sus estudiantes"},"content":{"rendered":"\n<div class=\"twitterbutton\" style=\"float: right; padding-left: 5px;\"><a href=\"http:\/\/twitter.com\/share\" class=\"twitter-share-button\" data-count=\"horizontal\" data-text=\"UT Canc\u00fan organiza feria de reclutamiento para sus estudiantes\" data-via=\"https:\/\/twitter.com\/VertienteGloba1\" data-url=\"http:\/\/vertienteglobal.com\/?p=217705\" data-lang=\"es\" data-related=\"Informaci\u00f3n general:S\u00edguenos para que est\u00e9ss informado\"><\/a><\/div>\n<figure class=\"wp-block-image size-large\"><img loading=\"lazy\" decoding=\"async\" width=\"692\" height=\"360\" src=\"http:\/\/vertienteglobal.com\/wp-content\/uploads\/2023\/03\/FB_IMG_1679026280316.jpg\" alt=\"\" class=\"wp-image-217706\" srcset=\"http:\/\/vertienteglobal.com\/wp-content\/uploads\/2023\/03\/FB_IMG_1679026280316.jpg 692w, http:\/\/vertienteglobal.com\/wp-content\/uploads\/2023\/03\/FB_IMG_1679026280316-300x156.jpg 300w, http:\/\/vertienteglobal.com\/wp-content\/uploads\/2023\/03\/FB_IMG_1679026280316-150x78.jpg 150w\" sizes=\"auto, (max-width: 692px) 100vw, 692px\" \/><\/figure>\n\n\n\n<p>(Redacci\u00f3n)<\/p>\n\n\n\n<p>M\u00e1s de 200 estudiantes de la Universidad Tecnol\u00f3gica de Canc\u00fan BIS se vieron beneficiados con los espacios que ofrecieron 25 empresas en la Feria de Reclutamiento para Estad\u00edas<\/p>\n\n\n\n<p>Profesionales, donde iniciar\u00e1n sus pr\u00e1cticas profesionales y aprender\u00e1n de esa manera lo que demanda el sector laboral.<\/p>\n\n\n\n<p>Canc\u00fan, Quintana Roo 16 de marzo 2023.- El rector de la UT Canc\u00fan, Mtro. Juli\u00e1n Aguilar, indic\u00f3 que las ferias de reclutamiento permiten realizar un acercamiento de las empresas e instituciones vinculadas con la Universidad, para ofrecer a los y las estudiantes del 5\u00b0 cuatrimestre de T\u00e9cnico Superior Universitario (TSU) la oportunidad de aprender desde la pr\u00e1ctica, tal y como est\u00e1 establecido en el modelo educativo de este subsistema educativo.<\/p>\n\n\n\n<p>\u201cHoy me da mucho gusto que estemos en una actividad donde nuestras queridas y queridos estudiantes van a encontrar una gran cantidad de oportunidades para poder llevar a cabo sus procesos de estad\u00eda y, en muchas ocasiones, para encontrar un trabajo\u201d, puntualiz\u00f3.<\/p>\n\n\n\n<p>Agradeci\u00f3 a la secretaria de Vinculaci\u00f3n, Elena M\u00fagica, por organizar este tipo de eventos que promueven la puesta en pr\u00e1ctica de las habilidades, del conocimiento, del que se beneficiar\u00e1n -en esta ocasi\u00f3n \u2013 262 estudiantes de las carreras de TSU en Contadur\u00eda, en Desarrollo de Software Multiplataforma y en Infraestructura en Redes Digitales quienes podr\u00e1n seleccionar el espacio donde realizar\u00e1n sus estad\u00edas profesionales.<\/p>\n\n\n\n<p>A decir de la jefa del departamento de Gesti\u00f3n Empresarial, Martha Liz\u00e1rraga, las y los j\u00f3venes universitarios, tendr\u00e1n la oportunidad de tener el primer acercamiento con las empresas para elegir donde realizar\u00e1n su estad\u00eda durante el cuatrimestre mayo-agosto, periodo en el que estar\u00e1n aplicando los conocimientos aprendidos en el aula, los cuales se enriquecer\u00e1n con el ejercicio diario que se desarrolla en la empresa.<\/p>\n\n\n\n<p>En el evento estuvieron presentes la encargada de la secretar\u00eda Acad\u00e9mica, Zac Mucuy Vargas; la directora de la divisi\u00f3n de Ingenier\u00eda y Tecnolog\u00edas, Roc\u00edo Arceo; personal docente y administrativo, entre otros, quienes realizaron un recorrido por cada uno de los stands de las empresas participantes.<\/p>\n","protected":false},"excerpt":{"rendered":"<p>(Redacci\u00f3n) M\u00e1s de 200 estudiantes de la Universidad Tecnol\u00f3gica de Canc\u00fan BIS se vieron beneficiados con los espacios que ofrecieron 25 empresas en la Feria de Reclutamiento para Estad\u00edas Profesionales, donde iniciar\u00e1n sus pr\u00e1cticas profesionales y aprender\u00e1n de esa manera lo que demanda el sector laboral. Canc\u00fan, Quintana Roo 16 de marzo 2023.- El rector [&hellip;]<\/p>\n","protected":false},"author":1,"featured_media":217706,"comment_status":"open","ping_status":"open","sticky":false,"template":"","format":"standard","meta":{"footnotes":""},"categories":[9,3],"tags":[],"class_list":["post-217705","post","type-post","status-publish","format-standard","has-post-thumbnail","hentry","category-educacion","category-quintana-roo","entry","has-media"],"jetpack_featured_media_url":"http:\/\/vertienteglobal.com\/wp-content\/uploads\/2023\/03\/FB_IMG_1679026280316.jpg","_links":{"self":[{"href":"http:\/\/vertienteglobal.com\/index.php?rest_route=\/wp\/v2\/posts\/217705","targetHints":{"allow":["GET"]}}],"collection":[{"href":"http:\/\/vertienteglobal.com\/index.php?rest_route=\/wp\/v2\/posts"}],"about":[{"href":"http:\/\/vertienteglobal.com\/index.php?rest_route=\/wp\/v2\/types\/post"}],"author":[{"embeddable":true,"href":"http:\/\/vertienteglobal.com\/index.php?rest_route=\/wp\/v2\/users\/1"}],"replies":[{"embeddable":true,"href":"http:\/\/vertienteglobal.com\/index.php?rest_route=%2Fwp%2Fv2%2Fcomments&post=217705"}],"version-history":[{"count":0,"href":"http:\/\/vertienteglobal.com\/index.php?rest_route=\/wp\/v2\/posts\/217705\/revisions"}],"wp:featuredmedia":[{"embeddable":true,"href":"http:\/\/vertienteglobal.com\/index.php?rest_route=\/wp\/v2\/media\/217706"}],"wp:attachment":[{"href":"http:\/\/vertienteglobal.com\/index.php?rest_route=%2Fwp%2Fv2%2Fmedia&parent=217705"}],"wp:term":[{"taxonomy":"category","embeddable":true,"href":"http:\/\/vertienteglobal.com\/index.php?rest_route=%2Fwp%2Fv2%2Fcategories&post=217705"},{"taxonomy":"post_tag","embeddable":true,"href":"http:\/\/vertienteglobal.com\/index.php?rest_route=%2Fwp%2Fv2%2Ftags&post=217705"}],"curies":[{"name":"wp","href":"https:\/\/api.w.org\/{rel}","templated":true}]}}