{"id":217699,"date":"2023-03-16T18:52:00","date_gmt":"2023-03-17T00:52:00","guid":{"rendered":"http:\/\/vertienteglobal.com\/?p=217699"},"modified":"2023-03-16T22:11:09","modified_gmt":"2023-03-17T04:11:09","slug":"dif-quintana-roo-entrega-en-comodato-vehiculos-inclusivos-a-los-11-dif-municipales","status":"publish","type":"post","link":"http:\/\/vertienteglobal.com\/?p=217699","title":{"rendered":"DIF Quintana Roo entrega en comodato veh\u00edculos inclusivos a los 11 DIF municipales"},"content":{"rendered":"\n<div class=\"twitterbutton\" style=\"float: right; padding-left: 5px;\"><a href=\"http:\/\/twitter.com\/share\" class=\"twitter-share-button\" data-count=\"horizontal\" data-text=\"DIF Quintana Roo entrega en comodato veh\u00edculos inclusivos a los 11 DIF municipa...\" data-via=\"https:\/\/twitter.com\/VertienteGloba1\" data-url=\"http:\/\/vertienteglobal.com\/?p=217699\" data-lang=\"es\" data-related=\"Informaci\u00f3n general:S\u00edguenos para que est\u00e9ss informado\"><\/a><\/div>\n<figure class=\"wp-block-image size-large\"><img loading=\"lazy\" decoding=\"async\" width=\"692\" height=\"360\" src=\"http:\/\/vertienteglobal.com\/wp-content\/uploads\/2023\/03\/FB_IMG_1679026036766.jpg\" alt=\"\" class=\"wp-image-217700\" srcset=\"http:\/\/vertienteglobal.com\/wp-content\/uploads\/2023\/03\/FB_IMG_1679026036766.jpg 692w, http:\/\/vertienteglobal.com\/wp-content\/uploads\/2023\/03\/FB_IMG_1679026036766-300x156.jpg 300w, http:\/\/vertienteglobal.com\/wp-content\/uploads\/2023\/03\/FB_IMG_1679026036766-150x78.jpg 150w\" sizes=\"auto, (max-width: 692px) 100vw, 692px\" \/><\/figure>\n\n\n\n<p>(Redacci\u00f3n)<\/p>\n\n\n\n<p>32 veh\u00edculos fueron reasignados para el servicio de traslado a adultos mayores, personas con discapacidad y limitaci\u00f3n de la movilidad<\/p>\n\n\n\n<p>Canc\u00fan, Quintana Roo 16 de marzo 2023.- Como parte de las acciones del Nuevo Acuerdo por el Bienestar y Desarrollo de Quintana Roo, que impulsa la gobernadora Mara Lezama Espinosa a trav\u00e9s de la Presidenta del Sistema DIF Quintana Roo, Ver\u00f3nica Lezama Espinosa se realiz\u00f3 la redistribuci\u00f3n, asignaci\u00f3n y entrega de 32 veh\u00edculos inclusivos a representantes de los 11 DIF municipales, con el objetivo de eficientar el traslado, atenci\u00f3n y servicio de las personas mayores, con discapacidad y limitaci\u00f3n de la movilidad.<\/p>\n\n\n\n<p>El evento se llev\u00f3 a cabo en las instalaciones del Centro Estatal Deportivo de Alto Rendimiento (CEDAR) de esta ciudad, en donde hizo entrega en comodato de las unidades con el fin de coadyuvar a las personas en su traslado a su rehabilitaci\u00f3n o consulta.<\/p>\n\n\n\n<p>Ah\u00ed la Presidenta Honoraria del DIF Quintana Roo, Ver\u00f3nica Lezama Espinosa resalt\u00f3 la importancia de atender a este grupo prioritario de la sociedad, pero sobre todo mejorar su movilidad a trav\u00e9s de los veh\u00edculos de transporte inclusivo UNEDIF, y reducir las brechas de desigualdad con acciones que mejoren su calidad de vida.<\/p>\n\n\n\n<p>Resalt\u00f3 \u201cEste d\u00eda es una buena oportunidad para reafirmar el compromiso de la familia DIF con las personas con discapacidad, en un trabajo coordinado con los 11 municipios, estamos entregando veh\u00edculos inclusivos a municipios que no ten\u00edan y reasignando para abarcar nuestra atenci\u00f3n a lugares que antes no se hab\u00eda llegado\u201d.<\/p>\n\n\n\n<p>Asimismo, reafirm\u00f3 su compromiso de seguir trabajando 24\/7 y hombro a hombro sociedad y gobierno para resarcir el tejido social como se enmarca en el Nuevo Acuerdo y poder contar con el Quintana Roo que todas y todos queremos.<\/p>\n\n\n\n<p>Por su parte, la Directora General del DIF Estatal, Abril Sabido Alc\u00e9rreca explic\u00f3 que este programa UNEDIF tiene como prop\u00f3sito brindar servicios de transporte especializado, c\u00f3modo y seguro a personas con discapacidad neuromotora, con apoyo de unidades adaptadas a sus necesidades y que sin duda ser\u00e1 de gran beneficio para su traslado.<\/p>\n\n\n\n<p>Resalt\u00f3 que desde su inicio de operaciones se otorg\u00f3 una cantidad superior a los 100,000 servicios, beneficiando a poco m\u00e1s de 20,000 personas.<\/p>\n\n\n\n<p>En su intervenci\u00f3n, la Presidenta Municipal de Benito Ju\u00e1rez, Ana Paty Peralta de la Pe\u00f1a mencion\u00f3 que en Benito Ju\u00e1rez se promueven y se suman con este tipo de acciones desde la direcci\u00f3n de inclusi\u00f3n, por lo que siempre trabajar\u00e1n de la mano con el DIF Quintana Roo en favor de los cancunenses.<\/p>\n\n\n\n<figure class=\"wp-block-image size-large\"><img loading=\"lazy\" decoding=\"async\" width=\"719\" height=\"960\" src=\"http:\/\/vertienteglobal.com\/wp-content\/uploads\/2023\/03\/FB_IMG_1679026132328.jpg\" alt=\"\" class=\"wp-image-217701\" srcset=\"http:\/\/vertienteglobal.com\/wp-content\/uploads\/2023\/03\/FB_IMG_1679026132328.jpg 719w, http:\/\/vertienteglobal.com\/wp-content\/uploads\/2023\/03\/FB_IMG_1679026132328-225x300.jpg 225w, http:\/\/vertienteglobal.com\/wp-content\/uploads\/2023\/03\/FB_IMG_1679026132328-112x150.jpg 112w\" sizes=\"auto, (max-width: 719px) 100vw, 719px\" \/><\/figure>\n\n\n\n<figure class=\"wp-block-image size-large\"><img loading=\"lazy\" decoding=\"async\" width=\"720\" height=\"483\" src=\"http:\/\/vertienteglobal.com\/wp-content\/uploads\/2023\/03\/FB_IMG_1679026128156.jpg\" alt=\"\" class=\"wp-image-217702\" srcset=\"http:\/\/vertienteglobal.com\/wp-content\/uploads\/2023\/03\/FB_IMG_1679026128156.jpg 720w, http:\/\/vertienteglobal.com\/wp-content\/uploads\/2023\/03\/FB_IMG_1679026128156-300x201.jpg 300w, http:\/\/vertienteglobal.com\/wp-content\/uploads\/2023\/03\/FB_IMG_1679026128156-150x101.jpg 150w\" sizes=\"auto, (max-width: 720px) 100vw, 720px\" \/><\/figure>\n\n\n\n<figure class=\"wp-block-image size-large\"><img loading=\"lazy\" decoding=\"async\" width=\"720\" height=\"361\" src=\"http:\/\/vertienteglobal.com\/wp-content\/uploads\/2023\/03\/FB_IMG_1679026137824.jpg\" alt=\"\" class=\"wp-image-217703\" srcset=\"http:\/\/vertienteglobal.com\/wp-content\/uploads\/2023\/03\/FB_IMG_1679026137824.jpg 720w, http:\/\/vertienteglobal.com\/wp-content\/uploads\/2023\/03\/FB_IMG_1679026137824-300x150.jpg 300w, http:\/\/vertienteglobal.com\/wp-content\/uploads\/2023\/03\/FB_IMG_1679026137824-150x75.jpg 150w\" sizes=\"auto, (max-width: 720px) 100vw, 720px\" \/><\/figure>\n","protected":false},"excerpt":{"rendered":"<p>(Redacci\u00f3n) 32 veh\u00edculos fueron reasignados para el servicio de traslado a adultos mayores, personas con discapacidad y limitaci\u00f3n de la movilidad Canc\u00fan, Quintana Roo 16 de marzo 2023.- Como parte de las acciones del Nuevo Acuerdo por el Bienestar y Desarrollo de Quintana Roo, que impulsa la gobernadora Mara Lezama Espinosa a trav\u00e9s de la [&hellip;]<\/p>\n","protected":false},"author":1,"featured_media":217700,"comment_status":"open","ping_status":"open","sticky":false,"template":"","format":"standard","meta":{"footnotes":""},"categories":[3],"tags":[],"class_list":["post-217699","post","type-post","status-publish","format-standard","has-post-thumbnail","hentry","category-quintana-roo","entry","has-media"],"jetpack_featured_media_url":"http:\/\/vertienteglobal.com\/wp-content\/uploads\/2023\/03\/FB_IMG_1679026036766.jpg","_links":{"self":[{"href":"http:\/\/vertienteglobal.com\/index.php?rest_route=\/wp\/v2\/posts\/217699","targetHints":{"allow":["GET"]}}],"collection":[{"href":"http:\/\/vertienteglobal.com\/index.php?rest_route=\/wp\/v2\/posts"}],"about":[{"href":"http:\/\/vertienteglobal.com\/index.php?rest_route=\/wp\/v2\/types\/post"}],"author":[{"embeddable":true,"href":"http:\/\/vertienteglobal.com\/index.php?rest_route=\/wp\/v2\/users\/1"}],"replies":[{"embeddable":true,"href":"http:\/\/vertienteglobal.com\/index.php?rest_route=%2Fwp%2Fv2%2Fcomments&post=217699"}],"version-history":[{"count":0,"href":"http:\/\/vertienteglobal.com\/index.php?rest_route=\/wp\/v2\/posts\/217699\/revisions"}],"wp:featuredmedia":[{"embeddable":true,"href":"http:\/\/vertienteglobal.com\/index.php?rest_route=\/wp\/v2\/media\/217700"}],"wp:attachment":[{"href":"http:\/\/vertienteglobal.com\/index.php?rest_route=%2Fwp%2Fv2%2Fmedia&parent=217699"}],"wp:term":[{"taxonomy":"category","embeddable":true,"href":"http:\/\/vertienteglobal.com\/index.php?rest_route=%2Fwp%2Fv2%2Fcategories&post=217699"},{"taxonomy":"post_tag","embeddable":true,"href":"http:\/\/vertienteglobal.com\/index.php?rest_route=%2Fwp%2Fv2%2Ftags&post=217699"}],"curies":[{"name":"wp","href":"https:\/\/api.w.org\/{rel}","templated":true}]}}