{"id":217380,"date":"2023-03-13T09:51:00","date_gmt":"2023-03-13T15:51:00","guid":{"rendered":"http:\/\/vertienteglobal.com\/?p=217380"},"modified":"2023-03-13T13:28:12","modified_gmt":"2023-03-13T19:28:12","slug":"ssp-presenta-resultados-de-seguridad-con-detenciones-de-presuntos-delincuentes-en-alfredo-v-bonfil","status":"publish","type":"post","link":"http:\/\/vertienteglobal.com\/?p=217380","title":{"rendered":"SSP presenta resultados de seguridad con detenciones de presuntos delincuentes en Alfredo V. Bonfil"},"content":{"rendered":"\n<div class=\"twitterbutton\" style=\"float: right; padding-left: 5px;\"><a href=\"http:\/\/twitter.com\/share\" class=\"twitter-share-button\" data-count=\"horizontal\" data-text=\"SSP presenta resultados de seguridad con detenciones de presuntos delincuentes e...\" data-via=\"https:\/\/twitter.com\/VertienteGloba1\" data-url=\"http:\/\/vertienteglobal.com\/?p=217380\" data-lang=\"es\" data-related=\"Informaci\u00f3n general:S\u00edguenos para que est\u00e9ss informado\"><\/a><\/div>\n<figure class=\"wp-block-image size-large\"><img loading=\"lazy\" decoding=\"async\" width=\"720\" height=\"480\" src=\"http:\/\/vertienteglobal.com\/wp-content\/uploads\/2023\/03\/FB_IMG_1678735465625.jpg\" alt=\"\" class=\"wp-image-217381\" srcset=\"http:\/\/vertienteglobal.com\/wp-content\/uploads\/2023\/03\/FB_IMG_1678735465625.jpg 720w, http:\/\/vertienteglobal.com\/wp-content\/uploads\/2023\/03\/FB_IMG_1678735465625-300x200.jpg 300w, http:\/\/vertienteglobal.com\/wp-content\/uploads\/2023\/03\/FB_IMG_1678735465625-150x100.jpg 150w\" sizes=\"auto, (max-width: 720px) 100vw, 720px\" \/><\/figure>\n\n\n\n<p>(Redacci\u00f3n \u00a1<\/p>\n\n\n\n<p>El titular de la SSP, Rub\u00e9n Oyarvide Pedrero, mencion\u00f3 tambi\u00e9n los decomisos m\u00e1s importantes ocurridos en la primera semana del 1 al 7 de marzo, entre ellos, 8.1 kilos de marihuana, 1.2 kilos de coca\u00edna, 68 gramos de crack, 475 dosis de cristal y 225 dosis de \u00e9xtasis<\/p>\n\n\n\n<p>Canc\u00fan Quintana Roo 13 de marzo 2023.-La Secretar\u00eda de Seguridad P\u00fablica (SSP) de Quintana Roo en colaboraci\u00f3n con el Grupo de Coordinaci\u00f3n para la Construcci\u00f3n de Paz present\u00f3 resultados con detenciones relevantes en la delegaci\u00f3n Alfredo V. Bonfil.<\/p>\n\n\n\n<p>Con relaci\u00f3n a los hechos delictivos de alto impacto ocurridos en la delegaci\u00f3n Alfredo V. Bonfil, en coordinaci\u00f3n con la Fiscal\u00eda General del Estado (FGE) realizamos operativos de inteligencia que derivo en la detenci\u00f3n de Jos\u00e9 \u201cN\u201d y Gabriel \u201cN\u201d, por delitos contra la salud, ya que ten\u00edan un cargamento de 104 bolsitas con marihuana y por portaci\u00f3n de armas de fuego.<\/p>\n\n\n\n<p>Estos dos detenidos forman parte del Cartel de Sinaloa y se encuentran presuntamente relacionados con otros delitos como la privaci\u00f3n ilegal de la libertad y doble homicidio, adem\u00e1s Jos\u00e9 \u201cN\u201d, est\u00e1 vinculado con los incendios de veh\u00edculos registrados en d\u00edas pasados en la delegaci\u00f3n Alfredo V. Bonfil y la supermanzana 308.<\/p>\n\n\n\n<p>En estas acciones tambi\u00e9n fue detenido David \u201cN\u201d por delitos contra la salud y violaci\u00f3n a la Ley Federal de Armas de Fuego y Explosivos. Fue detenido con 13 dosis de crack, 15 bolsitas de marihuana y un arma corta calibre 40.<\/p>\n\n\n\n<p>El titular de la SSP, Rub\u00e9n Oyarvide Pedrero, mencion\u00f3 tambi\u00e9n los decomisos m\u00e1s importantes ocurridos en la primera semana del 1 al 7 de marzo, entre ellos, 8.1 kilos de marihuana, 1.2 kilos de coca\u00edna, 68 gramos de crack, 475 dosis de cristal y 225 dosis de \u00e9xtasis.<\/p>\n\n\n\n<p>En materia de actividades de prevenci\u00f3n, Oyarvide Pedrero, destac\u00f3 los apoyos de inspecci\u00f3n f\u00edsica realizada en las instalaciones del Congreso de Quintana Roo para la detecci\u00f3n de armas o explosivos.<\/p>\n\n\n\n<p>Tambi\u00e9n los traslados de 55 mujeres y hombres de los Centros Penitenciarios de Benito Ju\u00e1rez y Oth\u00f3n P. Blanco hacia Centros Federales de Readaptaci\u00f3n Social (CEFERESO) en Chiapas, Coahuila y a las mujeres a Morelos.<br>En este mismo proceso la SSP activ\u00f3 m\u00f3dulos de atenci\u00f3n para familiares de las Personas Privadas de la Libertad (PPL) que fueron trasladadas, para que logren recuperar las pertenencias.<\/p>\n\n\n\n<p>Durante la conferencia tambi\u00e9n destac\u00f3 las acciones realizadas con mujeres Privadas de la Libertad que en el marco del D\u00eda Internacional de la Mujer se llevaron jornadas de servicios en colaboraci\u00f3n con otras instituciones estatales.<\/p>\n\n\n\n<p>Finalmente, el responsable de la seguridad en Quintana Roo, mencion\u00f3 los operativos de vigilancia y prevenci\u00f3n del delito realizado en los destinos tur\u00edsticos de Solidaridad y Tulum.<\/p>\n","protected":false},"excerpt":{"rendered":"<p>(Redacci\u00f3n \u00a1 El titular de la SSP, Rub\u00e9n Oyarvide Pedrero, mencion\u00f3 tambi\u00e9n los decomisos m\u00e1s importantes ocurridos en la primera semana del 1 al 7 de marzo, entre ellos, 8.1 kilos de marihuana, 1.2 kilos de coca\u00edna, 68 gramos de crack, 475 dosis de cristal y 225 dosis de \u00e9xtasis Canc\u00fan Quintana Roo 13 de [&hellip;]<\/p>\n","protected":false},"author":1,"featured_media":217381,"comment_status":"open","ping_status":"open","sticky":false,"template":"","format":"standard","meta":{"footnotes":""},"categories":[3],"tags":[],"class_list":["post-217380","post","type-post","status-publish","format-standard","has-post-thumbnail","hentry","category-quintana-roo","entry","has-media"],"jetpack_featured_media_url":"http:\/\/vertienteglobal.com\/wp-content\/uploads\/2023\/03\/FB_IMG_1678735465625.jpg","_links":{"self":[{"href":"http:\/\/vertienteglobal.com\/index.php?rest_route=\/wp\/v2\/posts\/217380","targetHints":{"allow":["GET"]}}],"collection":[{"href":"http:\/\/vertienteglobal.com\/index.php?rest_route=\/wp\/v2\/posts"}],"about":[{"href":"http:\/\/vertienteglobal.com\/index.php?rest_route=\/wp\/v2\/types\/post"}],"author":[{"embeddable":true,"href":"http:\/\/vertienteglobal.com\/index.php?rest_route=\/wp\/v2\/users\/1"}],"replies":[{"embeddable":true,"href":"http:\/\/vertienteglobal.com\/index.php?rest_route=%2Fwp%2Fv2%2Fcomments&post=217380"}],"version-history":[{"count":0,"href":"http:\/\/vertienteglobal.com\/index.php?rest_route=\/wp\/v2\/posts\/217380\/revisions"}],"wp:featuredmedia":[{"embeddable":true,"href":"http:\/\/vertienteglobal.com\/index.php?rest_route=\/wp\/v2\/media\/217381"}],"wp:attachment":[{"href":"http:\/\/vertienteglobal.com\/index.php?rest_route=%2Fwp%2Fv2%2Fmedia&parent=217380"}],"wp:term":[{"taxonomy":"category","embeddable":true,"href":"http:\/\/vertienteglobal.com\/index.php?rest_route=%2Fwp%2Fv2%2Fcategories&post=217380"},{"taxonomy":"post_tag","embeddable":true,"href":"http:\/\/vertienteglobal.com\/index.php?rest_route=%2Fwp%2Fv2%2Ftags&post=217380"}],"curies":[{"name":"wp","href":"https:\/\/api.w.org\/{rel}","templated":true}]}}