{"id":217343,"date":"2023-03-12T22:51:28","date_gmt":"2023-03-13T04:51:28","guid":{"rendered":"http:\/\/vertienteglobal.com\/?p=217343"},"modified":"2023-03-13T05:30:37","modified_gmt":"2023-03-13T11:30:37","slug":"cuando-anunciaran-a-los-astronautas-que-orbitaran-la-luna","status":"publish","type":"post","link":"http:\/\/vertienteglobal.com\/?p=217343","title":{"rendered":"\u00bfCu\u00e1ndo anunciar\u00e1n a los astronautas que orbitar\u00e1n la Luna?"},"content":{"rendered":"\n<div class=\"twitterbutton\" style=\"float: right; padding-left: 5px;\"><a href=\"http:\/\/twitter.com\/share\" class=\"twitter-share-button\" data-count=\"horizontal\" data-text=\"\u00bfCu\u00e1ndo anunciar\u00e1n a los astronautas que orbitar\u00e1n la Luna?\" data-via=\"https:\/\/twitter.com\/VertienteGloba1\" data-url=\"http:\/\/vertienteglobal.com\/?p=217343\" data-lang=\"es\" data-related=\"Informaci\u00f3n general:S\u00edguenos para que est\u00e9ss informado\"><\/a><\/div>\n<figure class=\"wp-block-image size-large\"><img loading=\"lazy\" decoding=\"async\" width=\"1024\" height=\"576\" src=\"http:\/\/vertienteglobal.com\/wp-content\/uploads\/2023\/03\/201013.jpg\" alt=\"\" class=\"wp-image-217344\" srcset=\"http:\/\/vertienteglobal.com\/wp-content\/uploads\/2023\/03\/201013.jpg 1024w, http:\/\/vertienteglobal.com\/wp-content\/uploads\/2023\/03\/201013-300x169.jpg 300w, http:\/\/vertienteglobal.com\/wp-content\/uploads\/2023\/03\/201013-150x84.jpg 150w, http:\/\/vertienteglobal.com\/wp-content\/uploads\/2023\/03\/201013-768x432.jpg 768w\" sizes=\"auto, (max-width: 1024px) 100vw, 1024px\" \/><\/figure>\n\n\n\n<p>(Redacci\u00f3n\/Agencias)<\/p>\n\n\n\n<p>La misi\u00f3n, de aproximadamente 10 d\u00edas de duraci\u00f3n, pondr\u00e1 a prueba los sistemas de soporte vital de la nave Orion, unida al m\u00f3dulo de servicio de la ESA, para demostrar las capacidades y t\u00e9cnicas necesarias para vivir y trabajar en el espacio profundo de un modo que solo los humanos pueden hacer, informa la NASA<\/p>\n\n\n\n<p>Ciudad de M\u00e9xico 12 de marzo 2023.-La NASA y la Agencia Espacial Canadiense (CSA) anunciar\u00e1n el 3 de abril los cuatro astronautas que se aventurar\u00e1n a los alrededores de la Luna en la misi\u00f3n Artemis II, prevista para finales de 2024.<\/p>\n\n\n\n<p>Los astronautas &#8211;tres estadounidenses y un canadiense&#8211; viajar\u00e1n a bordo de la nave espacial Orion de la NASA en la primera prueba de vuelo con tripulaci\u00f3n del Programa Artemis, el plan de la agencia para establecer una presencia tanto cient\u00edfica como humana a largo plazo en la superficie lunar.<\/p>\n\n\n\n<p>La misi\u00f3n, de aproximadamente 10 d\u00edas de duraci\u00f3n, pondr\u00e1 a prueba los sistemas de soporte vital de la nave Orion, unida al m\u00f3dulo de servicio de la ESA, para demostrar las capacidades y t\u00e9cnicas necesarias para vivir y trabajar en el espacio profundo de un modo que solo los humanos pueden hacer, informa la NASA.<\/p>\n\n\n\n<p>Artemis II se basa en la exitosa prueba de vuelo Artemis I, que lanz\u00f3 una nave Orion sin tripulaci\u00f3n, montada sobre el cohete SLS, en un viaje de unos 2,25 millones de kil\u00f3metros m\u00e1s all\u00e1 de la Luna para probar los sistemas antes de que los astronautas vuelen a bordo de los sistemas en una misi\u00f3n a la Luna.(Fuente: EuropaPress)<\/p>\n\n\n\n<figure class=\"wp-block-embed-twitter wp-block-embed is-type-rich is-provider-twitter\"><div class=\"wp-block-embed__wrapper\">\n<div class=\"oceanwp-oembed-wrap clr\"><blockquote class=\"twitter-tweet\" data-width=\"550\" data-dnt=\"true\"><p lang=\"en\" dir=\"ltr\">Get ready \u2013 on April 3 <a href=\"https:\/\/twitter.com\/NASA?ref_src=twsrc%5Etfw\">@NASA<\/a> will announce the first <a href=\"https:\/\/twitter.com\/hashtag\/Artemis?src=hash&amp;ref_src=twsrc%5Etfw\">#Artemis<\/a> astronauts who will orbit the Moon.<br>These four star-sailors will fly on Artemis II, representing the next giant leap toward long-term exploration and discovery on the Moon.<br>MORE: <a href=\"https:\/\/t.co\/loh98vejQA\">https:\/\/t.co\/loh98vejQA<\/a><\/p>&mdash; NASA&#39;s Exploration Ground Systems (@NASAGroundSys) <a href=\"https:\/\/twitter.com\/NASAGroundSys\/status\/1634294469553008648?ref_src=twsrc%5Etfw\">March 10, 2023<\/a><\/blockquote><script async src=\"https:\/\/platform.twitter.com\/widgets.js\" charset=\"utf-8\"><\/script><\/div>\n<\/div><\/figure>\n","protected":false},"excerpt":{"rendered":"<p>(Redacci\u00f3n\/Agencias) La misi\u00f3n, de aproximadamente 10 d\u00edas de duraci\u00f3n, pondr\u00e1 a prueba los sistemas de soporte vital de la nave Orion, unida al m\u00f3dulo de servicio de la ESA, para demostrar las capacidades y t\u00e9cnicas necesarias para vivir y trabajar en el espacio profundo de un modo que solo los humanos pueden hacer, informa la [&hellip;]<\/p>\n","protected":false},"author":1,"featured_media":217344,"comment_status":"open","ping_status":"open","sticky":false,"template":"","format":"standard","meta":{"footnotes":""},"categories":[8],"tags":[],"class_list":["post-217343","post","type-post","status-publish","format-standard","has-post-thumbnail","hentry","category-pais","entry","has-media"],"jetpack_featured_media_url":"http:\/\/vertienteglobal.com\/wp-content\/uploads\/2023\/03\/201013.jpg","_links":{"self":[{"href":"http:\/\/vertienteglobal.com\/index.php?rest_route=\/wp\/v2\/posts\/217343","targetHints":{"allow":["GET"]}}],"collection":[{"href":"http:\/\/vertienteglobal.com\/index.php?rest_route=\/wp\/v2\/posts"}],"about":[{"href":"http:\/\/vertienteglobal.com\/index.php?rest_route=\/wp\/v2\/types\/post"}],"author":[{"embeddable":true,"href":"http:\/\/vertienteglobal.com\/index.php?rest_route=\/wp\/v2\/users\/1"}],"replies":[{"embeddable":true,"href":"http:\/\/vertienteglobal.com\/index.php?rest_route=%2Fwp%2Fv2%2Fcomments&post=217343"}],"version-history":[{"count":0,"href":"http:\/\/vertienteglobal.com\/index.php?rest_route=\/wp\/v2\/posts\/217343\/revisions"}],"wp:featuredmedia":[{"embeddable":true,"href":"http:\/\/vertienteglobal.com\/index.php?rest_route=\/wp\/v2\/media\/217344"}],"wp:attachment":[{"href":"http:\/\/vertienteglobal.com\/index.php?rest_route=%2Fwp%2Fv2%2Fmedia&parent=217343"}],"wp:term":[{"taxonomy":"category","embeddable":true,"href":"http:\/\/vertienteglobal.com\/index.php?rest_route=%2Fwp%2Fv2%2Fcategories&post=217343"},{"taxonomy":"post_tag","embeddable":true,"href":"http:\/\/vertienteglobal.com\/index.php?rest_route=%2Fwp%2Fv2%2Ftags&post=217343"}],"curies":[{"name":"wp","href":"https:\/\/api.w.org\/{rel}","templated":true}]}}