{"id":217334,"date":"2023-03-11T19:51:54","date_gmt":"2023-03-12T01:51:54","guid":{"rendered":"http:\/\/vertienteglobal.com\/?p=217334"},"modified":"2023-03-12T13:06:58","modified_gmt":"2023-03-12T19:06:58","slug":"imss-2023-que-accidentes-y-enfermedades-cubre-la-incapacidad-laboral","status":"publish","type":"post","link":"http:\/\/vertienteglobal.com\/?p=217334","title":{"rendered":"IMSS 2023: \u00bfQu\u00e9 accidentes y enfermedades cubre la incapacidad laboral?"},"content":{"rendered":"\n<div class=\"twitterbutton\" style=\"float: right; padding-left: 5px;\"><a href=\"http:\/\/twitter.com\/share\" class=\"twitter-share-button\" data-count=\"horizontal\" data-text=\"IMSS 2023: \u00bfQu\u00e9 accidentes y enfermedades cubre la incapacidad laboral?\" data-via=\"https:\/\/twitter.com\/VertienteGloba1\" data-url=\"http:\/\/vertienteglobal.com\/?p=217334\" data-lang=\"es\" data-related=\"Informaci\u00f3n general:S\u00edguenos para que est\u00e9ss informado\"><\/a><\/div>\n<figure class=\"wp-block-image size-large\"><img loading=\"lazy\" decoding=\"async\" width=\"1024\" height=\"512\" src=\"http:\/\/vertienteglobal.com\/wp-content\/uploads\/2023\/03\/Incapacidad-laboral-IMSS-1050x525-1-1024x512.jpg\" alt=\"\" class=\"wp-image-217335\" srcset=\"http:\/\/vertienteglobal.com\/wp-content\/uploads\/2023\/03\/Incapacidad-laboral-IMSS-1050x525-1-1024x512.jpg 1024w, http:\/\/vertienteglobal.com\/wp-content\/uploads\/2023\/03\/Incapacidad-laboral-IMSS-1050x525-1-300x150.jpg 300w, http:\/\/vertienteglobal.com\/wp-content\/uploads\/2023\/03\/Incapacidad-laboral-IMSS-1050x525-1-150x75.jpg 150w, http:\/\/vertienteglobal.com\/wp-content\/uploads\/2023\/03\/Incapacidad-laboral-IMSS-1050x525-1-768x384.jpg 768w, http:\/\/vertienteglobal.com\/wp-content\/uploads\/2023\/03\/Incapacidad-laboral-IMSS-1050x525-1.jpg 1050w\" sizes=\"auto, (max-width: 1024px) 100vw, 1024px\" \/><\/figure>\n\n\n\n<p>(Redacci\u00f3n)<\/p>\n\n\n\n<p>La incapacidad laboral del IMSS se prescribe cuando una persona sufre un riesgo de trabajo o padece una enfermedad que le impide el desempe\u00f1o de sus actividades.<\/p>\n\n\n\n<p>Si eres un trabajador o trabajadora afiliada al Instituto Mexicano del Seguro Social (IMSS) debes saber que en caso de sufrir una enfermedad o accidente de trabajo tienes derecho a solicitar un subsidio econ\u00f3mico que te proteja durante el tiempo en que no puedas desarrollar tus actividades laborales habituales.<\/p>\n\n\n\n<p>A esta protecci\u00f3n se le conoce como Incapacidad Temporal de Trabajo y se otorga de acuerdo con el ramo del seguro as\u00ed como del cumplimiento de los requisitos establecidos en la Ley del Seguro Social.<\/p>\n\n\n\n<p>Incapacidad por riesgo de trabajo<\/p>\n\n\n\n<p>Cuando el da\u00f1o a la salud corresponde a un accidente o enfermedad producidos dentro del trabajo, se otorga una incapacidad por el ramo de Riesgo de Trabajo.<\/p>\n\n\n\n<p>Para esta modalidad, el IMSS deber\u00e1 darte el 100 por ciento de tu salario registrado ante la dependencia al inicio de la incapacidad. No es necesario que tengas semanas cotizadas. La fecha l\u00edmite de pago puede ser de un d\u00eda hasta el t\u00e9rmino de 52 semanas, de acuerdo con lo que determinen los Servicios M\u00e9dicos de la instituci\u00f3n.<\/p>\n\n\n\n<p>Incapacidad por enfermedad general<\/p>\n\n\n\n<p>En caso de que la imposibilidad f\u00edsica sea por causas ajenas al trabajo, la incapacidad corresponde al ramo de Enfermedad General.<\/p>\n\n\n\n<p>Si requieres tu pago en esta modalidad, el IMSS establece que deber\u00e1s tener cuatro semanas cotizadas inmediatas anteriores al inicio de la enfermedad y te dar\u00e1n un monto equivalente al 60 por ciento a tu salario registrado, al inicio de la incapacidad. Si eres trabajador o trabajadora eventual, deber\u00e1s cotizar seis semanas en los cuatro meses anteriores al inicio de la enfermedad.<\/p>\n\n\n\n<p>La fecha l\u00edmite de pago es a partir del cuarto d\u00eda hasta el t\u00e9rmino de 52 semanas, e incluso, se podr\u00e1 prorrogar hasta por 26 semanas m\u00e1s, seg\u00fan lo determine la dependencia.<\/p>\n\n\n\n<p>\u00bfQu\u00e9 enfermedades cubre incapacidad laboral del IMSS?<\/p>\n\n\n\n<p>Algunas de las enfermedades incluidas en las Tablas de Enfermedades de Trabajo y la de Valuaci\u00f3n de Incapacidades Permanentes del art\u00edculo 513 de la Ley Federal del Trabajo son:<\/p>\n\n\n\n<p>Enfermedades infecciosas y parasitarias.<\/p>\n\n\n\n<p>C\u00e1nceres de origen laboral.<br>Enfermedades del sistema circulatorio, de la sangre y \u00f3rganos hematopoy\u00e9ticos.<br>Trastornos mentales.<br>Enfermedades del sistema respiratorio.<br>Enfermedades del sistema digestivo.<br>Enfermedades de la piel y tejido subcut\u00e1neo.<br>Enfermedades del sistema osteomuscular y del tejido conjuntivo.<br>Intoxicaciones.<br>Enfermedades del ojo y del o\u00eddo.<br>Enfermedades de endocrinolog\u00eda y genito urinarias.<br>La actualizaci\u00f3n de las tablas de enfermedades en 2022 incluy\u00f3 la incorporaci\u00f3n de 88 padecimientos laborales, entre ellos COVID-19 y tres enfermedades de la mujer.<\/p>\n\n\n\n<p>\u00bfCu\u00e1nto tiempo dura la incapacidad laboral del IMSS?<\/p>\n\n\n\n<p>Al otorgar este beneficio, el m\u00e9dico a cargo del tratamiento debe prescribir los d\u00edas de incapacidad, considerando el da\u00f1o a la salud motivo de la incapacidad, otras enfermedades que pueda tener el paciente en ese momento, la evaluaci\u00f3n funcional del paciente ante el puesto de trabajo y sus actividades espec\u00edficas, seg\u00fan se\u00f1ala el portal del IMSS.<\/p>\n\n\n\n<p>En caso de enfermedad, el m\u00e9dico debe determinar el tiempo probable de d\u00edas para la recuperaci\u00f3n al considerar la historia natural de la enfermedad, su gravedad, el tipo de tratamiento utilizado, la edad, la comorbilidad y de manera imprescindible el puesto de trabajo que desempe\u00f1a.(Fuente:ElFinanciero)<\/p>\n","protected":false},"excerpt":{"rendered":"<p>(Redacci\u00f3n) La incapacidad laboral del IMSS se prescribe cuando una persona sufre un riesgo de trabajo o padece una enfermedad que le impide el desempe\u00f1o de sus actividades. Si eres un trabajador o trabajadora afiliada al Instituto Mexicano del Seguro Social (IMSS) debes saber que en caso de sufrir una enfermedad o accidente de trabajo [&hellip;]<\/p>\n","protected":false},"author":1,"featured_media":217335,"comment_status":"open","ping_status":"open","sticky":false,"template":"","format":"standard","meta":{"footnotes":""},"categories":[8],"tags":[],"class_list":["post-217334","post","type-post","status-publish","format-standard","has-post-thumbnail","hentry","category-pais","entry","has-media"],"jetpack_featured_media_url":"http:\/\/vertienteglobal.com\/wp-content\/uploads\/2023\/03\/Incapacidad-laboral-IMSS-1050x525-1.jpg","_links":{"self":[{"href":"http:\/\/vertienteglobal.com\/index.php?rest_route=\/wp\/v2\/posts\/217334","targetHints":{"allow":["GET"]}}],"collection":[{"href":"http:\/\/vertienteglobal.com\/index.php?rest_route=\/wp\/v2\/posts"}],"about":[{"href":"http:\/\/vertienteglobal.com\/index.php?rest_route=\/wp\/v2\/types\/post"}],"author":[{"embeddable":true,"href":"http:\/\/vertienteglobal.com\/index.php?rest_route=\/wp\/v2\/users\/1"}],"replies":[{"embeddable":true,"href":"http:\/\/vertienteglobal.com\/index.php?rest_route=%2Fwp%2Fv2%2Fcomments&post=217334"}],"version-history":[{"count":0,"href":"http:\/\/vertienteglobal.com\/index.php?rest_route=\/wp\/v2\/posts\/217334\/revisions"}],"wp:featuredmedia":[{"embeddable":true,"href":"http:\/\/vertienteglobal.com\/index.php?rest_route=\/wp\/v2\/media\/217335"}],"wp:attachment":[{"href":"http:\/\/vertienteglobal.com\/index.php?rest_route=%2Fwp%2Fv2%2Fmedia&parent=217334"}],"wp:term":[{"taxonomy":"category","embeddable":true,"href":"http:\/\/vertienteglobal.com\/index.php?rest_route=%2Fwp%2Fv2%2Fcategories&post=217334"},{"taxonomy":"post_tag","embeddable":true,"href":"http:\/\/vertienteglobal.com\/index.php?rest_route=%2Fwp%2Fv2%2Ftags&post=217334"}],"curies":[{"name":"wp","href":"https:\/\/api.w.org\/{rel}","templated":true}]}}