{"id":217302,"date":"2023-03-11T14:38:00","date_gmt":"2023-03-11T20:38:00","guid":{"rendered":"http:\/\/vertienteglobal.com\/?p=217302"},"modified":"2023-03-11T16:39:39","modified_gmt":"2023-03-11T22:39:39","slug":"en-cancun-nos-unimos-en-favor-del-deporte-ana-patricia-peralta","status":"publish","type":"post","link":"http:\/\/vertienteglobal.com\/?p=217302","title":{"rendered":"En Canc\u00fan Nos Unimos en favor del Deporte: Ana Patricia Peralta"},"content":{"rendered":"\n<div class=\"twitterbutton\" style=\"float: right; padding-left: 5px;\"><a href=\"http:\/\/twitter.com\/share\" class=\"twitter-share-button\" data-count=\"horizontal\" data-text=\"En Canc\u00fan Nos Unimos en favor del Deporte: Ana Patricia Peralta\" data-via=\"https:\/\/twitter.com\/VertienteGloba1\" data-url=\"http:\/\/vertienteglobal.com\/?p=217302\" data-lang=\"es\" data-related=\"Informaci\u00f3n general:S\u00edguenos para que est\u00e9ss informado\"><\/a><\/div>\n<figure class=\"wp-block-image size-large\"><img loading=\"lazy\" decoding=\"async\" width=\"1024\" height=\"678\" src=\"http:\/\/vertienteglobal.com\/wp-content\/uploads\/2023\/03\/FB_IMG_1678574322196.jpg\" alt=\"\" class=\"wp-image-217303\" srcset=\"http:\/\/vertienteglobal.com\/wp-content\/uploads\/2023\/03\/FB_IMG_1678574322196.jpg 1024w, http:\/\/vertienteglobal.com\/wp-content\/uploads\/2023\/03\/FB_IMG_1678574322196-300x199.jpg 300w, http:\/\/vertienteglobal.com\/wp-content\/uploads\/2023\/03\/FB_IMG_1678574322196-150x99.jpg 150w, http:\/\/vertienteglobal.com\/wp-content\/uploads\/2023\/03\/FB_IMG_1678574322196-768x509.jpg 768w\" sizes=\"auto, (max-width: 1024px) 100vw, 1024px\" \/><\/figure>\n\n\n\n<p>(Redacci\u00f3n)<\/p>\n\n\n\n<p>Autoridades municipales trabajan en unidad por el rescate a los espacios deportivos para que recreaci\u00f3n sana a los cancunenses.<\/p>\n\n\n\n<p>Canc\u00fan, Quintana Roo a 11 de marzo de 2023.- La Presidenta Municipal de Benito Ju\u00e1rez, Ana Patricia Peralta, encabez\u00f3 la quinta jornada de limpieza del Programa de Rescate y Rehabilitaci\u00f3n de Espacios Deportivos y Parques (RREDP), en continuidad al mantenimiento de los lugares de esparcimiento para la sana convivencia de las familias cancunenses.<\/p>\n\n\n\n<p>\u201cCanc\u00fan nos une para dar resultados, no son palabras son hechos. Venimos hacer nuestra quinta rehabilitaci\u00f3n y restante de nuestras unidades deportivas, todos unidos transformando nuestra ciudad, haciendo acciones concretas en beneficio de nuestros ni\u00f1os y nuestras ni\u00f1as y todos nuestros cancunenses\u201d, dijo la Primera Edil en la unidad deportiva de la supermanzana 247, ubicada sobre avenida Los Tules.<\/p>\n\n\n\n<p>Asimismo, invit\u00f3 a los vecinos a unirse a la rehabilitaci\u00f3n y en especial a cuidar de este espacio deportivo.<\/p>\n\n\n\n<p>Destac\u00f3 que estas jornadas, son actividades en las que se lleva a cabo mantenimiento correctivo y preventivo a las instalaciones, a fin de embellecer y dignificar las \u00e1reas deportivas con miras a su mejor y m\u00e1ximo aprovechamiento.<\/p>\n\n\n\n<p>En esta jornada se tuvo la participaci\u00f3n del Instituto del Deporte a cargo del director, Alejandro Luna L\u00f3pez, quien asegur\u00f3 que durante el a\u00f1o se realizar\u00e1n 22 jornadas de limpieza con la participaci\u00f3n transversal del Heroico Cuerpo de Bomberos; de personal de Obras y Servicios P\u00fablicos; Alumbrado; Protecci\u00f3n Civil, Asuntos Religiosos, Clubes y Comit\u00e9s Deportivos; as\u00ed como la sociedad en general.<\/p>\n\n\n\n<figure class=\"wp-block-image size-large\"><img loading=\"lazy\" decoding=\"async\" width=\"692\" height=\"360\" src=\"http:\/\/vertienteglobal.com\/wp-content\/uploads\/2023\/03\/FB_IMG_1678574313674.jpg\" alt=\"\" class=\"wp-image-217304\" srcset=\"http:\/\/vertienteglobal.com\/wp-content\/uploads\/2023\/03\/FB_IMG_1678574313674.jpg 692w, http:\/\/vertienteglobal.com\/wp-content\/uploads\/2023\/03\/FB_IMG_1678574313674-300x156.jpg 300w, http:\/\/vertienteglobal.com\/wp-content\/uploads\/2023\/03\/FB_IMG_1678574313674-150x78.jpg 150w\" sizes=\"auto, (max-width: 692px) 100vw, 692px\" \/><\/figure>\n\n\n\n<figure class=\"wp-block-image size-large\"><img loading=\"lazy\" decoding=\"async\" width=\"1024\" height=\"628\" src=\"http:\/\/vertienteglobal.com\/wp-content\/uploads\/2023\/03\/02-1024x628.jpeg\" alt=\"\" class=\"wp-image-217305\" srcset=\"http:\/\/vertienteglobal.com\/wp-content\/uploads\/2023\/03\/02-1024x628.jpeg 1024w, http:\/\/vertienteglobal.com\/wp-content\/uploads\/2023\/03\/02-300x184.jpeg 300w, http:\/\/vertienteglobal.com\/wp-content\/uploads\/2023\/03\/02-150x92.jpeg 150w, http:\/\/vertienteglobal.com\/wp-content\/uploads\/2023\/03\/02-768x471.jpeg 768w, http:\/\/vertienteglobal.com\/wp-content\/uploads\/2023\/03\/02.jpeg 1280w\" sizes=\"auto, (max-width: 1024px) 100vw, 1024px\" \/><\/figure>\n","protected":false},"excerpt":{"rendered":"<p>(Redacci\u00f3n) Autoridades municipales trabajan en unidad por el rescate a los espacios deportivos para que recreaci\u00f3n sana a los cancunenses. Canc\u00fan, Quintana Roo a 11 de marzo de 2023.- La Presidenta Municipal de Benito Ju\u00e1rez, Ana Patricia Peralta, encabez\u00f3 la quinta jornada de limpieza del Programa de Rescate y Rehabilitaci\u00f3n de Espacios Deportivos y Parques [&hellip;]<\/p>\n","protected":false},"author":1,"featured_media":217304,"comment_status":"open","ping_status":"open","sticky":false,"template":"","format":"standard","meta":{"footnotes":""},"categories":[3],"tags":[],"class_list":["post-217302","post","type-post","status-publish","format-standard","has-post-thumbnail","hentry","category-quintana-roo","entry","has-media"],"jetpack_featured_media_url":"http:\/\/vertienteglobal.com\/wp-content\/uploads\/2023\/03\/FB_IMG_1678574313674.jpg","_links":{"self":[{"href":"http:\/\/vertienteglobal.com\/index.php?rest_route=\/wp\/v2\/posts\/217302","targetHints":{"allow":["GET"]}}],"collection":[{"href":"http:\/\/vertienteglobal.com\/index.php?rest_route=\/wp\/v2\/posts"}],"about":[{"href":"http:\/\/vertienteglobal.com\/index.php?rest_route=\/wp\/v2\/types\/post"}],"author":[{"embeddable":true,"href":"http:\/\/vertienteglobal.com\/index.php?rest_route=\/wp\/v2\/users\/1"}],"replies":[{"embeddable":true,"href":"http:\/\/vertienteglobal.com\/index.php?rest_route=%2Fwp%2Fv2%2Fcomments&post=217302"}],"version-history":[{"count":0,"href":"http:\/\/vertienteglobal.com\/index.php?rest_route=\/wp\/v2\/posts\/217302\/revisions"}],"wp:featuredmedia":[{"embeddable":true,"href":"http:\/\/vertienteglobal.com\/index.php?rest_route=\/wp\/v2\/media\/217304"}],"wp:attachment":[{"href":"http:\/\/vertienteglobal.com\/index.php?rest_route=%2Fwp%2Fv2%2Fmedia&parent=217302"}],"wp:term":[{"taxonomy":"category","embeddable":true,"href":"http:\/\/vertienteglobal.com\/index.php?rest_route=%2Fwp%2Fv2%2Fcategories&post=217302"},{"taxonomy":"post_tag","embeddable":true,"href":"http:\/\/vertienteglobal.com\/index.php?rest_route=%2Fwp%2Fv2%2Ftags&post=217302"}],"curies":[{"name":"wp","href":"https:\/\/api.w.org\/{rel}","templated":true}]}}