{"id":217294,"date":"2023-03-11T13:34:00","date_gmt":"2023-03-11T19:34:00","guid":{"rendered":"http:\/\/vertienteglobal.com\/?p=217294"},"modified":"2023-03-11T16:35:11","modified_gmt":"2023-03-11T22:35:11","slug":"fomentan-espacios-de-expresion-para-las-mujeres","status":"publish","type":"post","link":"http:\/\/vertienteglobal.com\/?p=217294","title":{"rendered":"Fomentan espacios de expresi\u00f3n para las mujeres"},"content":{"rendered":"\n<div class=\"twitterbutton\" style=\"float: right; padding-left: 5px;\"><a href=\"http:\/\/twitter.com\/share\" class=\"twitter-share-button\" data-count=\"horizontal\" data-text=\"Fomentan espacios de expresi\u00f3n para las mujeres\" data-via=\"https:\/\/twitter.com\/VertienteGloba1\" data-url=\"http:\/\/vertienteglobal.com\/?p=217294\" data-lang=\"es\" data-related=\"Informaci\u00f3n general:S\u00edguenos para que est\u00e9ss informado\"><\/a><\/div>\n<figure class=\"wp-block-image size-large\"><img loading=\"lazy\" decoding=\"async\" width=\"1024\" height=\"683\" src=\"http:\/\/vertienteglobal.com\/wp-content\/uploads\/2023\/03\/FB_IMG_1678574013721-1024x683.jpg\" alt=\"\" class=\"wp-image-217295\" srcset=\"http:\/\/vertienteglobal.com\/wp-content\/uploads\/2023\/03\/FB_IMG_1678574013721-1024x683.jpg 1024w, http:\/\/vertienteglobal.com\/wp-content\/uploads\/2023\/03\/FB_IMG_1678574013721-300x200.jpg 300w, http:\/\/vertienteglobal.com\/wp-content\/uploads\/2023\/03\/FB_IMG_1678574013721-150x100.jpg 150w, http:\/\/vertienteglobal.com\/wp-content\/uploads\/2023\/03\/FB_IMG_1678574013721-768x512.jpg 768w, http:\/\/vertienteglobal.com\/wp-content\/uploads\/2023\/03\/FB_IMG_1678574013721.jpg 1080w\" sizes=\"auto, (max-width: 1024px) 100vw, 1024px\" \/><\/figure>\n\n\n\n<p>(Redacci\u00f3n)<\/p>\n\n\n\n<p>Realiz\u00f3 el foro \u201cMujer que sabe de oratoria\u201d para impulsar su empoderamiento<\/p>\n\n\n\n<p>Playa del Carmen, Quintana Roo, 11 de Marzo de 2023.- El gobierno municipal presidido por Lili Campos, a trav\u00e9s de la Secretar\u00eda de Justicia Social y Participaci\u00f3n Ciudadana, inaugur\u00f3 el foro p\u00fablico \u201cMujer Que Sabe de Oratoria\u201d con la finalidad de brindar un espacio libre para hablar sobre ese tema.<\/p>\n\n\n\n<p>El titular de esa secretar\u00eda, Juan Novelo Zapata coment\u00f3 que en este foro las panelistas, desde su perspectiva sobre la mujer y la oratoria, aportaron y compartieron sus conocimientos y experiencias. \u201cLa encomienda de nuestra presidenta municipal es seguir trabajando a favor de las mujeres solidaridenses, de all\u00ed que se realizan diversas actividades y acciones para su empoderamiento\u201d dijo.<\/p>\n\n\n\n<p>La coordinadora de Ciudades Educadoras, Aid\u00e9 Pastrana fue la moderadora de las participantes Dana Andrea Hern\u00e1ndez, Carolina Mis, Mayt\u00e9 Garc\u00eda, Lizeth Couoh, alumnas de la Universidad Tecnol\u00f3gica, CECyTE, secundaria Ren\u00e9 Efra\u00edn Fajardo y primaria Miguel Hidalgo, respectivamente.<\/p>\n\n\n\n<figure class=\"wp-block-image size-large\"><img loading=\"lazy\" decoding=\"async\" width=\"1024\" height=\"683\" src=\"http:\/\/vertienteglobal.com\/wp-content\/uploads\/2023\/03\/FB_IMG_1678574017530-1024x683.jpg\" alt=\"\" class=\"wp-image-217296\" srcset=\"http:\/\/vertienteglobal.com\/wp-content\/uploads\/2023\/03\/FB_IMG_1678574017530-1024x683.jpg 1024w, http:\/\/vertienteglobal.com\/wp-content\/uploads\/2023\/03\/FB_IMG_1678574017530-300x200.jpg 300w, http:\/\/vertienteglobal.com\/wp-content\/uploads\/2023\/03\/FB_IMG_1678574017530-150x100.jpg 150w, http:\/\/vertienteglobal.com\/wp-content\/uploads\/2023\/03\/FB_IMG_1678574017530-768x512.jpg 768w, http:\/\/vertienteglobal.com\/wp-content\/uploads\/2023\/03\/FB_IMG_1678574017530.jpg 1080w\" sizes=\"auto, (max-width: 1024px) 100vw, 1024px\" \/><\/figure>\n\n\n\n<figure class=\"wp-block-image size-large\"><img loading=\"lazy\" decoding=\"async\" width=\"1024\" height=\"683\" src=\"http:\/\/vertienteglobal.com\/wp-content\/uploads\/2023\/03\/FB_IMG_1678574022238-1024x683.jpg\" alt=\"\" class=\"wp-image-217297\" srcset=\"http:\/\/vertienteglobal.com\/wp-content\/uploads\/2023\/03\/FB_IMG_1678574022238-1024x683.jpg 1024w, http:\/\/vertienteglobal.com\/wp-content\/uploads\/2023\/03\/FB_IMG_1678574022238-300x200.jpg 300w, http:\/\/vertienteglobal.com\/wp-content\/uploads\/2023\/03\/FB_IMG_1678574022238-150x100.jpg 150w, http:\/\/vertienteglobal.com\/wp-content\/uploads\/2023\/03\/FB_IMG_1678574022238-768x512.jpg 768w, http:\/\/vertienteglobal.com\/wp-content\/uploads\/2023\/03\/FB_IMG_1678574022238.jpg 1080w\" sizes=\"auto, (max-width: 1024px) 100vw, 1024px\" \/><\/figure>\n","protected":false},"excerpt":{"rendered":"<p>(Redacci\u00f3n) Realiz\u00f3 el foro \u201cMujer que sabe de oratoria\u201d para impulsar su empoderamiento Playa del Carmen, Quintana Roo, 11 de Marzo de 2023.- El gobierno municipal presidido por Lili Campos, a trav\u00e9s de la Secretar\u00eda de Justicia Social y Participaci\u00f3n Ciudadana, inaugur\u00f3 el foro p\u00fablico \u201cMujer Que Sabe de Oratoria\u201d con la finalidad de brindar [&hellip;]<\/p>\n","protected":false},"author":1,"featured_media":217295,"comment_status":"open","ping_status":"open","sticky":false,"template":"","format":"standard","meta":{"footnotes":""},"categories":[3],"tags":[],"class_list":["post-217294","post","type-post","status-publish","format-standard","has-post-thumbnail","hentry","category-quintana-roo","entry","has-media"],"jetpack_featured_media_url":"http:\/\/vertienteglobal.com\/wp-content\/uploads\/2023\/03\/FB_IMG_1678574013721.jpg","_links":{"self":[{"href":"http:\/\/vertienteglobal.com\/index.php?rest_route=\/wp\/v2\/posts\/217294","targetHints":{"allow":["GET"]}}],"collection":[{"href":"http:\/\/vertienteglobal.com\/index.php?rest_route=\/wp\/v2\/posts"}],"about":[{"href":"http:\/\/vertienteglobal.com\/index.php?rest_route=\/wp\/v2\/types\/post"}],"author":[{"embeddable":true,"href":"http:\/\/vertienteglobal.com\/index.php?rest_route=\/wp\/v2\/users\/1"}],"replies":[{"embeddable":true,"href":"http:\/\/vertienteglobal.com\/index.php?rest_route=%2Fwp%2Fv2%2Fcomments&post=217294"}],"version-history":[{"count":0,"href":"http:\/\/vertienteglobal.com\/index.php?rest_route=\/wp\/v2\/posts\/217294\/revisions"}],"wp:featuredmedia":[{"embeddable":true,"href":"http:\/\/vertienteglobal.com\/index.php?rest_route=\/wp\/v2\/media\/217295"}],"wp:attachment":[{"href":"http:\/\/vertienteglobal.com\/index.php?rest_route=%2Fwp%2Fv2%2Fmedia&parent=217294"}],"wp:term":[{"taxonomy":"category","embeddable":true,"href":"http:\/\/vertienteglobal.com\/index.php?rest_route=%2Fwp%2Fv2%2Fcategories&post=217294"},{"taxonomy":"post_tag","embeddable":true,"href":"http:\/\/vertienteglobal.com\/index.php?rest_route=%2Fwp%2Fv2%2Ftags&post=217294"}],"curies":[{"name":"wp","href":"https:\/\/api.w.org\/{rel}","templated":true}]}}