{"id":217247,"date":"2023-03-10T18:52:00","date_gmt":"2023-03-11T00:52:00","guid":{"rendered":"http:\/\/vertienteglobal.com\/?p=217247"},"modified":"2023-03-11T01:18:36","modified_gmt":"2023-03-11T07:18:36","slug":"mujeres-empresarias-forjadoras-de-un-estado-en-transformacion","status":"publish","type":"post","link":"http:\/\/vertienteglobal.com\/?p=217247","title":{"rendered":"Mujeres empresarias, forjadoras de un estado en transformaci\u00f3n"},"content":{"rendered":"\n<div class=\"twitterbutton\" style=\"float: right; padding-left: 5px;\"><a href=\"http:\/\/twitter.com\/share\" class=\"twitter-share-button\" data-count=\"horizontal\" data-text=\"Mujeres empresarias, forjadoras de un estado en transformaci\u00f3n\" data-via=\"https:\/\/twitter.com\/VertienteGloba1\" data-url=\"http:\/\/vertienteglobal.com\/?p=217247\" data-lang=\"es\" data-related=\"Informaci\u00f3n general:S\u00edguenos para que est\u00e9ss informado\"><\/a><\/div>\n<figure class=\"wp-block-image size-large\"><img loading=\"lazy\" decoding=\"async\" width=\"1024\" height=\"591\" src=\"http:\/\/vertienteglobal.com\/wp-content\/uploads\/2023\/03\/ML-MujeresEmpresarias-01-1024x591.jpeg\" alt=\"\" class=\"wp-image-217248\" srcset=\"http:\/\/vertienteglobal.com\/wp-content\/uploads\/2023\/03\/ML-MujeresEmpresarias-01-1024x591.jpeg 1024w, http:\/\/vertienteglobal.com\/wp-content\/uploads\/2023\/03\/ML-MujeresEmpresarias-01-300x173.jpeg 300w, http:\/\/vertienteglobal.com\/wp-content\/uploads\/2023\/03\/ML-MujeresEmpresarias-01-150x87.jpeg 150w, http:\/\/vertienteglobal.com\/wp-content\/uploads\/2023\/03\/ML-MujeresEmpresarias-01-768x443.jpeg 768w, http:\/\/vertienteglobal.com\/wp-content\/uploads\/2023\/03\/ML-MujeresEmpresarias-01.jpeg 1280w\" sizes=\"auto, (max-width: 1024px) 100vw, 1024px\" \/><\/figure>\n\n\n\n<p>(Redacci\u00f3n)<\/p>\n\n\n\n<p>Asiste la Gobernadora del Estado, Mara Lezama a la toma de protesta de la nueva presidenta y consejo de la Asociaci\u00f3n Mexicana de Mujeres Empresarias, cap\u00edtulo Chetumal<\/p>\n\n\n\n<p>Chetumal, Quintana Roo 10 de marzo 2023.- Durante la toma de protesta de la presidenta y consejo de la Asociaci\u00f3n Mexicana de Mujeres Empresarias (Amexme) para el periodo 2022-2025, cap\u00edtulo Chetumal, la gobernadora Mara Lezama Espinosa reiter\u00f3 que con el trabajo de todas y todos la capital del estado va a recuperar su brillo, para que las familias vivan en mejores condiciones.<\/p>\n\n\n\n<p>\u201cLe vamos a pagar la deuda hist\u00f3rica, para que est\u00e9 en condiciones de aprovechar los beneficios que traer\u00e1n el Tren Maya, el Aeropuerto de Tulum, y la recuperaci\u00f3n de las zonas arqueol\u00f3gicas que har\u00e1n que nos visiten m\u00e1s turistas\u201d dijo Mara Lezama.<\/p>\n\n\n\n<p>Ante las mujeres empresarias, a quienes dese\u00f3 \u00e9xito y reconoci\u00f3 su esfuerzo para alcanzar sus metas, individuales y colectivas, como se contempla en el Nuevo Acuerdo por el Bienestar y Desarrollo de Quintana Roo, la primera mujer gobernadora hizo anuncios para Chetumal.<\/p>\n\n\n\n<p>En dos semanas se obtuvo la aprobaci\u00f3n para tener un Centro de Justicia para Mujeres en Chetumal, que estar\u00e1 listo en siete meses.<\/p>\n\n\n\n<p>Se contempla iniciar en mayo la construcci\u00f3n del parque Quintana Roo, en donde estar\u00e1 la Expo Feria, con inversi\u00f3n de entre 250 a 300 millones de pesos en un corredor verde que le dar\u00e1 brillo a Chetumal. Actualmente se est\u00e1n realizando los estudios correspondientes.<\/p>\n\n\n\n<p>Otros anuncios hechos por la gobernadora Mara Lezama es el inicio en breve del Barrio M\u00e1gico; se tendr\u00e1 nuevo hospital general. Dijo que devolver el brillo a Chetumal representa concretar la transformaci\u00f3n profunda de Quintana Roo que est\u00e1 en marcha.<\/p>\n\n\n\n<p>Mara Lezama felicit\u00f3 a las mujeres empresarias y les dese\u00f3 \u00e9xito. Refrend\u00f3 su compromiso de trabajar juntas, codo a codo, 24\/7 porque sabe que en esta responsabilidad se tiene que sacrificar mucho tiempo personal y familiar.<\/p>\n\n\n\n<p>\u201cSu capacidad para enfrentar los desaf\u00edos, los retos, los imprevistos, y encontrar soluciones creativas, es inspiradora. Les pido que, por favor, no paren. Sigan con este \u00edmpetu impulsando sus liderazgos. Sigan creciendo y compartiendo su experiencia con otras mujeres que tambi\u00e9n est\u00e1n emprendiendo\u201d las exhort\u00f3.<\/p>\n\n\n\n<p>La nueva presidenta Wilma del Carmen Contreras Canto e integrantes del consejo directivo rindi\u00f3 protesta ante la gobernadora Mara Lezama y la vicepresidenta Amexme Regi\u00f3n Quintana Roo Adriana Bravo, la presidenta municipal Yensunni Mart\u00ednez, as\u00ed como autoridades civiles.<\/p>\n\n\n\n<figure class=\"wp-block-image size-large\"><img loading=\"lazy\" decoding=\"async\" width=\"585\" height=\"390\" src=\"http:\/\/vertienteglobal.com\/wp-content\/uploads\/2023\/03\/ML-MujeresEmpresarias-02-585x390-1.jpeg\" alt=\"\" class=\"wp-image-217249\" srcset=\"http:\/\/vertienteglobal.com\/wp-content\/uploads\/2023\/03\/ML-MujeresEmpresarias-02-585x390-1.jpeg 585w, http:\/\/vertienteglobal.com\/wp-content\/uploads\/2023\/03\/ML-MujeresEmpresarias-02-585x390-1-300x200.jpeg 300w, http:\/\/vertienteglobal.com\/wp-content\/uploads\/2023\/03\/ML-MujeresEmpresarias-02-585x390-1-150x100.jpeg 150w\" sizes=\"auto, (max-width: 585px) 100vw, 585px\" \/><\/figure>\n\n\n\n<figure class=\"wp-block-image size-large\"><img loading=\"lazy\" decoding=\"async\" width=\"585\" height=\"390\" src=\"http:\/\/vertienteglobal.com\/wp-content\/uploads\/2023\/03\/ML-MujeresEmpresarias-03-585x390-1.jpeg\" alt=\"\" class=\"wp-image-217250\" srcset=\"http:\/\/vertienteglobal.com\/wp-content\/uploads\/2023\/03\/ML-MujeresEmpresarias-03-585x390-1.jpeg 585w, http:\/\/vertienteglobal.com\/wp-content\/uploads\/2023\/03\/ML-MujeresEmpresarias-03-585x390-1-300x200.jpeg 300w, http:\/\/vertienteglobal.com\/wp-content\/uploads\/2023\/03\/ML-MujeresEmpresarias-03-585x390-1-150x100.jpeg 150w\" sizes=\"auto, (max-width: 585px) 100vw, 585px\" \/><\/figure>\n\n\n\n<figure class=\"wp-block-image size-large\"><img loading=\"lazy\" decoding=\"async\" width=\"585\" height=\"423\" src=\"http:\/\/vertienteglobal.com\/wp-content\/uploads\/2023\/03\/ML-MujeresEmpresarias-04-585x423-1.jpeg\" alt=\"\" class=\"wp-image-217251\" srcset=\"http:\/\/vertienteglobal.com\/wp-content\/uploads\/2023\/03\/ML-MujeresEmpresarias-04-585x423-1.jpeg 585w, http:\/\/vertienteglobal.com\/wp-content\/uploads\/2023\/03\/ML-MujeresEmpresarias-04-585x423-1-300x217.jpeg 300w, http:\/\/vertienteglobal.com\/wp-content\/uploads\/2023\/03\/ML-MujeresEmpresarias-04-585x423-1-150x108.jpeg 150w\" sizes=\"auto, (max-width: 585px) 100vw, 585px\" \/><\/figure>\n","protected":false},"excerpt":{"rendered":"<p>(Redacci\u00f3n) Asiste la Gobernadora del Estado, Mara Lezama a la toma de protesta de la nueva presidenta y consejo de la Asociaci\u00f3n Mexicana de Mujeres Empresarias, cap\u00edtulo Chetumal Chetumal, Quintana Roo 10 de marzo 2023.- Durante la toma de protesta de la presidenta y consejo de la Asociaci\u00f3n Mexicana de Mujeres Empresarias (Amexme) para el [&hellip;]<\/p>\n","protected":false},"author":1,"featured_media":217248,"comment_status":"open","ping_status":"open","sticky":false,"template":"","format":"standard","meta":{"footnotes":""},"categories":[3],"tags":[],"class_list":["post-217247","post","type-post","status-publish","format-standard","has-post-thumbnail","hentry","category-quintana-roo","entry","has-media"],"jetpack_featured_media_url":"http:\/\/vertienteglobal.com\/wp-content\/uploads\/2023\/03\/ML-MujeresEmpresarias-01.jpeg","_links":{"self":[{"href":"http:\/\/vertienteglobal.com\/index.php?rest_route=\/wp\/v2\/posts\/217247","targetHints":{"allow":["GET"]}}],"collection":[{"href":"http:\/\/vertienteglobal.com\/index.php?rest_route=\/wp\/v2\/posts"}],"about":[{"href":"http:\/\/vertienteglobal.com\/index.php?rest_route=\/wp\/v2\/types\/post"}],"author":[{"embeddable":true,"href":"http:\/\/vertienteglobal.com\/index.php?rest_route=\/wp\/v2\/users\/1"}],"replies":[{"embeddable":true,"href":"http:\/\/vertienteglobal.com\/index.php?rest_route=%2Fwp%2Fv2%2Fcomments&post=217247"}],"version-history":[{"count":0,"href":"http:\/\/vertienteglobal.com\/index.php?rest_route=\/wp\/v2\/posts\/217247\/revisions"}],"wp:featuredmedia":[{"embeddable":true,"href":"http:\/\/vertienteglobal.com\/index.php?rest_route=\/wp\/v2\/media\/217248"}],"wp:attachment":[{"href":"http:\/\/vertienteglobal.com\/index.php?rest_route=%2Fwp%2Fv2%2Fmedia&parent=217247"}],"wp:term":[{"taxonomy":"category","embeddable":true,"href":"http:\/\/vertienteglobal.com\/index.php?rest_route=%2Fwp%2Fv2%2Fcategories&post=217247"},{"taxonomy":"post_tag","embeddable":true,"href":"http:\/\/vertienteglobal.com\/index.php?rest_route=%2Fwp%2Fv2%2Ftags&post=217247"}],"curies":[{"name":"wp","href":"https:\/\/api.w.org\/{rel}","templated":true}]}}