{"id":217199,"date":"2023-03-10T15:52:00","date_gmt":"2023-03-10T21:52:00","guid":{"rendered":"http:\/\/vertienteglobal.com\/?p=217199"},"modified":"2023-03-10T16:14:52","modified_gmt":"2023-03-10T22:14:52","slug":"junto-con-las-comunidades-se-protege-el-patrimonio-cultural-de-quintana-roo","status":"publish","type":"post","link":"http:\/\/vertienteglobal.com\/?p=217199","title":{"rendered":"Junto con las comunidades se protege el patrimonio cultural de Quintana Roo"},"content":{"rendered":"\n<div class=\"twitterbutton\" style=\"float: right; padding-left: 5px;\"><a href=\"http:\/\/twitter.com\/share\" class=\"twitter-share-button\" data-count=\"horizontal\" data-text=\"Junto con las comunidades se protege el patrimonio cultural de Quintana Roo\" data-via=\"https:\/\/twitter.com\/VertienteGloba1\" data-url=\"http:\/\/vertienteglobal.com\/?p=217199\" data-lang=\"es\" data-related=\"Informaci\u00f3n general:S\u00edguenos para que est\u00e9ss informado\"><\/a><\/div>\n<figure class=\"wp-block-image size-large\"><img loading=\"lazy\" decoding=\"async\" width=\"1024\" height=\"682\" src=\"http:\/\/vertienteglobal.com\/wp-content\/uploads\/2023\/03\/Mara-Lezama-raices-mayas4-1024x682.jpeg\" alt=\"\" class=\"wp-image-217200\" srcset=\"http:\/\/vertienteglobal.com\/wp-content\/uploads\/2023\/03\/Mara-Lezama-raices-mayas4-1024x682.jpeg 1024w, http:\/\/vertienteglobal.com\/wp-content\/uploads\/2023\/03\/Mara-Lezama-raices-mayas4-300x200.jpeg 300w, http:\/\/vertienteglobal.com\/wp-content\/uploads\/2023\/03\/Mara-Lezama-raices-mayas4-150x100.jpeg 150w, http:\/\/vertienteglobal.com\/wp-content\/uploads\/2023\/03\/Mara-Lezama-raices-mayas4-768x512.jpeg 768w, http:\/\/vertienteglobal.com\/wp-content\/uploads\/2023\/03\/Mara-Lezama-raices-mayas4-1536x1023.jpeg 1536w, http:\/\/vertienteglobal.com\/wp-content\/uploads\/2023\/03\/Mara-Lezama-raices-mayas4.jpeg 1600w\" sizes=\"auto, (max-width: 1024px) 100vw, 1024px\" \/><\/figure>\n\n\n\n<p>(Redacci\u00f3n)<\/p>\n\n\n\n<p>La gobernadora de Quintana Roo, Mara Lezama entreg\u00f3 hoy apoyos por m\u00e1s de un mill\u00f3n de pesos para fortalecer 17 proyectos culturales de ra\u00edces mayas<\/p>\n\n\n\n<p>Chetumal, Quintana Roo 10 de marzo 2023.- En este gobierno humanista y progresista la cultura es fundamental y vamos apoyarla todos los d\u00edas, expres\u00f3 la gobernadora Mara Lezama Espinosa al entregar un mill\u00f3n cincuenta mil pesos en apoyos econ\u00f3micos a mujeres y hombres titulares de 17 proyectos ganadores del Programa de Acciones Culturales Multilingu\u0308es y Comunitarias (PACMyC) 2022 que son artesanos, productores de miel, medicina tradicional, baile folcl\u00f3rico regional.<\/p>\n\n\n\n<p>Destac\u00f3 la importancia que tiene para Quintana Roo la herencia cultural, la transmisi\u00f3n generacional de tradiciones y costumbres como el bordado a mano, hablar maya, el que existan parteras, que representa el Patrimonio Cultural que tiene que protegerse y que a trav\u00e9s de los recursos del Gobierno Federal con una aportaci\u00f3n del Gobierno del Estado se busca apoyar.<\/p>\n\n\n\n<p>\u201cLa cultura es una herramienta poderosa para construir un mejor futuro para todos los quintanarroenses\u201d dijo ante artesanas, artesanos, portadores de saberes originarios, que cuentan ya con recursos para continuar, fortalecer y proteger su patrimonio cultural.<\/p>\n\n\n\n<p>Acompa\u00f1ada de la directora del Instituto de la Cultura y las Artes Lilian Villanueva Chan, la titular del Ejecutivo precis\u00f3 que a trav\u00e9s del Nuevo Acuerdo por el Bienestar y Desarrollo de Quintana Roo se fortalecer\u00e1 el PACMyC para darle su valor a la cultura en justa dimensi\u00f3n y fomentar la prosperidad compartida en todos los rincones de nuestro estado.<\/p>\n\n\n\n<p>Inform\u00f3 que con el apoyo del Gobierno de M\u00e9xico las y los artesanos ya est\u00e1n comercializando a trav\u00e9s de Punto M\u00e9xico de la Secretar\u00eda de Turismo; adem\u00e1s, se gestionan m\u00e1s canales de venta para la miel, los productos de bejuco, de madera, de la marca Hecho en Quintana Roo. Pero, adem\u00e1s, se trabaja para que en cada estaci\u00f3n, en cada paradero del Tren Maya haya un punto de venta de productos quintanarroenses, de esas maravillas que elaboran las manos mayas y que debe conocer todo el mundo.<\/p>\n\n\n\n<p>En el evento, realizado en el Museo de la Cultura Maya, se inform\u00f3 que en esta edici\u00f3n se recibieron 36 proyectos de nueve municipios del estado, de los cuales 17 fueron dictaminados, ya que cumplen con las reglas de operaci\u00f3n e impactan directamente en mil 800 artesanos, portadores de saberes originarios.<\/p>\n\n\n\n<p>La convocatoria de 2022 se destin\u00f3 a ind\u00edgenas, afrodescendientes, grupos vulnerables y mestizos organizados en colectivos y gremios de creadores con proyectos impulsados por las comunidades y propuestas en rubros de cosmovisiones, pr\u00e1cticas de comunalidad, artes populares, culturas alimentarias, tecnolog\u00edas tradicionales, pedagog\u00edas comunitarias y protecci\u00f3n de derechos.<\/p>\n\n\n\n<p>Mara Lezama estuvo acompa\u00f1ada de la presidenta municipal de Oth\u00f3n P. Blanco Yensunni Mart\u00ednez; de la presidenta del DIF Quintana Roo Ver\u00f3nica Lezama; de la diputada federal Anah\u00ed Gonz\u00e1lez Hern\u00e1ndez, y del antrop\u00f3logo Andr\u00e9s Reyna Mart\u00ednez, encargado de la Unidad Regional Quintana Roo de Culturas Populares e Ind\u00edgenas, entre otros.<\/p>\n\n\n\n<figure class=\"wp-block-image size-large\"><img loading=\"lazy\" decoding=\"async\" width=\"1024\" height=\"683\" src=\"http:\/\/vertienteglobal.com\/wp-content\/uploads\/2023\/03\/FB_IMG_1678484226646-1024x683.jpg\" alt=\"\" class=\"wp-image-217201\" srcset=\"http:\/\/vertienteglobal.com\/wp-content\/uploads\/2023\/03\/FB_IMG_1678484226646-1024x683.jpg 1024w, http:\/\/vertienteglobal.com\/wp-content\/uploads\/2023\/03\/FB_IMG_1678484226646-300x200.jpg 300w, http:\/\/vertienteglobal.com\/wp-content\/uploads\/2023\/03\/FB_IMG_1678484226646-150x100.jpg 150w, http:\/\/vertienteglobal.com\/wp-content\/uploads\/2023\/03\/FB_IMG_1678484226646-768x512.jpg 768w, http:\/\/vertienteglobal.com\/wp-content\/uploads\/2023\/03\/FB_IMG_1678484226646.jpg 1080w\" sizes=\"auto, (max-width: 1024px) 100vw, 1024px\" \/><\/figure>\n\n\n\n<figure class=\"wp-block-image size-large\"><img loading=\"lazy\" decoding=\"async\" width=\"585\" height=\"878\" src=\"http:\/\/vertienteglobal.com\/wp-content\/uploads\/2023\/03\/Mara-Lezama-raices-mayas1-585x878-1.jpeg\" alt=\"\" class=\"wp-image-217202\" srcset=\"http:\/\/vertienteglobal.com\/wp-content\/uploads\/2023\/03\/Mara-Lezama-raices-mayas1-585x878-1.jpeg 585w, http:\/\/vertienteglobal.com\/wp-content\/uploads\/2023\/03\/Mara-Lezama-raices-mayas1-585x878-1-200x300.jpeg 200w, http:\/\/vertienteglobal.com\/wp-content\/uploads\/2023\/03\/Mara-Lezama-raices-mayas1-585x878-1-100x150.jpeg 100w\" sizes=\"auto, (max-width: 585px) 100vw, 585px\" \/><\/figure>\n\n\n\n<figure class=\"wp-block-image size-large\"><img loading=\"lazy\" decoding=\"async\" width=\"585\" height=\"390\" src=\"http:\/\/vertienteglobal.com\/wp-content\/uploads\/2023\/03\/Mara-Lezama-raices-mayas3-585x390-1.jpeg\" alt=\"\" class=\"wp-image-217203\" srcset=\"http:\/\/vertienteglobal.com\/wp-content\/uploads\/2023\/03\/Mara-Lezama-raices-mayas3-585x390-1.jpeg 585w, http:\/\/vertienteglobal.com\/wp-content\/uploads\/2023\/03\/Mara-Lezama-raices-mayas3-585x390-1-300x200.jpeg 300w, http:\/\/vertienteglobal.com\/wp-content\/uploads\/2023\/03\/Mara-Lezama-raices-mayas3-585x390-1-150x100.jpeg 150w\" sizes=\"auto, (max-width: 585px) 100vw, 585px\" \/><\/figure>\n\n\n\n<figure class=\"wp-block-image size-large\"><img loading=\"lazy\" decoding=\"async\" width=\"1024\" height=\"683\" src=\"http:\/\/vertienteglobal.com\/wp-content\/uploads\/2023\/03\/FB_IMG_1678484230578-1024x683.jpg\" alt=\"\" class=\"wp-image-217204\" srcset=\"http:\/\/vertienteglobal.com\/wp-content\/uploads\/2023\/03\/FB_IMG_1678484230578-1024x683.jpg 1024w, http:\/\/vertienteglobal.com\/wp-content\/uploads\/2023\/03\/FB_IMG_1678484230578-300x200.jpg 300w, http:\/\/vertienteglobal.com\/wp-content\/uploads\/2023\/03\/FB_IMG_1678484230578-150x100.jpg 150w, http:\/\/vertienteglobal.com\/wp-content\/uploads\/2023\/03\/FB_IMG_1678484230578-768x512.jpg 768w, http:\/\/vertienteglobal.com\/wp-content\/uploads\/2023\/03\/FB_IMG_1678484230578.jpg 1080w\" sizes=\"auto, (max-width: 1024px) 100vw, 1024px\" \/><\/figure>\n\n\n\n<figure class=\"wp-block-image size-large\"><img loading=\"lazy\" decoding=\"async\" width=\"585\" height=\"390\" src=\"http:\/\/vertienteglobal.com\/wp-content\/uploads\/2023\/03\/Mara-Lezama-raices-mayas2-585x390-1.jpeg\" alt=\"\" class=\"wp-image-217205\" srcset=\"http:\/\/vertienteglobal.com\/wp-content\/uploads\/2023\/03\/Mara-Lezama-raices-mayas2-585x390-1.jpeg 585w, http:\/\/vertienteglobal.com\/wp-content\/uploads\/2023\/03\/Mara-Lezama-raices-mayas2-585x390-1-300x200.jpeg 300w, http:\/\/vertienteglobal.com\/wp-content\/uploads\/2023\/03\/Mara-Lezama-raices-mayas2-585x390-1-150x100.jpeg 150w\" sizes=\"auto, (max-width: 585px) 100vw, 585px\" \/><\/figure>\n","protected":false},"excerpt":{"rendered":"<p>(Redacci\u00f3n) La gobernadora de Quintana Roo, Mara Lezama entreg\u00f3 hoy apoyos por m\u00e1s de un mill\u00f3n de pesos para fortalecer 17 proyectos culturales de ra\u00edces mayas Chetumal, Quintana Roo 10 de marzo 2023.- En este gobierno humanista y progresista la cultura es fundamental y vamos apoyarla todos los d\u00edas, expres\u00f3 la gobernadora Mara Lezama Espinosa [&hellip;]<\/p>\n","protected":false},"author":1,"featured_media":217200,"comment_status":"open","ping_status":"open","sticky":false,"template":"","format":"standard","meta":{"footnotes":""},"categories":[3],"tags":[],"class_list":["post-217199","post","type-post","status-publish","format-standard","has-post-thumbnail","hentry","category-quintana-roo","entry","has-media"],"jetpack_featured_media_url":"http:\/\/vertienteglobal.com\/wp-content\/uploads\/2023\/03\/Mara-Lezama-raices-mayas4.jpeg","_links":{"self":[{"href":"http:\/\/vertienteglobal.com\/index.php?rest_route=\/wp\/v2\/posts\/217199","targetHints":{"allow":["GET"]}}],"collection":[{"href":"http:\/\/vertienteglobal.com\/index.php?rest_route=\/wp\/v2\/posts"}],"about":[{"href":"http:\/\/vertienteglobal.com\/index.php?rest_route=\/wp\/v2\/types\/post"}],"author":[{"embeddable":true,"href":"http:\/\/vertienteglobal.com\/index.php?rest_route=\/wp\/v2\/users\/1"}],"replies":[{"embeddable":true,"href":"http:\/\/vertienteglobal.com\/index.php?rest_route=%2Fwp%2Fv2%2Fcomments&post=217199"}],"version-history":[{"count":0,"href":"http:\/\/vertienteglobal.com\/index.php?rest_route=\/wp\/v2\/posts\/217199\/revisions"}],"wp:featuredmedia":[{"embeddable":true,"href":"http:\/\/vertienteglobal.com\/index.php?rest_route=\/wp\/v2\/media\/217200"}],"wp:attachment":[{"href":"http:\/\/vertienteglobal.com\/index.php?rest_route=%2Fwp%2Fv2%2Fmedia&parent=217199"}],"wp:term":[{"taxonomy":"category","embeddable":true,"href":"http:\/\/vertienteglobal.com\/index.php?rest_route=%2Fwp%2Fv2%2Fcategories&post=217199"},{"taxonomy":"post_tag","embeddable":true,"href":"http:\/\/vertienteglobal.com\/index.php?rest_route=%2Fwp%2Fv2%2Ftags&post=217199"}],"curies":[{"name":"wp","href":"https:\/\/api.w.org\/{rel}","templated":true}]}}