{"id":217183,"date":"2023-03-10T14:19:00","date_gmt":"2023-03-10T20:19:00","guid":{"rendered":"http:\/\/vertienteglobal.com\/?p=217183"},"modified":"2023-03-10T14:34:24","modified_gmt":"2023-03-10T20:34:24","slug":"ricardo-arjona-se-presenta-hoy-en-cancun","status":"publish","type":"post","link":"http:\/\/vertienteglobal.com\/?p=217183","title":{"rendered":"Ricardo Arjona se presenta hoy en Canc\u00fan"},"content":{"rendered":"\n<div class=\"twitterbutton\" style=\"float: right; padding-left: 5px;\"><a href=\"http:\/\/twitter.com\/share\" class=\"twitter-share-button\" data-count=\"horizontal\" data-text=\"Ricardo Arjona se presenta hoy en Canc\u00fan\" data-via=\"https:\/\/twitter.com\/VertienteGloba1\" data-url=\"http:\/\/vertienteglobal.com\/?p=217183\" data-lang=\"es\" data-related=\"Informaci\u00f3n general:S\u00edguenos para que est\u00e9ss informado\"><\/a><\/div>\n<figure class=\"wp-block-image size-large\"><img loading=\"lazy\" decoding=\"async\" width=\"1024\" height=\"631\" src=\"http:\/\/vertienteglobal.com\/wp-content\/uploads\/2023\/03\/ricardo_arjona_2023.png_242310155-1024x631.png\" alt=\"\" class=\"wp-image-217184\" srcset=\"http:\/\/vertienteglobal.com\/wp-content\/uploads\/2023\/03\/ricardo_arjona_2023.png_242310155-1024x631.png 1024w, http:\/\/vertienteglobal.com\/wp-content\/uploads\/2023\/03\/ricardo_arjona_2023.png_242310155-300x185.png 300w, http:\/\/vertienteglobal.com\/wp-content\/uploads\/2023\/03\/ricardo_arjona_2023.png_242310155-150x93.png 150w, http:\/\/vertienteglobal.com\/wp-content\/uploads\/2023\/03\/ricardo_arjona_2023.png_242310155-768x474.png 768w, http:\/\/vertienteglobal.com\/wp-content\/uploads\/2023\/03\/ricardo_arjona_2023.png_242310155.png 1200w\" sizes=\"auto, (max-width: 1024px) 100vw, 1024px\" \/><\/figure>\n\n\n\n<p>(Redacci\u00f3n)<\/p>\n\n\n\n<p>Los boletos est\u00e1n a la venta a trav\u00e9s de la p\u00e1gina de boletea.com.mx las tiendas Bomssa Canc\u00fan <div><div>y la taquilla <\/div><\/div><\/p>\n\n\n\n<p>Canc\u00fan Quintana Roo 10 de marzo 2023.- El cantautor, Ricardo Arjona en su gira \u201cBlanco y Negro\u201d por M\u00e9xico, ofrecer\u00e1 hoy un concierto en el estadio de b\u00e9isbol \u201cBeto \u00c1vila\u201d en Canc\u00fan a las 21:00 horas.<\/p>\n\n\n\n<p>Y es que su gira est\u00e1 compuesta por m\u00e1s de 100 shows, que en 2022 registraron sold out y ahora hace escala en Canc\u00fan, donde Arjona presentar\u00e1 su nuevo material e interpretar\u00e1 sus grandes \u00e9xitos ante miles de seguidores.<\/p>\n\n\n\n<p>Cabe destacar que la gira \u201cBlanco y Negro\u201d, rebasa los 105 conciertos realizados en pa\u00edses de Europa y Am\u00e9rica Latina, as\u00ed como Estados Unidos, a los cuales han asistido m\u00e1s de un mill\u00f3n y medio de personas tan solo en 2022.<\/p>\n\n\n\n<p>Asimismo, el artista ha vendido m\u00e1s de 80 millones de copias de sus discos a lo largo de su carrera, que lo colocan como uno de los artistas m\u00e1s exitosos de Iberoam\u00e9rica, pues sus letras de amor y temas sociales le han permitido alcanzar la primera posici\u00f3n en el Billboard Top y obtener numerosos premios y galardones.<\/p>\n\n\n\n<p>Ahora con su \u00faltimo disco \u201cBlanco y Negro\u201d, el n\u00famero 16 de su carrera y que da t\u00edtulo a la gira, posee una est\u00e9tica de las que no se exigen en la industria actual al ser grabado en vivo, sin rebuscamientos tecnol\u00f3gicos y con instrumentos y equipos de los 60, combinando el estilo cl\u00e1sico de sus letras con una fusi\u00f3n de ritmos entre el pop, la balada rom\u00e1ntica, el tango, el jazz, el blues y el rock.<\/p>\n\n\n\n<p>Cabe destacar que los boletos est\u00e1n a la venta a trav\u00e9s de la p\u00e1gina de boletea.com.mx y las tiendas Bomssa Canc\u00fan, cuyos precios dependiendo de la ubicaci\u00f3n, oscilan entre 900 y cuatro mil pesos, m\u00e1s cargo por servicio y comisi\u00f3n por pago con tarjeta.<\/p>\n\n\n\n<figure class=\"wp-block-image size-large\"><img loading=\"lazy\" decoding=\"async\" width=\"773\" height=\"532\" src=\"http:\/\/vertienteglobal.com\/wp-content\/uploads\/2023\/03\/Ricardo-Arjona-en-Argentina-el-7-de-agosto..png\" alt=\"\" class=\"wp-image-217185\" srcset=\"http:\/\/vertienteglobal.com\/wp-content\/uploads\/2023\/03\/Ricardo-Arjona-en-Argentina-el-7-de-agosto..png 773w, http:\/\/vertienteglobal.com\/wp-content\/uploads\/2023\/03\/Ricardo-Arjona-en-Argentina-el-7-de-agosto.-300x206.png 300w, http:\/\/vertienteglobal.com\/wp-content\/uploads\/2023\/03\/Ricardo-Arjona-en-Argentina-el-7-de-agosto.-150x103.png 150w, http:\/\/vertienteglobal.com\/wp-content\/uploads\/2023\/03\/Ricardo-Arjona-en-Argentina-el-7-de-agosto.-768x529.png 768w\" sizes=\"auto, (max-width: 773px) 100vw, 773px\" \/><\/figure>\n\n\n\n<figure class=\"wp-block-image size-large\"><img loading=\"lazy\" decoding=\"async\" width=\"1024\" height=\"576\" src=\"http:\/\/vertienteglobal.com\/wp-content\/uploads\/2023\/03\/Ricardo-Arjona-1024x576-1.jpg\" alt=\"\" class=\"wp-image-217186\" srcset=\"http:\/\/vertienteglobal.com\/wp-content\/uploads\/2023\/03\/Ricardo-Arjona-1024x576-1.jpg 1024w, http:\/\/vertienteglobal.com\/wp-content\/uploads\/2023\/03\/Ricardo-Arjona-1024x576-1-300x169.jpg 300w, http:\/\/vertienteglobal.com\/wp-content\/uploads\/2023\/03\/Ricardo-Arjona-1024x576-1-150x84.jpg 150w, http:\/\/vertienteglobal.com\/wp-content\/uploads\/2023\/03\/Ricardo-Arjona-1024x576-1-768x432.jpg 768w\" sizes=\"auto, (max-width: 1024px) 100vw, 1024px\" \/><\/figure>\n","protected":false},"excerpt":{"rendered":"<p>(Redacci\u00f3n) Los boletos est\u00e1n a la venta a trav\u00e9s de la p\u00e1gina de boletea.com.mx las tiendas Bomssa Canc\u00fan y la taquilla Canc\u00fan Quintana Roo 10 de marzo 2023.- El cantautor, Ricardo Arjona en su gira \u201cBlanco y Negro\u201d por M\u00e9xico, ofrecer\u00e1 hoy un concierto en el estadio de b\u00e9isbol \u201cBeto \u00c1vila\u201d en Canc\u00fan a las [&hellip;]<\/p>\n","protected":false},"author":1,"featured_media":217184,"comment_status":"open","ping_status":"open","sticky":false,"template":"","format":"standard","meta":{"footnotes":""},"categories":[10,3],"tags":[],"class_list":["post-217183","post","type-post","status-publish","format-standard","has-post-thumbnail","hentry","category-espectaculos","category-quintana-roo","entry","has-media"],"jetpack_featured_media_url":"http:\/\/vertienteglobal.com\/wp-content\/uploads\/2023\/03\/ricardo_arjona_2023.png_242310155.png","_links":{"self":[{"href":"http:\/\/vertienteglobal.com\/index.php?rest_route=\/wp\/v2\/posts\/217183","targetHints":{"allow":["GET"]}}],"collection":[{"href":"http:\/\/vertienteglobal.com\/index.php?rest_route=\/wp\/v2\/posts"}],"about":[{"href":"http:\/\/vertienteglobal.com\/index.php?rest_route=\/wp\/v2\/types\/post"}],"author":[{"embeddable":true,"href":"http:\/\/vertienteglobal.com\/index.php?rest_route=\/wp\/v2\/users\/1"}],"replies":[{"embeddable":true,"href":"http:\/\/vertienteglobal.com\/index.php?rest_route=%2Fwp%2Fv2%2Fcomments&post=217183"}],"version-history":[{"count":0,"href":"http:\/\/vertienteglobal.com\/index.php?rest_route=\/wp\/v2\/posts\/217183\/revisions"}],"wp:featuredmedia":[{"embeddable":true,"href":"http:\/\/vertienteglobal.com\/index.php?rest_route=\/wp\/v2\/media\/217184"}],"wp:attachment":[{"href":"http:\/\/vertienteglobal.com\/index.php?rest_route=%2Fwp%2Fv2%2Fmedia&parent=217183"}],"wp:term":[{"taxonomy":"category","embeddable":true,"href":"http:\/\/vertienteglobal.com\/index.php?rest_route=%2Fwp%2Fv2%2Fcategories&post=217183"},{"taxonomy":"post_tag","embeddable":true,"href":"http:\/\/vertienteglobal.com\/index.php?rest_route=%2Fwp%2Fv2%2Ftags&post=217183"}],"curies":[{"name":"wp","href":"https:\/\/api.w.org\/{rel}","templated":true}]}}