{"id":216853,"date":"2023-03-08T12:34:00","date_gmt":"2023-03-08T18:34:00","guid":{"rendered":"http:\/\/vertienteglobal.com\/?p=216853"},"modified":"2023-03-08T13:30:35","modified_gmt":"2023-03-08T19:30:35","slug":"marybel-villegas-conmemora-con-amlo-en-palacio-nacional-el-dia-internacional-de-la-mujer","status":"publish","type":"post","link":"http:\/\/vertienteglobal.com\/?p=216853","title":{"rendered":"Marybel Villegas conmemora con AMLo en Palacio Nacional el D\u00eda Internacional de la Mujer"},"content":{"rendered":"\n<div class=\"twitterbutton\" style=\"float: right; padding-left: 5px;\"><a href=\"http:\/\/twitter.com\/share\" class=\"twitter-share-button\" data-count=\"horizontal\" data-text=\"Marybel Villegas conmemora con AMLo en Palacio Nacional el D\u00eda Internacional de...\" data-via=\"https:\/\/twitter.com\/VertienteGloba1\" data-url=\"http:\/\/vertienteglobal.com\/?p=216853\" data-lang=\"es\" data-related=\"Informaci\u00f3n general:S\u00edguenos para que est\u00e9ss informado\"><\/a><\/div>\n<figure class=\"wp-block-image size-large\"><img loading=\"lazy\" decoding=\"async\" width=\"1024\" height=\"768\" src=\"http:\/\/vertienteglobal.com\/wp-content\/uploads\/2023\/03\/FB_IMG_1678303693199.jpg\" alt=\"\" class=\"wp-image-216854\" srcset=\"http:\/\/vertienteglobal.com\/wp-content\/uploads\/2023\/03\/FB_IMG_1678303693199.jpg 1024w, http:\/\/vertienteglobal.com\/wp-content\/uploads\/2023\/03\/FB_IMG_1678303693199-300x225.jpg 300w, http:\/\/vertienteglobal.com\/wp-content\/uploads\/2023\/03\/FB_IMG_1678303693199-150x113.jpg 150w, http:\/\/vertienteglobal.com\/wp-content\/uploads\/2023\/03\/FB_IMG_1678303693199-768x576.jpg 768w\" sizes=\"auto, (max-width: 1024px) 100vw, 1024px\" \/><\/figure>\n\n\n\n<p>(Redacci\u00f3n)<\/p>\n\n\n\n<p>Se\u00f1al\u00f3 que actualmente se plantea la ruta para continuar trabajando por un mejor pa\u00eds para todas, tomando las riendas de la transformaci\u00f3n y contribuyendo para lograr el proyecto de naci\u00f3n que M\u00e9xico se merece<\/p>\n\n\n\n<p>Ciudad de M\u00e9xico, a 8 de Marzo de 2023.- La senadora de Morena por Quintana Roo, Marybel Villegas, asisti\u00f3 a la convivencia ofrecida en Palacio Nacional por el Presidente Andr\u00e9s Manuel L\u00f3pez Obrador, por la conmemoraci\u00f3n del D\u00eda Internacional de la Mujer.<\/p>\n\n\n\n<p>Este mi\u00e9rcoles la legisladora morenista se present\u00f3 en Palacio Nacional, atendiendo la invitaci\u00f3n del Presidente Andr\u00e9s Manuel L\u00f3pez Obrador, para conmemorar el D\u00eda Internacional de la Mujer junto a las mujeres que participan de la vida pol\u00edtica del pa\u00eds como diputadas, senadoras, gobernadoras y funcionarias p\u00fablicas.<\/p>\n\n\n\n<p>En este encuentro estuvo acompa\u00f1ada de la Gobernadora de Quintana Roo, Mara Lezama, con quien envi\u00f3 un mensaje a todas las quintanarroenses para reflexionar sobre lo que significa este d\u00eda y la continuaci\u00f3n de la lucha por los derechos de las mujeres.<\/p>\n\n\n\n<p>\u201cHoy, m\u00e1s mujeres ocupamos espacios de decisi\u00f3n. Nueve estados son gobernados por mujeres, algo que no hab\u00eda pasado nunca en nuestro pa\u00eds. Y en el Congreso, los gabinetes federales, estatales y municipales, y en las alcald\u00edas, tambi\u00e9n tenemos mayor representaci\u00f3n. Hoy m\u00e1s mujeres est\u00e1n dictando el rumbo de nuestro pa\u00eds\u201d, se\u00f1al\u00f3 Marybel.<\/p>\n\n\n\n<p>\u201cA\u00fan falta camino por recorrer, pero no podemos olvidar lo que hemos logrado. Que este d\u00eda nos sirva para hacer recordar que la lucha de nuestras antecesoras siempre ser\u00e1 nuestra inspiraci\u00f3n, y que nuestra lucha actual es para el bienestar de las nuevas generaciones\u201d, agreg\u00f3.<\/p>\n\n\n\n<p>Se\u00f1al\u00f3 que actualmente se plantea la ruta para continuar trabajando por un mejor pa\u00eds para todas, tomando las riendas de la transformaci\u00f3n y contribuyendo para lograr el proyecto de naci\u00f3n que M\u00e9xico se merece.<\/p>\n\n\n\n<p>En el encuentro tambi\u00e9n estuvo acompa\u00f1ada de la Jefa de Gobierno de la Ciudad de M\u00e9xico, Claudia Sheinbaum Pardo; la gobernadora de Baja California, Marina del Pilar \u00c1vila; la mandataria de Guerrero, Evelyn Salgado, compa\u00f1eras senadoras y diputadas, as\u00ed como secretarias del gabinete del Gobierno Federal.<\/p>\n\n\n\n<figure class=\"wp-block-image size-large\"><img loading=\"lazy\" decoding=\"async\" width=\"1024\" height=\"768\" src=\"http:\/\/vertienteglobal.com\/wp-content\/uploads\/2023\/03\/FB_IMG_1678303697236.jpg\" alt=\"\" class=\"wp-image-216855\" srcset=\"http:\/\/vertienteglobal.com\/wp-content\/uploads\/2023\/03\/FB_IMG_1678303697236.jpg 1024w, http:\/\/vertienteglobal.com\/wp-content\/uploads\/2023\/03\/FB_IMG_1678303697236-300x225.jpg 300w, http:\/\/vertienteglobal.com\/wp-content\/uploads\/2023\/03\/FB_IMG_1678303697236-150x113.jpg 150w, http:\/\/vertienteglobal.com\/wp-content\/uploads\/2023\/03\/FB_IMG_1678303697236-768x576.jpg 768w\" sizes=\"auto, (max-width: 1024px) 100vw, 1024px\" \/><\/figure>\n\n\n\n<figure class=\"wp-block-image size-large\"><img loading=\"lazy\" decoding=\"async\" width=\"1024\" height=\"768\" src=\"http:\/\/vertienteglobal.com\/wp-content\/uploads\/2023\/03\/FB_IMG_1678303701194.jpg\" alt=\"\" class=\"wp-image-216856\" srcset=\"http:\/\/vertienteglobal.com\/wp-content\/uploads\/2023\/03\/FB_IMG_1678303701194.jpg 1024w, http:\/\/vertienteglobal.com\/wp-content\/uploads\/2023\/03\/FB_IMG_1678303701194-300x225.jpg 300w, http:\/\/vertienteglobal.com\/wp-content\/uploads\/2023\/03\/FB_IMG_1678303701194-150x113.jpg 150w, http:\/\/vertienteglobal.com\/wp-content\/uploads\/2023\/03\/FB_IMG_1678303701194-768x576.jpg 768w\" sizes=\"auto, (max-width: 1024px) 100vw, 1024px\" \/><\/figure>\n\n\n\n<figure class=\"wp-block-image size-large\"><img loading=\"lazy\" decoding=\"async\" width=\"238\" height=\"391\" src=\"http:\/\/vertienteglobal.com\/wp-content\/uploads\/2023\/03\/FB_IMG_1678303705683.jpg\" alt=\"\" class=\"wp-image-216857\" srcset=\"http:\/\/vertienteglobal.com\/wp-content\/uploads\/2023\/03\/FB_IMG_1678303705683.jpg 238w, http:\/\/vertienteglobal.com\/wp-content\/uploads\/2023\/03\/FB_IMG_1678303705683-183x300.jpg 183w, http:\/\/vertienteglobal.com\/wp-content\/uploads\/2023\/03\/FB_IMG_1678303705683-91x150.jpg 91w\" sizes=\"auto, (max-width: 238px) 100vw, 238px\" \/><\/figure>\n","protected":false},"excerpt":{"rendered":"<p>(Redacci\u00f3n) Se\u00f1al\u00f3 que actualmente se plantea la ruta para continuar trabajando por un mejor pa\u00eds para todas, tomando las riendas de la transformaci\u00f3n y contribuyendo para lograr el proyecto de naci\u00f3n que M\u00e9xico se merece Ciudad de M\u00e9xico, a 8 de Marzo de 2023.- La senadora de Morena por Quintana Roo, Marybel Villegas, asisti\u00f3 a [&hellip;]<\/p>\n","protected":false},"author":1,"featured_media":216855,"comment_status":"open","ping_status":"open","sticky":false,"template":"","format":"standard","meta":{"footnotes":""},"categories":[8,3],"tags":[],"class_list":["post-216853","post","type-post","status-publish","format-standard","has-post-thumbnail","hentry","category-pais","category-quintana-roo","entry","has-media"],"jetpack_featured_media_url":"http:\/\/vertienteglobal.com\/wp-content\/uploads\/2023\/03\/FB_IMG_1678303697236.jpg","_links":{"self":[{"href":"http:\/\/vertienteglobal.com\/index.php?rest_route=\/wp\/v2\/posts\/216853","targetHints":{"allow":["GET"]}}],"collection":[{"href":"http:\/\/vertienteglobal.com\/index.php?rest_route=\/wp\/v2\/posts"}],"about":[{"href":"http:\/\/vertienteglobal.com\/index.php?rest_route=\/wp\/v2\/types\/post"}],"author":[{"embeddable":true,"href":"http:\/\/vertienteglobal.com\/index.php?rest_route=\/wp\/v2\/users\/1"}],"replies":[{"embeddable":true,"href":"http:\/\/vertienteglobal.com\/index.php?rest_route=%2Fwp%2Fv2%2Fcomments&post=216853"}],"version-history":[{"count":0,"href":"http:\/\/vertienteglobal.com\/index.php?rest_route=\/wp\/v2\/posts\/216853\/revisions"}],"wp:featuredmedia":[{"embeddable":true,"href":"http:\/\/vertienteglobal.com\/index.php?rest_route=\/wp\/v2\/media\/216855"}],"wp:attachment":[{"href":"http:\/\/vertienteglobal.com\/index.php?rest_route=%2Fwp%2Fv2%2Fmedia&parent=216853"}],"wp:term":[{"taxonomy":"category","embeddable":true,"href":"http:\/\/vertienteglobal.com\/index.php?rest_route=%2Fwp%2Fv2%2Fcategories&post=216853"},{"taxonomy":"post_tag","embeddable":true,"href":"http:\/\/vertienteglobal.com\/index.php?rest_route=%2Fwp%2Fv2%2Ftags&post=216853"}],"curies":[{"name":"wp","href":"https:\/\/api.w.org\/{rel}","templated":true}]}}