{"id":216818,"date":"2023-03-08T11:24:00","date_gmt":"2023-03-08T17:24:00","guid":{"rendered":"http:\/\/vertienteglobal.com\/?p=216818"},"modified":"2023-03-08T11:29:58","modified_gmt":"2023-03-08T17:29:58","slug":"no-vamos-a-detener-lo-que-marciano-dzul-inicio-con-tanto-amor-diego-castanon","status":"publish","type":"post","link":"http:\/\/vertienteglobal.com\/?p=216818","title":{"rendered":"No vamos a detener lo que Marciano Dzul inici\u00f3 con tanto amor: Diego Casta\u00f1\u00f3n"},"content":{"rendered":"\n<div class=\"twitterbutton\" style=\"float: right; padding-left: 5px;\"><a href=\"http:\/\/twitter.com\/share\" class=\"twitter-share-button\" data-count=\"horizontal\" data-text=\"No vamos a detener lo que Marciano Dzul inici\u00f3 con tanto amor: Diego Casta\u00f1\u00f3n\" data-via=\"https:\/\/twitter.com\/VertienteGloba1\" data-url=\"http:\/\/vertienteglobal.com\/?p=216818\" data-lang=\"es\" data-related=\"Informaci\u00f3n general:S\u00edguenos para que est\u00e9ss informado\"><\/a><\/div>\n<figure class=\"wp-block-image size-large\"><img loading=\"lazy\" decoding=\"async\" width=\"1024\" height=\"576\" src=\"http:\/\/vertienteglobal.com\/wp-content\/uploads\/2023\/03\/FB_IMG_1678295577885-1024x576.jpg\" alt=\"\" class=\"wp-image-216820\" srcset=\"http:\/\/vertienteglobal.com\/wp-content\/uploads\/2023\/03\/FB_IMG_1678295577885-1024x576.jpg 1024w, http:\/\/vertienteglobal.com\/wp-content\/uploads\/2023\/03\/FB_IMG_1678295577885-300x169.jpg 300w, http:\/\/vertienteglobal.com\/wp-content\/uploads\/2023\/03\/FB_IMG_1678295577885-150x84.jpg 150w, http:\/\/vertienteglobal.com\/wp-content\/uploads\/2023\/03\/FB_IMG_1678295577885-768x432.jpg 768w, http:\/\/vertienteglobal.com\/wp-content\/uploads\/2023\/03\/FB_IMG_1678295577885.jpg 1080w\" sizes=\"auto, (max-width: 1024px) 100vw, 1024px\" \/><\/figure>\n\n\n\n<p>(Redacci\u00f3n)<\/p>\n\n\n\n<p>Tulum, Quintana Roo a 8 de marzo de 2023.- Diego Casta\u00f1\u00f3n Trejo tom\u00f3 protesta este d\u00eda como Presidente Municipal de Tulum sucediendo as\u00ed a Marciano Dzul Caamal, quien lamentablemente falleci\u00f3 el fin de semana pasado.<\/p>\n\n\n\n<p>Fue en la Novena Sesi\u00f3n Extraordinaria, en donde el Cabildo de Tulum llam\u00f3 a Casta\u00f1\u00f3n Trejo, en t\u00e9rminos del art\u00edculo 97 y 99 fracci\u00f3n I de la Ley de los Municipios del Estado, y de manera consecutiva, le tom\u00f3 protesta como Presidente Municipal Constitucional conforme lo establece el art\u00edculo 15 del Reglamento Interior del Ayuntamiento del municipio de Tulum.<\/p>\n\n\n\n<p>Tras asumir la presidencia, Casta\u00f1on Trejo afirm\u00f3 que el proyecto de Dzul Caamal continuar\u00e1 y de forma paralela renunci\u00f3 al cargo de tesorero y tom\u00f3 protesta institucional.<\/p>\n\n\n\n<p>\u201cProtesto cumplir y hacer cumplir la Constituci\u00f3n Pol\u00edtica de los Estados Unidos Mexicanos, del Estado Libre y Soberano de Quintana Roo, las leyes que de ellas emanen, y los acuerdos de disposiciones dictados por el Ayuntamiento y desempe\u00f1ar leal y patri\u00f3ticamente el cargo de Presidente Municipal, mirando en todo por el bien y prosperidad de la Naci\u00f3n, del Estado de Quintana Roo, y de nuestro municipio de Tulum\u201d, dijo al tiempo de tomar protesta.<\/p>\n\n\n\n<p>La ceremonia cont\u00f3 con la presencia de la Lic. Ileana Canul de Dzul, quien continuar\u00eda al frente del DIF-Tulum.<\/p>\n\n\n\n<p>Con la toma de protesta efectuada hoy, son ocho los presidentes municipales que han ocupado el m\u00e1s alto cargo pol\u00edtico en Tulum desde el a\u00f1o 2009 al presente. Marciano Dzul Caamal fue el primero de ellos y logr\u00f3 la reelecci\u00f3n en 2021, en f\u00f3rmula con Casta\u00f1\u00f3n Trejo como suplente.<\/p>\n\n\n\n<p>En entrevista con medios de comunicaci\u00f3n, Casta\u00f1\u00f3n Trejo, ratific\u00f3 que el proyecto de Dzul Caamal continuar\u00e1.<\/p>\n\n\n\n<p>\u201cLos acuerdos van a seguir iguales. No va haber cambio en ninguna posici\u00f3n, nada m\u00e1s en la parte de tesorer\u00eda, y vamos a seguir caminando, vamos a seguir todos unidos y bueno, todo por Tulum. Este es el legado del presidente, es lo que nos dej\u00f3 y lo vamos a respetar\u201d, expres\u00f3.<\/p>\n\n\n\n<p>Agreg\u00f3 que durante esta encomienda continuar\u00e1 la regeneraci\u00f3n de la vida p\u00fablica de Tulum junto al Presidente de la Rep\u00fablica, Andr\u00e9s Manuel L\u00f3pez Obrador y la gobernadora Mara Lezama Espinosa.<\/p>\n\n\n\n<figure class=\"wp-block-image size-large\"><img loading=\"lazy\" decoding=\"async\" width=\"1024\" height=\"682\" src=\"http:\/\/vertienteglobal.com\/wp-content\/uploads\/2023\/03\/FB_IMG_1678295572720-1024x682.jpg\" alt=\"\" class=\"wp-image-216819\" srcset=\"http:\/\/vertienteglobal.com\/wp-content\/uploads\/2023\/03\/FB_IMG_1678295572720-1024x682.jpg 1024w, http:\/\/vertienteglobal.com\/wp-content\/uploads\/2023\/03\/FB_IMG_1678295572720-300x200.jpg 300w, http:\/\/vertienteglobal.com\/wp-content\/uploads\/2023\/03\/FB_IMG_1678295572720-150x100.jpg 150w, http:\/\/vertienteglobal.com\/wp-content\/uploads\/2023\/03\/FB_IMG_1678295572720-768x511.jpg 768w, http:\/\/vertienteglobal.com\/wp-content\/uploads\/2023\/03\/FB_IMG_1678295572720.jpg 1080w\" sizes=\"auto, (max-width: 1024px) 100vw, 1024px\" \/><\/figure>\n\n\n\n<figure class=\"wp-block-image size-large\"><img loading=\"lazy\" decoding=\"async\" width=\"1024\" height=\"682\" src=\"http:\/\/vertienteglobal.com\/wp-content\/uploads\/2023\/03\/FB_IMG_1678295581745-1024x682.jpg\" alt=\"\" class=\"wp-image-216821\" srcset=\"http:\/\/vertienteglobal.com\/wp-content\/uploads\/2023\/03\/FB_IMG_1678295581745-1024x682.jpg 1024w, http:\/\/vertienteglobal.com\/wp-content\/uploads\/2023\/03\/FB_IMG_1678295581745-300x200.jpg 300w, http:\/\/vertienteglobal.com\/wp-content\/uploads\/2023\/03\/FB_IMG_1678295581745-150x100.jpg 150w, http:\/\/vertienteglobal.com\/wp-content\/uploads\/2023\/03\/FB_IMG_1678295581745-768x511.jpg 768w, http:\/\/vertienteglobal.com\/wp-content\/uploads\/2023\/03\/FB_IMG_1678295581745.jpg 1080w\" sizes=\"auto, (max-width: 1024px) 100vw, 1024px\" \/><\/figure>\n\n\n\n<figure class=\"wp-block-image size-large\"><img loading=\"lazy\" decoding=\"async\" width=\"1024\" height=\"682\" src=\"http:\/\/vertienteglobal.com\/wp-content\/uploads\/2023\/03\/FB_IMG_1678295994225-1024x682.jpg\" alt=\"\" class=\"wp-image-216822\" srcset=\"http:\/\/vertienteglobal.com\/wp-content\/uploads\/2023\/03\/FB_IMG_1678295994225-1024x682.jpg 1024w, http:\/\/vertienteglobal.com\/wp-content\/uploads\/2023\/03\/FB_IMG_1678295994225-300x200.jpg 300w, http:\/\/vertienteglobal.com\/wp-content\/uploads\/2023\/03\/FB_IMG_1678295994225-150x100.jpg 150w, http:\/\/vertienteglobal.com\/wp-content\/uploads\/2023\/03\/FB_IMG_1678295994225-768x512.jpg 768w, http:\/\/vertienteglobal.com\/wp-content\/uploads\/2023\/03\/FB_IMG_1678295994225.jpg 1081w\" sizes=\"auto, (max-width: 1024px) 100vw, 1024px\" \/><\/figure>\n\n\n\n<figure class=\"wp-block-image size-large\"><img loading=\"lazy\" decoding=\"async\" width=\"1024\" height=\"575\" src=\"http:\/\/vertienteglobal.com\/wp-content\/uploads\/2023\/03\/FB_IMG_1678295999130-1024x575.jpg\" alt=\"\" class=\"wp-image-216823\" srcset=\"http:\/\/vertienteglobal.com\/wp-content\/uploads\/2023\/03\/FB_IMG_1678295999130-1024x575.jpg 1024w, http:\/\/vertienteglobal.com\/wp-content\/uploads\/2023\/03\/FB_IMG_1678295999130-300x168.jpg 300w, http:\/\/vertienteglobal.com\/wp-content\/uploads\/2023\/03\/FB_IMG_1678295999130-150x84.jpg 150w, http:\/\/vertienteglobal.com\/wp-content\/uploads\/2023\/03\/FB_IMG_1678295999130-768x431.jpg 768w, http:\/\/vertienteglobal.com\/wp-content\/uploads\/2023\/03\/FB_IMG_1678295999130.jpg 1080w\" sizes=\"auto, (max-width: 1024px) 100vw, 1024px\" \/><\/figure>\n\n\n\n<figure class=\"wp-block-image size-large\"><img loading=\"lazy\" decoding=\"async\" width=\"1024\" height=\"576\" src=\"http:\/\/vertienteglobal.com\/wp-content\/uploads\/2023\/03\/FB_IMG_1678296006912-1024x576.jpg\" alt=\"\" class=\"wp-image-216824\" srcset=\"http:\/\/vertienteglobal.com\/wp-content\/uploads\/2023\/03\/FB_IMG_1678296006912-1024x576.jpg 1024w, http:\/\/vertienteglobal.com\/wp-content\/uploads\/2023\/03\/FB_IMG_1678296006912-300x169.jpg 300w, http:\/\/vertienteglobal.com\/wp-content\/uploads\/2023\/03\/FB_IMG_1678296006912-150x84.jpg 150w, http:\/\/vertienteglobal.com\/wp-content\/uploads\/2023\/03\/FB_IMG_1678296006912-768x432.jpg 768w, http:\/\/vertienteglobal.com\/wp-content\/uploads\/2023\/03\/FB_IMG_1678296006912.jpg 1080w\" sizes=\"auto, (max-width: 1024px) 100vw, 1024px\" \/><\/figure>\n\n\n\n<figure class=\"wp-block-image size-large\"><img loading=\"lazy\" decoding=\"async\" width=\"1024\" height=\"682\" src=\"http:\/\/vertienteglobal.com\/wp-content\/uploads\/2023\/03\/FB_IMG_1678296010242-1024x682.jpg\" alt=\"\" class=\"wp-image-216825\" srcset=\"http:\/\/vertienteglobal.com\/wp-content\/uploads\/2023\/03\/FB_IMG_1678296010242-1024x682.jpg 1024w, http:\/\/vertienteglobal.com\/wp-content\/uploads\/2023\/03\/FB_IMG_1678296010242-300x200.jpg 300w, http:\/\/vertienteglobal.com\/wp-content\/uploads\/2023\/03\/FB_IMG_1678296010242-150x100.jpg 150w, http:\/\/vertienteglobal.com\/wp-content\/uploads\/2023\/03\/FB_IMG_1678296010242-768x512.jpg 768w, http:\/\/vertienteglobal.com\/wp-content\/uploads\/2023\/03\/FB_IMG_1678296010242.jpg 1081w\" sizes=\"auto, (max-width: 1024px) 100vw, 1024px\" \/><\/figure>\n","protected":false},"excerpt":{"rendered":"<p>(Redacci\u00f3n) Tulum, Quintana Roo a 8 de marzo de 2023.- Diego Casta\u00f1\u00f3n Trejo tom\u00f3 protesta este d\u00eda como Presidente Municipal de Tulum sucediendo as\u00ed a Marciano Dzul Caamal, quien lamentablemente falleci\u00f3 el fin de semana pasado. Fue en la Novena Sesi\u00f3n Extraordinaria, en donde el Cabildo de Tulum llam\u00f3 a Casta\u00f1\u00f3n Trejo, en t\u00e9rminos del [&hellip;]<\/p>\n","protected":false},"author":1,"featured_media":216819,"comment_status":"open","ping_status":"open","sticky":false,"template":"","format":"standard","meta":{"footnotes":""},"categories":[3],"tags":[],"class_list":["post-216818","post","type-post","status-publish","format-standard","has-post-thumbnail","hentry","category-quintana-roo","entry","has-media"],"jetpack_featured_media_url":"http:\/\/vertienteglobal.com\/wp-content\/uploads\/2023\/03\/FB_IMG_1678295572720.jpg","_links":{"self":[{"href":"http:\/\/vertienteglobal.com\/index.php?rest_route=\/wp\/v2\/posts\/216818","targetHints":{"allow":["GET"]}}],"collection":[{"href":"http:\/\/vertienteglobal.com\/index.php?rest_route=\/wp\/v2\/posts"}],"about":[{"href":"http:\/\/vertienteglobal.com\/index.php?rest_route=\/wp\/v2\/types\/post"}],"author":[{"embeddable":true,"href":"http:\/\/vertienteglobal.com\/index.php?rest_route=\/wp\/v2\/users\/1"}],"replies":[{"embeddable":true,"href":"http:\/\/vertienteglobal.com\/index.php?rest_route=%2Fwp%2Fv2%2Fcomments&post=216818"}],"version-history":[{"count":0,"href":"http:\/\/vertienteglobal.com\/index.php?rest_route=\/wp\/v2\/posts\/216818\/revisions"}],"wp:featuredmedia":[{"embeddable":true,"href":"http:\/\/vertienteglobal.com\/index.php?rest_route=\/wp\/v2\/media\/216819"}],"wp:attachment":[{"href":"http:\/\/vertienteglobal.com\/index.php?rest_route=%2Fwp%2Fv2%2Fmedia&parent=216818"}],"wp:term":[{"taxonomy":"category","embeddable":true,"href":"http:\/\/vertienteglobal.com\/index.php?rest_route=%2Fwp%2Fv2%2Fcategories&post=216818"},{"taxonomy":"post_tag","embeddable":true,"href":"http:\/\/vertienteglobal.com\/index.php?rest_route=%2Fwp%2Fv2%2Ftags&post=216818"}],"curies":[{"name":"wp","href":"https:\/\/api.w.org\/{rel}","templated":true}]}}