{"id":216695,"date":"2023-03-07T11:24:00","date_gmt":"2023-03-07T17:24:00","guid":{"rendered":"http:\/\/vertienteglobal.com\/?p=216695"},"modified":"2023-03-07T17:30:27","modified_gmt":"2023-03-07T23:30:27","slug":"rendira-protesta-diego-castanon-trejo-como-nuevo-presidente-municipal-de-tulum","status":"publish","type":"post","link":"http:\/\/vertienteglobal.com\/?p=216695","title":{"rendered":"Rendir\u00e1 protesta Diego Casta\u00f1on Trejo como nuevo presidente municipal de Tulum"},"content":{"rendered":"\n<div class=\"twitterbutton\" style=\"float: right; padding-left: 5px;\"><a href=\"http:\/\/twitter.com\/share\" class=\"twitter-share-button\" data-count=\"horizontal\" data-text=\"Rendir\u00e1 protesta Diego Casta\u00f1on Trejo como nuevo presidente municipal de Tulum\" data-via=\"https:\/\/twitter.com\/VertienteGloba1\" data-url=\"http:\/\/vertienteglobal.com\/?p=216695\" data-lang=\"es\" data-related=\"Informaci\u00f3n general:S\u00edguenos para que est\u00e9ss informado\"><\/a><\/div>\n<figure class=\"wp-block-image size-large\"><img loading=\"lazy\" decoding=\"async\" width=\"956\" height=\"673\" src=\"http:\/\/vertienteglobal.com\/wp-content\/uploads\/2023\/03\/FB_IMG_16782169921732.jpg\" alt=\"\" class=\"wp-image-216696\" srcset=\"http:\/\/vertienteglobal.com\/wp-content\/uploads\/2023\/03\/FB_IMG_16782169921732.jpg 956w, http:\/\/vertienteglobal.com\/wp-content\/uploads\/2023\/03\/FB_IMG_16782169921732-300x211.jpg 300w, http:\/\/vertienteglobal.com\/wp-content\/uploads\/2023\/03\/FB_IMG_16782169921732-150x106.jpg 150w, http:\/\/vertienteglobal.com\/wp-content\/uploads\/2023\/03\/FB_IMG_16782169921732-768x541.jpg 768w\" sizes=\"auto, (max-width: 956px) 100vw, 956px\" \/><\/figure>\n\n\n\n<p>(Redacci\u00f3n)<\/p>\n\n\n\n<p>Ser\u00e1 este mi\u00e9rcoles 8 de marzo cuando en sesi\u00f3n de cabildo tome protesta el suplente como edil<\/p>\n\n\n\n<p>Tulum, 07 de marzo 2023.-El Secretario del Ayuntamiento general, Jorge Portilla Manica, inform\u00f3 que ya se est\u00e1 alistando la sesi\u00f3n de Cabildo en la que Diego Casta\u00f1on Trejo, rinda protesta como presidente municipal de Tulum como lo indica el orden jur\u00eddico ante casos de ausencia definitiva de alg\u00fan miembro del ayuntamiento.<\/p>\n\n\n\n<p>Por lo que ser\u00e1 el d\u00eda de ma\u00f1ana mi\u00e9rcoles 8 de marzo a las 9:00 horas cu\u00e1ndo se estar\u00e1 realizando la sesi\u00f3n de Cabildo.<\/p>\n\n\n\n<p>Este mi\u00e9rcoles por la ma\u00f1ana tomar\u00e1 protesta Diego Casta\u00f1\u00f3n Trejo como alcalde de Tulum.<\/p>\n\n\n\n<p>Lo anterior de acuerdo al oficio enviado a los integrantes del cabildo tulumnense por parte de la Secretar\u00eda General, para convocar a la novena sesi\u00f3n extraordinaria que celebraran en la sede del Palacio Municipal.<\/p>\n\n\n\n<p>Dentro del orden del d\u00eda, est\u00e1 el \u201cacuerdo mediante el cual se llama al ciudadano Diego Casta\u00f1\u00f3n Trejo, para el ejercicio del cargo de Presidente Municipal del Ayuntamiento de Tulum, Quintana Roo, en suplencia del ciudadano Marciano Dzul Caamal, en t\u00e9rminos del articulo 97 y 99 fracci\u00f3n I de la Ley de los Municipios del Estado de Quintana Roo\u201d.<\/p>\n\n\n\n<p>El articulo 97 en su p\u00e1rrafo primero reza: En caso de falta absoluta de alg\u00fan miembro del Ayuntamiento, \u00e9ste llamar\u00e1 a los suplentes respectivos, quienes rendir\u00e1n la protesta y asumir\u00e1n el desempe\u00f1o del cargo.<\/p>\n\n\n\n<p>La fracci\u00f3n I del articulo 99 de la misma ley se\u00f1ala que \u201cSe entender\u00e1n por faltas absolutas, las siguientes: I.- El fallecimiento de un miembro del Ayuntamiento\u201d, que es el caso en la administraci\u00f3n municipal de Tulum.<\/p>\n\n\n\n<p>Cabe destacar que dentro de esa misma sesi\u00f3n, el nuevo presidente y el cabildo tomaran protesta al ciudadano Vicente Francisco Aldape Moncada como tesorero municipal de Tulum.<\/p>\n\n\n\n<p>La trayectoria de Diego Casta\u00f1on Trejo <\/p>\n\n\n\n<p>Diego Casta\u00f1\u00f3n en el 2021, por acuerdos entre Morena y el PVEM result\u00f3 elegido como presidente municipal suplente, y en la administraci\u00f3n fue integrado como tesorero municipal.<\/p>\n\n\n\n<p>Tambi\u00e9n fue director de Promoci\u00f3n Tur\u00edstica de Tulum hasta el 2018, y ocup\u00f3 el puesto de Tesorero del Gobierno Municipal de Tulum en el periodo 2021-2024.<\/p>\n\n\n\n<p>Ahora tras el deceso de Marciano Dzul Caamal, Casta\u00f1\u00f3n Trejo, tomar\u00e1 el puesto de Presidente Municipal de acuerdo con la Constituci\u00f3n Pol\u00edtica de Quintana Roo, que en su art\u00edculo 141 establece que ante la falta absoluta de alg\u00fan miembro de un Ayuntamiento, este llamar\u00e1 a los suplentes respectivos, quienes rendir\u00e1n la protesta y asumir\u00e1n el desempe\u00f1o del cargo.<\/p>\n","protected":false},"excerpt":{"rendered":"<p>(Redacci\u00f3n) Ser\u00e1 este mi\u00e9rcoles 8 de marzo cuando en sesi\u00f3n de cabildo tome protesta el suplente como edil Tulum, 07 de marzo 2023.-El Secretario del Ayuntamiento general, Jorge Portilla Manica, inform\u00f3 que ya se est\u00e1 alistando la sesi\u00f3n de Cabildo en la que Diego Casta\u00f1on Trejo, rinda protesta como presidente municipal de Tulum como lo [&hellip;]<\/p>\n","protected":false},"author":1,"featured_media":216696,"comment_status":"open","ping_status":"open","sticky":false,"template":"","format":"standard","meta":{"footnotes":""},"categories":[3],"tags":[],"class_list":["post-216695","post","type-post","status-publish","format-standard","has-post-thumbnail","hentry","category-quintana-roo","entry","has-media"],"jetpack_featured_media_url":"http:\/\/vertienteglobal.com\/wp-content\/uploads\/2023\/03\/FB_IMG_16782169921732.jpg","_links":{"self":[{"href":"http:\/\/vertienteglobal.com\/index.php?rest_route=\/wp\/v2\/posts\/216695","targetHints":{"allow":["GET"]}}],"collection":[{"href":"http:\/\/vertienteglobal.com\/index.php?rest_route=\/wp\/v2\/posts"}],"about":[{"href":"http:\/\/vertienteglobal.com\/index.php?rest_route=\/wp\/v2\/types\/post"}],"author":[{"embeddable":true,"href":"http:\/\/vertienteglobal.com\/index.php?rest_route=\/wp\/v2\/users\/1"}],"replies":[{"embeddable":true,"href":"http:\/\/vertienteglobal.com\/index.php?rest_route=%2Fwp%2Fv2%2Fcomments&post=216695"}],"version-history":[{"count":0,"href":"http:\/\/vertienteglobal.com\/index.php?rest_route=\/wp\/v2\/posts\/216695\/revisions"}],"wp:featuredmedia":[{"embeddable":true,"href":"http:\/\/vertienteglobal.com\/index.php?rest_route=\/wp\/v2\/media\/216696"}],"wp:attachment":[{"href":"http:\/\/vertienteglobal.com\/index.php?rest_route=%2Fwp%2Fv2%2Fmedia&parent=216695"}],"wp:term":[{"taxonomy":"category","embeddable":true,"href":"http:\/\/vertienteglobal.com\/index.php?rest_route=%2Fwp%2Fv2%2Fcategories&post=216695"},{"taxonomy":"post_tag","embeddable":true,"href":"http:\/\/vertienteglobal.com\/index.php?rest_route=%2Fwp%2Fv2%2Ftags&post=216695"}],"curies":[{"name":"wp","href":"https:\/\/api.w.org\/{rel}","templated":true}]}}