{"id":216670,"date":"2023-03-06T22:09:00","date_gmt":"2023-03-07T04:09:00","guid":{"rendered":"http:\/\/vertienteglobal.com\/?p=216670"},"modified":"2023-03-06T23:01:35","modified_gmt":"2023-03-07T05:01:35","slug":"descarta-samuel-garcia-buscar-la-presidencia-de-2024-tras-anuncio-de-tesla","status":"publish","type":"post","link":"http:\/\/vertienteglobal.com\/?p=216670","title":{"rendered":"Descarta Samuel Garc\u00eda buscar la Presidencia de 2024 tras anuncio de Tesla"},"content":{"rendered":"\n<div class=\"twitterbutton\" style=\"float: right; padding-left: 5px;\"><a href=\"http:\/\/twitter.com\/share\" class=\"twitter-share-button\" data-count=\"horizontal\" data-text=\"Descarta Samuel Garc\u00eda buscar la Presidencia de 2024 tras anuncio de Tesla\" data-via=\"https:\/\/twitter.com\/VertienteGloba1\" data-url=\"http:\/\/vertienteglobal.com\/?p=216670\" data-lang=\"es\" data-related=\"Informaci\u00f3n general:S\u00edguenos para que est\u00e9ss informado\"><\/a><\/div>\n<figure class=\"wp-block-image size-large\"><img loading=\"lazy\" decoding=\"async\" width=\"1024\" height=\"683\" src=\"http:\/\/vertienteglobal.com\/wp-content\/uploads\/2023\/03\/200519.jpg\" alt=\"\" class=\"wp-image-216671\" srcset=\"http:\/\/vertienteglobal.com\/wp-content\/uploads\/2023\/03\/200519.jpg 1024w, http:\/\/vertienteglobal.com\/wp-content\/uploads\/2023\/03\/200519-300x200.jpg 300w, http:\/\/vertienteglobal.com\/wp-content\/uploads\/2023\/03\/200519-150x100.jpg 150w, http:\/\/vertienteglobal.com\/wp-content\/uploads\/2023\/03\/200519-768x512.jpg 768w\" sizes=\"auto, (max-width: 1024px) 100vw, 1024px\" \/><\/figure>\n\n\n\n<p>)Redacci\u00f3n)<\/p>\n\n\n\n<p>Insisti\u00f3 en que no tiene planeado dejar el liderazgo del estado para lanzarse como candidato para las elecciones presidenciales de 2024<\/p>\n\n\n\n<p>Monterrey, Nuevo Le\u00f3n 06 de marzo 2023.-El gobernador de Nuevo Le\u00f3n, Samuel Garc\u00eda Sep\u00falveda , dijo este lunes que est\u00e1 m\u00e1s comprometido que nunca con la entidad, tras el anuncio de Tesla de instalar una gigaf\u00e1brica en el municipio de Santa Catarina, y descart\u00f3 &#8216; aventurarse&#8217; con una candidatura por la Presidencia.<\/p>\n\n\n\n<p>Garc\u00eda Sep\u00falveda reconoci\u00f3 que el anuncio de la &#8216;gigaplanta&#8217; de la empresa de veh\u00edculos el\u00e9ctricos del magnate Elon Musk y su intervenci\u00f3n en las negociaciones han catapultado su imagen a nivel nacional, pero reiter\u00f3 que por ahora no piensa m\u00e1s que en terminar su sexenio en el estado.<\/p>\n\n\n\n<p>&#8216;Yo ahora me siento mucho m\u00e1s comprometido a terminar, porque es una inversi\u00f3n (de Tesla) que son varias fases, la que ahora conocemos es la primera, pero son al menos tres fases&#8217;, afirm\u00f3 el gobernador de Movimiento Ciudadano.<\/p>\n\n\n\n<p>Insisti\u00f3 en que no tiene planeado dejar el liderazgo del estado para lanzarse como candidato para las elecciones presidenciales de 2024.<\/p>\n\n\n\n<p>&#8216;S\u00ed, tengo que estar aqu\u00ed al pendiente de que todo salga a la perfecci\u00f3n. Voy a terminar muy joven de 39 a\u00f1os. Entonces no hay ninguna prisa, menos ahorita que me toca el boom de Nuevo Le\u00f3n, pues ir a buscar algo; es una aventura que no voy a participar&#8217;, sostuvo.<\/p>\n\n\n\n<p>Al interior de las oficinas en Palacio de Gobierno en Monterrey, el gobernador se mostr\u00f3 confiado del legado que dejar\u00e1 en Nuevo Le\u00f3n.(Fuente:DM)<\/p>\n","protected":false},"excerpt":{"rendered":"<p>)Redacci\u00f3n) Insisti\u00f3 en que no tiene planeado dejar el liderazgo del estado para lanzarse como candidato para las elecciones presidenciales de 2024 Monterrey, Nuevo Le\u00f3n 06 de marzo 2023.-El gobernador de Nuevo Le\u00f3n, Samuel Garc\u00eda Sep\u00falveda , dijo este lunes que est\u00e1 m\u00e1s comprometido que nunca con la entidad, tras el anuncio de Tesla de [&hellip;]<\/p>\n","protected":false},"author":1,"featured_media":216671,"comment_status":"open","ping_status":"open","sticky":false,"template":"","format":"standard","meta":{"footnotes":""},"categories":[8],"tags":[],"class_list":["post-216670","post","type-post","status-publish","format-standard","has-post-thumbnail","hentry","category-pais","entry","has-media"],"jetpack_featured_media_url":"http:\/\/vertienteglobal.com\/wp-content\/uploads\/2023\/03\/200519.jpg","_links":{"self":[{"href":"http:\/\/vertienteglobal.com\/index.php?rest_route=\/wp\/v2\/posts\/216670","targetHints":{"allow":["GET"]}}],"collection":[{"href":"http:\/\/vertienteglobal.com\/index.php?rest_route=\/wp\/v2\/posts"}],"about":[{"href":"http:\/\/vertienteglobal.com\/index.php?rest_route=\/wp\/v2\/types\/post"}],"author":[{"embeddable":true,"href":"http:\/\/vertienteglobal.com\/index.php?rest_route=\/wp\/v2\/users\/1"}],"replies":[{"embeddable":true,"href":"http:\/\/vertienteglobal.com\/index.php?rest_route=%2Fwp%2Fv2%2Fcomments&post=216670"}],"version-history":[{"count":0,"href":"http:\/\/vertienteglobal.com\/index.php?rest_route=\/wp\/v2\/posts\/216670\/revisions"}],"wp:featuredmedia":[{"embeddable":true,"href":"http:\/\/vertienteglobal.com\/index.php?rest_route=\/wp\/v2\/media\/216671"}],"wp:attachment":[{"href":"http:\/\/vertienteglobal.com\/index.php?rest_route=%2Fwp%2Fv2%2Fmedia&parent=216670"}],"wp:term":[{"taxonomy":"category","embeddable":true,"href":"http:\/\/vertienteglobal.com\/index.php?rest_route=%2Fwp%2Fv2%2Fcategories&post=216670"},{"taxonomy":"post_tag","embeddable":true,"href":"http:\/\/vertienteglobal.com\/index.php?rest_route=%2Fwp%2Fv2%2Ftags&post=216670"}],"curies":[{"name":"wp","href":"https:\/\/api.w.org\/{rel}","templated":true}]}}