{"id":216646,"date":"2023-03-06T12:46:00","date_gmt":"2023-03-06T18:46:00","guid":{"rendered":"http:\/\/vertienteglobal.com\/?p=216646"},"modified":"2023-03-06T21:48:10","modified_gmt":"2023-03-07T03:48:10","slug":"la-fpmc-ensena-a-los-ninos-y-ninas-sobre-la-proteccion-de-las-aves","status":"publish","type":"post","link":"http:\/\/vertienteglobal.com\/?p=216646","title":{"rendered":"La FPMC ense\u00f1a a los ni\u00f1os y ni\u00f1as sobre la protecci\u00f3n de las aves"},"content":{"rendered":"\n<div class=\"twitterbutton\" style=\"float: right; padding-left: 5px;\"><a href=\"http:\/\/twitter.com\/share\" class=\"twitter-share-button\" data-count=\"horizontal\" data-text=\"La FPMC ense\u00f1a a los ni\u00f1os y ni\u00f1as sobre la protecci\u00f3n de las aves\" data-via=\"https:\/\/twitter.com\/VertienteGloba1\" data-url=\"http:\/\/vertienteglobal.com\/?p=216646\" data-lang=\"es\" data-related=\"Informaci\u00f3n general:S\u00edguenos para que est\u00e9ss informado\"><\/a><\/div>\n<figure class=\"wp-block-image size-large\"><img loading=\"lazy\" decoding=\"async\" width=\"1024\" height=\"768\" src=\"http:\/\/vertienteglobal.com\/wp-content\/uploads\/2023\/03\/FPMC-aves1-1024x768.jpeg\" alt=\"\" class=\"wp-image-216647\" srcset=\"http:\/\/vertienteglobal.com\/wp-content\/uploads\/2023\/03\/FPMC-aves1-1024x768.jpeg 1024w, http:\/\/vertienteglobal.com\/wp-content\/uploads\/2023\/03\/FPMC-aves1-300x225.jpeg 300w, http:\/\/vertienteglobal.com\/wp-content\/uploads\/2023\/03\/FPMC-aves1-150x113.jpeg 150w, http:\/\/vertienteglobal.com\/wp-content\/uploads\/2023\/03\/FPMC-aves1-768x576.jpeg 768w, http:\/\/vertienteglobal.com\/wp-content\/uploads\/2023\/03\/FPMC-aves1-1536x1152.jpeg 1536w, http:\/\/vertienteglobal.com\/wp-content\/uploads\/2023\/03\/FPMC-aves1.jpeg 1600w\" sizes=\"auto, (max-width: 1024px) 100vw, 1024px\" \/><\/figure>\n\n\n\n<p>(Redacci\u00f3n)<\/p>\n\n\n\n<p>Cozumel, Quintana Roo 06 de marzo 2023.- Para conmemorar el D\u00eda Mundial de la Vida Silvestre, la Fundaci\u00f3n de Parques y Museos de Cozumel (FPMC) imparti\u00f3 el taller \u201cConociendo a nuestras Aves\u201d con la participaci\u00f3n de 30 ni\u00f1as y ni\u00f1os, que se dieron cita en el BiblioAvi\u00f3n Gervasio para aprender acerca de la importancia ecol\u00f3gica que tiene la avifauna en la isla.<\/p>\n\n\n\n<p>Con el Nuevo Acuerdo por el Bienestar y Desarrollo, que lidera la gobernadora Mara Lezama Espinosa, se crean y garantizan espacios para que los infantes adquieran conocimientos y habilidades de manera divertida sobre diversos temas, tanto culturales, art\u00edsticas y ambientales, como es el caso de los talleres que se imparten en el BiblioAvi\u00f3n Gervasio, mencion\u00f3 Dianela Cervantes Chi, directora de Pedagog\u00eda y Asistencia Social (PAS).<\/p>\n\n\n\n<p>Los bi\u00f3logos del Centro de Conservaci\u00f3n y Educaci\u00f3n Ambiental (CCEA), Paulina Sabido Villanueva y Noel Rivas Camo, explicaron a las y los participantes que Cozumel es importante para el avifauna end\u00e9mica, residente y migratoria, debido a que encuentran alimentos y protecci\u00f3n en su paso por la isla, por lo que es la primera \u201cCiudad de las Aves\u201d en Latinoam\u00e9rica.<\/p>\n\n\n\n<p>Por su parte, Paulina Sabido, quien es la encargada del programa de monitoreo de aves, exhort\u00f3 a los ni\u00f1os y ni\u00f1as a proteger el h\u00e1bitat del avifauna, debido a que son especies importantes para el equilibrio ecol\u00f3gico de la isla, por ser considerados como uno de los principales dispersores de semilla, polinizadores y ayudan a controlar algunos insectos, adem\u00e1s que su diversidad, belleza y color son un atractivo para los turistas que vacacionan en Cozumel.<\/p>\n\n\n\n<p>Como parte de las actividades, realizaron un antifaz de ave con cartulina y colores, que se utiliz\u00f3 para el juego de migraci\u00f3n de aves, permiti\u00e9ndoles reconocer las amenazas y riesgos que enfrentan las aves cuando realizan viajes de cientos de kil\u00f3metros, como la deforestaci\u00f3n, veh\u00edculos a\u00e9reos, cables de electricidad, animales dom\u00e9sticos, colisiones en ventanas y fen\u00f3menos naturales, entre otros.<\/p>\n\n\n\n<p>Para finalizar, Dianela Cervantes Chi, directora de PAS, agradeci\u00f3 el apoyo del director de CCEA, Rafael Chac\u00f3n D\u00edaz, por trabajar coordinadamente para crear cambios de actitud y fomentar el inter\u00e9s por el cuidado de los recursos naturales de la isla, para propiciar que los ciudadanos se involucren en el cuidado del entorno y sean emp\u00e1ticos con las especies, principalmente por las aves de Cozumel.<\/p>\n\n\n\n<figure class=\"wp-block-image size-large\"><img loading=\"lazy\" decoding=\"async\" width=\"585\" height=\"439\" src=\"http:\/\/vertienteglobal.com\/wp-content\/uploads\/2023\/03\/FPMC-aves2-585x439-1.jpeg\" alt=\"\" class=\"wp-image-216648\" srcset=\"http:\/\/vertienteglobal.com\/wp-content\/uploads\/2023\/03\/FPMC-aves2-585x439-1.jpeg 585w, http:\/\/vertienteglobal.com\/wp-content\/uploads\/2023\/03\/FPMC-aves2-585x439-1-300x225.jpeg 300w, http:\/\/vertienteglobal.com\/wp-content\/uploads\/2023\/03\/FPMC-aves2-585x439-1-150x113.jpeg 150w\" sizes=\"auto, (max-width: 585px) 100vw, 585px\" \/><\/figure>\n\n\n\n<figure class=\"wp-block-image size-large\"><img loading=\"lazy\" decoding=\"async\" width=\"585\" height=\"439\" src=\"http:\/\/vertienteglobal.com\/wp-content\/uploads\/2023\/03\/FPMC-aves3-585x439-1.jpeg\" alt=\"\" class=\"wp-image-216649\" srcset=\"http:\/\/vertienteglobal.com\/wp-content\/uploads\/2023\/03\/FPMC-aves3-585x439-1.jpeg 585w, http:\/\/vertienteglobal.com\/wp-content\/uploads\/2023\/03\/FPMC-aves3-585x439-1-300x225.jpeg 300w, http:\/\/vertienteglobal.com\/wp-content\/uploads\/2023\/03\/FPMC-aves3-585x439-1-150x113.jpeg 150w\" sizes=\"auto, (max-width: 585px) 100vw, 585px\" \/><\/figure>\n","protected":false},"excerpt":{"rendered":"<p>(Redacci\u00f3n) Cozumel, Quintana Roo 06 de marzo 2023.- Para conmemorar el D\u00eda Mundial de la Vida Silvestre, la Fundaci\u00f3n de Parques y Museos de Cozumel (FPMC) imparti\u00f3 el taller \u201cConociendo a nuestras Aves\u201d con la participaci\u00f3n de 30 ni\u00f1as y ni\u00f1os, que se dieron cita en el BiblioAvi\u00f3n Gervasio para aprender acerca de la importancia [&hellip;]<\/p>\n","protected":false},"author":1,"featured_media":216647,"comment_status":"open","ping_status":"open","sticky":false,"template":"","format":"standard","meta":{"footnotes":""},"categories":[3],"tags":[],"class_list":["post-216646","post","type-post","status-publish","format-standard","has-post-thumbnail","hentry","category-quintana-roo","entry","has-media"],"jetpack_featured_media_url":"http:\/\/vertienteglobal.com\/wp-content\/uploads\/2023\/03\/FPMC-aves1.jpeg","_links":{"self":[{"href":"http:\/\/vertienteglobal.com\/index.php?rest_route=\/wp\/v2\/posts\/216646","targetHints":{"allow":["GET"]}}],"collection":[{"href":"http:\/\/vertienteglobal.com\/index.php?rest_route=\/wp\/v2\/posts"}],"about":[{"href":"http:\/\/vertienteglobal.com\/index.php?rest_route=\/wp\/v2\/types\/post"}],"author":[{"embeddable":true,"href":"http:\/\/vertienteglobal.com\/index.php?rest_route=\/wp\/v2\/users\/1"}],"replies":[{"embeddable":true,"href":"http:\/\/vertienteglobal.com\/index.php?rest_route=%2Fwp%2Fv2%2Fcomments&post=216646"}],"version-history":[{"count":0,"href":"http:\/\/vertienteglobal.com\/index.php?rest_route=\/wp\/v2\/posts\/216646\/revisions"}],"wp:featuredmedia":[{"embeddable":true,"href":"http:\/\/vertienteglobal.com\/index.php?rest_route=\/wp\/v2\/media\/216647"}],"wp:attachment":[{"href":"http:\/\/vertienteglobal.com\/index.php?rest_route=%2Fwp%2Fv2%2Fmedia&parent=216646"}],"wp:term":[{"taxonomy":"category","embeddable":true,"href":"http:\/\/vertienteglobal.com\/index.php?rest_route=%2Fwp%2Fv2%2Fcategories&post=216646"},{"taxonomy":"post_tag","embeddable":true,"href":"http:\/\/vertienteglobal.com\/index.php?rest_route=%2Fwp%2Fv2%2Ftags&post=216646"}],"curies":[{"name":"wp","href":"https:\/\/api.w.org\/{rel}","templated":true}]}}