{"id":216600,"date":"2023-03-06T15:51:00","date_gmt":"2023-03-06T21:51:00","guid":{"rendered":"http:\/\/vertienteglobal.com\/?p=216600"},"modified":"2023-03-06T21:16:18","modified_gmt":"2023-03-07T03:16:18","slug":"logra-fge-quintana-roo-la-detencion-de-169-personas-y-28-vinculaciones-a-proceso-en-la-semana-del-27-de-febrero-al-5-de-marzo","status":"publish","type":"post","link":"http:\/\/vertienteglobal.com\/?p=216600","title":{"rendered":"Logra FGE Quintana Roo la detenci\u00f3n de 169 personas y 28 vinculaciones a proceso en la semana del 27 de febrero al 5 de marzo"},"content":{"rendered":"\n<div class=\"twitterbutton\" style=\"float: right; padding-left: 5px;\"><a href=\"http:\/\/twitter.com\/share\" class=\"twitter-share-button\" data-count=\"horizontal\" data-text=\"Logra FGE Quintana Roo la detenci\u00f3n de 169 personas y 28 vinculaciones a proces...\" data-via=\"https:\/\/twitter.com\/VertienteGloba1\" data-url=\"http:\/\/vertienteglobal.com\/?p=216600\" data-lang=\"es\" data-related=\"Informaci\u00f3n general:S\u00edguenos para que est\u00e9ss informado\"><\/a><\/div>\n<figure class=\"wp-block-image size-large\"><img loading=\"lazy\" decoding=\"async\" width=\"692\" height=\"360\" src=\"http:\/\/vertienteglobal.com\/wp-content\/uploads\/2023\/03\/638C71AA-DB2D-4CD4-A9B9-5B6A9999EFB7-692x360-1.jpeg\" alt=\"\" class=\"wp-image-216601\" srcset=\"http:\/\/vertienteglobal.com\/wp-content\/uploads\/2023\/03\/638C71AA-DB2D-4CD4-A9B9-5B6A9999EFB7-692x360-1.jpeg 692w, http:\/\/vertienteglobal.com\/wp-content\/uploads\/2023\/03\/638C71AA-DB2D-4CD4-A9B9-5B6A9999EFB7-692x360-1-300x156.jpeg 300w, http:\/\/vertienteglobal.com\/wp-content\/uploads\/2023\/03\/638C71AA-DB2D-4CD4-A9B9-5B6A9999EFB7-692x360-1-150x78.jpeg 150w\" sizes=\"auto, (max-width: 692px) 100vw, 692px\" \/><\/figure>\n\n\n\n<p>(Redacci\u00f3n)<\/p>\n\n\n\n<p>Del total de las detenciones, 139 fueron en flagrancia, por lo que elementos de las polic\u00edas que operan en el Estado y 30 corresponden a cumplimiento de \u00f3rdenes de aprehensi\u00f3n<\/p>\n\n\n\n<p>Canc\u00fan, Quintana Roo 06 de marzo 2023.- El titular de la Fiscal\u00eda General del Estado, \u00d3scar Montes de Oca, inform\u00f3 que en la semana del 27 de febrero al 5 de marzo del a\u00f1o en curso, en colaboraci\u00f3n con el Grupo de Coordinaci\u00f3n para la Construcci\u00f3n de Paz y Seguridad de Quintana Roo, se logr\u00f3 la detenci\u00f3n de 169 personas y la vinculaci\u00f3n a proceso de 28 imputados, adem\u00e1s de que se realizaron 10 cateos.<\/p>\n\n\n\n<p>En rueda de prensa en materia de seguridad, el Fiscal General se\u00f1al\u00f3, acerca de las detenciones, que 139 fueron en flagrancia, por lo que elementos de las polic\u00edas que operan en el Estado los pusieron a disposici\u00f3n de la autoridad judicial, en tanto que 30 corresponden a cumplimiento de \u00f3rdenes de aprehensi\u00f3n.<\/p>\n\n\n\n<p>Entre los motivos de las detenciones est\u00e1n 35 por delitos contra la salud, 20 por robo, 12 por homicidio, uno por feminicidio y uno m\u00e1s por abuso sexual.<\/p>\n\n\n\n<p>Asimismo, la FGE Quintana Roo obtuvo 28 vinculaciones a proceso por delitos diversos; en 24 de estos casos se dict\u00f3 la medida cautelar de prisi\u00f3n preventiva; en la semana en menci\u00f3n tambi\u00e9n se llevaron a cabo 10 cateos.<\/p>\n\n\n\n<p>En otros temas, \u00d3scar Montes de Oca destac\u00f3 la inauguraci\u00f3n del Centro de Justicia para las Mujeres de Solidaridad. \u201cEs un gran logro para el Estado, gracias a las gestiones de la Gobernadora Mara Lezama se bajaron los recursos federales y est\u00e1 funcionando para atender a las mujeres que sean v\u00edctimas de delitos en Solidaridad, Puerto Morelos, Tulum y Cozumel\u201d.<\/p>\n\n\n\n<p>Agreg\u00f3 que igualmente ya se gestionaron recursos federales y se autoriz\u00f3 el Centro de Justicia para las Mujeres de Oth\u00f3n P. Blanco, en el que, como en los ya establecidos, se contar\u00e1 con profesionales en diversas disciplinas, para dar una atenci\u00f3n integral a la mujer y evitar la revictimizaci\u00f3n.<\/p>\n\n\n\n<p>De igual forma agreg\u00f3 que la Fiscal\u00eda firm\u00f3 un convenio con el Instituto Electoral de Quintana Roo (Ieqroo), para prevenir la violencia pol\u00edtica contras las mujeres en raz\u00f3n de g\u00e9nero, por lo que se contar\u00e1 con capacitaci\u00f3n para dar inicio a todas las carpetas de investigaci\u00f3n de mujeres que han denunciado este delito.<\/p>\n","protected":false},"excerpt":{"rendered":"<p>(Redacci\u00f3n) Del total de las detenciones, 139 fueron en flagrancia, por lo que elementos de las polic\u00edas que operan en el Estado y 30 corresponden a cumplimiento de \u00f3rdenes de aprehensi\u00f3n Canc\u00fan, Quintana Roo 06 de marzo 2023.- El titular de la Fiscal\u00eda General del Estado, \u00d3scar Montes de Oca, inform\u00f3 que en la semana [&hellip;]<\/p>\n","protected":false},"author":1,"featured_media":216601,"comment_status":"open","ping_status":"open","sticky":false,"template":"","format":"standard","meta":{"footnotes":""},"categories":[3],"tags":[],"class_list":["post-216600","post","type-post","status-publish","format-standard","has-post-thumbnail","hentry","category-quintana-roo","entry","has-media"],"jetpack_featured_media_url":"http:\/\/vertienteglobal.com\/wp-content\/uploads\/2023\/03\/638C71AA-DB2D-4CD4-A9B9-5B6A9999EFB7-692x360-1.jpeg","_links":{"self":[{"href":"http:\/\/vertienteglobal.com\/index.php?rest_route=\/wp\/v2\/posts\/216600","targetHints":{"allow":["GET"]}}],"collection":[{"href":"http:\/\/vertienteglobal.com\/index.php?rest_route=\/wp\/v2\/posts"}],"about":[{"href":"http:\/\/vertienteglobal.com\/index.php?rest_route=\/wp\/v2\/types\/post"}],"author":[{"embeddable":true,"href":"http:\/\/vertienteglobal.com\/index.php?rest_route=\/wp\/v2\/users\/1"}],"replies":[{"embeddable":true,"href":"http:\/\/vertienteglobal.com\/index.php?rest_route=%2Fwp%2Fv2%2Fcomments&post=216600"}],"version-history":[{"count":0,"href":"http:\/\/vertienteglobal.com\/index.php?rest_route=\/wp\/v2\/posts\/216600\/revisions"}],"wp:featuredmedia":[{"embeddable":true,"href":"http:\/\/vertienteglobal.com\/index.php?rest_route=\/wp\/v2\/media\/216601"}],"wp:attachment":[{"href":"http:\/\/vertienteglobal.com\/index.php?rest_route=%2Fwp%2Fv2%2Fmedia&parent=216600"}],"wp:term":[{"taxonomy":"category","embeddable":true,"href":"http:\/\/vertienteglobal.com\/index.php?rest_route=%2Fwp%2Fv2%2Fcategories&post=216600"},{"taxonomy":"post_tag","embeddable":true,"href":"http:\/\/vertienteglobal.com\/index.php?rest_route=%2Fwp%2Fv2%2Ftags&post=216600"}],"curies":[{"name":"wp","href":"https:\/\/api.w.org\/{rel}","templated":true}]}}