{"id":216525,"date":"2023-03-05T19:42:17","date_gmt":"2023-03-06T01:42:17","guid":{"rendered":"http:\/\/vertienteglobal.com\/?p=216525"},"modified":"2023-03-06T04:25:49","modified_gmt":"2023-03-06T10:25:49","slug":"logra-atenea-gomez-gran-poder-de-convocatoria-para-integrar-el-primer-cabildo-de-mujeres","status":"publish","type":"post","link":"http:\/\/vertienteglobal.com\/?p=216525","title":{"rendered":"Logra Atenea G\u00f3mez gran poder de convocatoria para integrar el Primer Cabildo de Mujeres"},"content":{"rendered":"\n<div class=\"twitterbutton\" style=\"float: right; padding-left: 5px;\"><a href=\"http:\/\/twitter.com\/share\" class=\"twitter-share-button\" data-count=\"horizontal\" data-text=\"Logra Atenea G\u00f3mez gran poder de convocatoria para integrar el Primer Cabildo d...\" data-via=\"https:\/\/twitter.com\/VertienteGloba1\" data-url=\"http:\/\/vertienteglobal.com\/?p=216525\" data-lang=\"es\" data-related=\"Informaci\u00f3n general:S\u00edguenos para que est\u00e9ss informado\"><\/a><\/div>\n<figure class=\"wp-block-image size-large\"><img loading=\"lazy\" decoding=\"async\" width=\"960\" height=\"720\" src=\"http:\/\/vertienteglobal.com\/wp-content\/uploads\/2023\/03\/FB_IMG_1678098093628.jpg\" alt=\"\" class=\"wp-image-216526\" srcset=\"http:\/\/vertienteglobal.com\/wp-content\/uploads\/2023\/03\/FB_IMG_1678098093628.jpg 960w, http:\/\/vertienteglobal.com\/wp-content\/uploads\/2023\/03\/FB_IMG_1678098093628-300x225.jpg 300w, http:\/\/vertienteglobal.com\/wp-content\/uploads\/2023\/03\/FB_IMG_1678098093628-150x113.jpg 150w, http:\/\/vertienteglobal.com\/wp-content\/uploads\/2023\/03\/FB_IMG_1678098093628-768x576.jpg 768w\" sizes=\"auto, (max-width: 960px) 100vw, 960px\" \/><\/figure>\n\n\n\n<p>(Redacci\u00f3n)<\/p>\n\n\n\n<p>El pr\u00f3ximo 8 de marzo se llevar\u00e1 a cabo la Primera Sesi\u00f3n de Cabildo de Mujeres, a partir de las cinco de la tarde en la Explanada Municipal, siendo esto un hecho hist\u00f3rico en todo el estado<\/p>\n\n\n\n<p>Isla Mujeres, 5 de marzo 2023.-La convocatoria para integrar el Primer Cabildo de Mujeres, result\u00f3 todo un \u00e9xito y despu\u00e9s de una deliberaci\u00f3n fueron seleccionadas 10 de 24 participantes.<\/p>\n\n\n\n<p>La presidenta municipal de Isla Mujeres, Atenea G\u00f3mez Ricalde, demostr\u00f3 un gran poder de convocatoria, ya que a trav\u00e9s de la Instancia Municipal de la Mujer que dirige Rita Herrera, se inscribieron cerca de 25 isle\u00f1as que se mostraron interesadas en integrar el Primer Cabildo y de esta forma seguir contribuyendo al empoderamiento de la mujer.<\/p>\n\n\n\n<p>De esta forma qued\u00f3 integrado el Primer Cabildo de Mujeres: Ana Laura Cauich Mart\u00ednez (conferencias nuevas masculinidadades), Juana Edith Garc\u00eda Covarrubias (Refugio para perros callejeros),<br>Glendy Rufina Yam Basto (mejoramiento de se\u00f1alamiento vial y seguridad en lugares p\u00fablicos),<br>Rosa Mar\u00eda Mendicuti Amaya (Afiliaci\u00f3n de las jugadoras a la Federaci\u00f3n Mexicana de Futbol 7), Rosi Natalia Cauich Mart\u00ednez (Incubadora de negocios para mujeres), Rosa Agustina Zapata Arias (Capacitaci\u00f3n con ludoteca para mujeres igualdad de g\u00e9nero ZC),<\/p>\n\n\n\n<p>Carmen Esperanza del Refugio Ch\u00e1vez Jim\u00e9nez (Ambulancia en la comunidad ZC), Celia Alicia Giorello Bustamante (Proyecto cultural y tur\u00edstico Leyenda del Pirata Mundaca y La Trigue\u00f1a),<br>Sara Guadalupe V\u00e1zquez Garc\u00eda (Mesas de Trabajo para apoyar a las vendedoras ambulantes de las playas), Isela Beatriz May Chan (Granja Familiar, Zona Agr\u00edcola).<\/p>\n\n\n\n<p>Cabe mencionar que hubieron participantes de todo el municipio, zona insular, continental y Francisco May.<\/p>\n\n\n\n<p>De las ganadoras, dos son de la Zona Continental y una de Francisco May. <\/p>\n\n\n\n<p>El pr\u00f3ximo 8 de marzo se llevar\u00e1 a cabo la Primera Sesi\u00f3n de Cabildo de Mujeres, a partir de las cinco de la tarde en la Explanada Municipal, siendo esto un hecho hist\u00f3rico en todo el estado.<\/p>\n\n\n\n<figure class=\"wp-block-image size-large\"><img loading=\"lazy\" decoding=\"async\" width=\"960\" height=\"584\" src=\"http:\/\/vertienteglobal.com\/wp-content\/uploads\/2023\/03\/FB_IMG_1678098098804.jpg\" alt=\"\" class=\"wp-image-216527\" srcset=\"http:\/\/vertienteglobal.com\/wp-content\/uploads\/2023\/03\/FB_IMG_1678098098804.jpg 960w, http:\/\/vertienteglobal.com\/wp-content\/uploads\/2023\/03\/FB_IMG_1678098098804-300x183.jpg 300w, http:\/\/vertienteglobal.com\/wp-content\/uploads\/2023\/03\/FB_IMG_1678098098804-150x91.jpg 150w, http:\/\/vertienteglobal.com\/wp-content\/uploads\/2023\/03\/FB_IMG_1678098098804-768x467.jpg 768w\" sizes=\"auto, (max-width: 960px) 100vw, 960px\" \/><\/figure>\n\n\n\n<figure class=\"wp-block-image size-large\"><img loading=\"lazy\" decoding=\"async\" width=\"960\" height=\"720\" src=\"http:\/\/vertienteglobal.com\/wp-content\/uploads\/2023\/03\/FB_IMG_1678098102780.jpg\" alt=\"\" class=\"wp-image-216528\" srcset=\"http:\/\/vertienteglobal.com\/wp-content\/uploads\/2023\/03\/FB_IMG_1678098102780.jpg 960w, http:\/\/vertienteglobal.com\/wp-content\/uploads\/2023\/03\/FB_IMG_1678098102780-300x225.jpg 300w, http:\/\/vertienteglobal.com\/wp-content\/uploads\/2023\/03\/FB_IMG_1678098102780-150x113.jpg 150w, http:\/\/vertienteglobal.com\/wp-content\/uploads\/2023\/03\/FB_IMG_1678098102780-768x576.jpg 768w\" sizes=\"auto, (max-width: 960px) 100vw, 960px\" \/><\/figure>\n\n\n\n<figure class=\"wp-block-image size-large\"><img loading=\"lazy\" decoding=\"async\" width=\"1024\" height=\"604\" src=\"http:\/\/vertienteglobal.com\/wp-content\/uploads\/2023\/03\/FB_IMG_1678098106565-1024x604.jpg\" alt=\"\" class=\"wp-image-216529\" srcset=\"http:\/\/vertienteglobal.com\/wp-content\/uploads\/2023\/03\/FB_IMG_1678098106565-1024x604.jpg 1024w, http:\/\/vertienteglobal.com\/wp-content\/uploads\/2023\/03\/FB_IMG_1678098106565-300x177.jpg 300w, http:\/\/vertienteglobal.com\/wp-content\/uploads\/2023\/03\/FB_IMG_1678098106565-150x88.jpg 150w, http:\/\/vertienteglobal.com\/wp-content\/uploads\/2023\/03\/FB_IMG_1678098106565-768x453.jpg 768w, http:\/\/vertienteglobal.com\/wp-content\/uploads\/2023\/03\/FB_IMG_1678098106565.jpg 1080w\" sizes=\"auto, (max-width: 1024px) 100vw, 1024px\" \/><\/figure>\n\n\n\n<figure class=\"wp-block-image size-large\"><img loading=\"lazy\" decoding=\"async\" width=\"1024\" height=\"768\" src=\"http:\/\/vertienteglobal.com\/wp-content\/uploads\/2023\/03\/FB_IMG_1678098110782-1024x768.jpg\" alt=\"\" class=\"wp-image-216530\" srcset=\"http:\/\/vertienteglobal.com\/wp-content\/uploads\/2023\/03\/FB_IMG_1678098110782-1024x768.jpg 1024w, http:\/\/vertienteglobal.com\/wp-content\/uploads\/2023\/03\/FB_IMG_1678098110782-300x225.jpg 300w, http:\/\/vertienteglobal.com\/wp-content\/uploads\/2023\/03\/FB_IMG_1678098110782-150x113.jpg 150w, http:\/\/vertienteglobal.com\/wp-content\/uploads\/2023\/03\/FB_IMG_1678098110782-768x576.jpg 768w, http:\/\/vertienteglobal.com\/wp-content\/uploads\/2023\/03\/FB_IMG_1678098110782.jpg 1080w\" sizes=\"auto, (max-width: 1024px) 100vw, 1024px\" \/><\/figure>\n","protected":false},"excerpt":{"rendered":"<p>(Redacci\u00f3n) El pr\u00f3ximo 8 de marzo se llevar\u00e1 a cabo la Primera Sesi\u00f3n de Cabildo de Mujeres, a partir de las cinco de la tarde en la Explanada Municipal, siendo esto un hecho hist\u00f3rico en todo el estado Isla Mujeres, 5 de marzo 2023.-La convocatoria para integrar el Primer Cabildo de Mujeres, result\u00f3 todo un [&hellip;]<\/p>\n","protected":false},"author":1,"featured_media":216526,"comment_status":"open","ping_status":"open","sticky":false,"template":"","format":"standard","meta":{"footnotes":""},"categories":[3],"tags":[],"class_list":["post-216525","post","type-post","status-publish","format-standard","has-post-thumbnail","hentry","category-quintana-roo","entry","has-media"],"jetpack_featured_media_url":"http:\/\/vertienteglobal.com\/wp-content\/uploads\/2023\/03\/FB_IMG_1678098093628.jpg","_links":{"self":[{"href":"http:\/\/vertienteglobal.com\/index.php?rest_route=\/wp\/v2\/posts\/216525","targetHints":{"allow":["GET"]}}],"collection":[{"href":"http:\/\/vertienteglobal.com\/index.php?rest_route=\/wp\/v2\/posts"}],"about":[{"href":"http:\/\/vertienteglobal.com\/index.php?rest_route=\/wp\/v2\/types\/post"}],"author":[{"embeddable":true,"href":"http:\/\/vertienteglobal.com\/index.php?rest_route=\/wp\/v2\/users\/1"}],"replies":[{"embeddable":true,"href":"http:\/\/vertienteglobal.com\/index.php?rest_route=%2Fwp%2Fv2%2Fcomments&post=216525"}],"version-history":[{"count":0,"href":"http:\/\/vertienteglobal.com\/index.php?rest_route=\/wp\/v2\/posts\/216525\/revisions"}],"wp:featuredmedia":[{"embeddable":true,"href":"http:\/\/vertienteglobal.com\/index.php?rest_route=\/wp\/v2\/media\/216526"}],"wp:attachment":[{"href":"http:\/\/vertienteglobal.com\/index.php?rest_route=%2Fwp%2Fv2%2Fmedia&parent=216525"}],"wp:term":[{"taxonomy":"category","embeddable":true,"href":"http:\/\/vertienteglobal.com\/index.php?rest_route=%2Fwp%2Fv2%2Fcategories&post=216525"},{"taxonomy":"post_tag","embeddable":true,"href":"http:\/\/vertienteglobal.com\/index.php?rest_route=%2Fwp%2Fv2%2Ftags&post=216525"}],"curies":[{"name":"wp","href":"https:\/\/api.w.org\/{rel}","templated":true}]}}